{"id":1007,"date":"2015-02-11T00:00:29","date_gmt":"2015-02-11T00:00:29","guid":{"rendered":"https:\/\/modul1flensburg.eu\/?p=1007"},"modified":"2015-02-11T00:00:29","modified_gmt":"2015-02-11T00:00:29","slug":"kunstlerischer-selbstversuch-zwischen-medien-privatheit-und-offentlichkeit","status":"publish","type":"post","link":"https:\/\/modul1flensburg.eu\/?p=1007","title":{"rendered":"K\u00fcnstlerischer Selbstversuch zwischen Medien, Privatheit und \u00d6ffentlichkeit"},"content":{"rendered":"<p><a href=\"https:\/\/modul1flensburg.eu\/wp-content\/uploads\/2015\/02\/K-S-Herr.png\"><img decoding=\"async\" loading=\"lazy\" class=\"alignleft size-full wp-image-1009\" alt=\"K-S Herr\" src=\"https:\/\/modul1flensburg.eu\/wp-content\/uploads\/2015\/02\/K-S-Herr.png\" width=\"238\" height=\"159\" \/><\/a><strong>F\u00fcr Ihre praktische Arbeit der Bachelorthesis unterzieht sich Katharina-Sophie Herr einem einw\u00f6chigen Selbstversuch im Modul 1.<\/strong> Worum geht es?\u00a0Technologien haben schon immer unsere Gesellschaft gepr\u00e4gt. In den letzten zwei Jahrzehnten hat sich unser Zusammenleben drastisch ver\u00e4ndert. Die Einf\u00fchrung der mobilen Kommunikationstechnologien haben einen neuen Interaktionsraum erschaffen.\u00a0Wir sind \u00fcberall erreichbar, geh\u00f6ren verschiedensten Gruppen an, f\u00fcr jede Lebenslage gibt es eine passende App und Informationen sind jeder Zeit abrufbereit. Unsere gesamte Kommunikationskultur hat sich ver\u00e4ndert.\u00a0Die Grenzen von Privatheit und \u00d6ffentlichkeit verwischen zwischen den Medien zusehends.<\/p>\n<p>Katharina-Sophie Herr wird auf jeden direkten zwischenmenschlichen Kontakt verzichten. &#8222;Findet mit mir heraus, ob sich die These von Sherry Turkle &#8218;Alone Together&#8216; bewahrheitet, schreibt sie. Und weiter: &#8222;Werft einen Blick in meinen gl\u00e4sernen Alltag, ohne Teil davon zu werden. Kommuniziere mit mir \u00fcber die neuen Medien. Befreunde Dich mit mir im sozialen Netzwerk, folge meinem Blog, twittere, whatsappe oder spiele mit mir online\u2026&#8220;<\/p>\n<p>Die Ausstellung findet vom 16.Februar bis zum 23.Februar 2015 \u00a0im Modul1, Rote Stra\u00dfe statt.<\/p>\n","protected":false},"excerpt":{"rendered":"<p>F\u00fcr Ihre praktische Arbeit der Bachelorthesis unterzieht sich Katharina-Sophie Herr einem einw\u00f6chigen Selbstversuch im Modul 1. Worum geht es?\u00a0Technologien haben schon immer unsere Gesellschaft gepr\u00e4gt. In den letzten zwei Jahrzehnten hat sich unser Zusammenleben drastisch ver\u00e4ndert. Die Einf\u00fchrung der mobilen Kommunikationstechnologien haben einen neuen Interaktionsraum erschaffen.\u00a0Wir sind \u00fcberall erreichbar, geh\u00f6ren verschiedensten Gruppen an, f\u00fcr jede [&hellip;]<\/p>\n","protected":false},"author":2,"featured_media":0,"comment_status":"closed","ping_status":"closed","sticky":false,"template":"","format":"standard","meta":[],"categories":[1,26],"tags":[27,19],"_links":{"self":[{"href":"https:\/\/modul1flensburg.eu\/index.php?rest_route=\/wp\/v2\/posts\/1007"}],"collection":[{"href":"https:\/\/modul1flensburg.eu\/index.php?rest_route=\/wp\/v2\/posts"}],"about":[{"href":"https:\/\/modul1flensburg.eu\/index.php?rest_route=\/wp\/v2\/types\/post"}],"author":[{"embeddable":true,"href":"https:\/\/modul1flensburg.eu\/index.php?rest_route=\/wp\/v2\/users\/2"}],"replies":[{"embeddable":true,"href":"https:\/\/modul1flensburg.eu\/index.php?rest_route=%2Fwp%2Fv2%2Fcomments&post=1007"}],"version-history":[{"count":6,"href":"https:\/\/modul1flensburg.eu\/index.php?rest_route=\/wp\/v2\/posts\/1007\/revisions"}],"predecessor-version":[{"id":1014,"href":"https:\/\/modul1flensburg.eu\/index.php?rest_route=\/wp\/v2\/posts\/1007\/revisions\/1014"}],"wp:attachment":[{"href":"https:\/\/modul1flensburg.eu\/index.php?rest_route=%2Fwp%2Fv2%2Fmedia&parent=1007"}],"wp:term":[{"taxonomy":"category","embeddable":true,"href":"https:\/\/modul1flensburg.eu\/index.php?rest_route=%2Fwp%2Fv2%2Fcategories&post=1007"},{"taxonomy":"post_tag","embeddable":true,"href":"https:\/\/modul1flensburg.eu\/index.php?rest_route=%2Fwp%2Fv2%2Ftags&post=1007"}],"curies":[{"name":"wp","href":"https:\/\/api.w.org\/{rel}","templated":true}]}}