{"id":1026,"date":"2015-04-21T23:09:48","date_gmt":"2015-04-21T23:09:48","guid":{"rendered":"https:\/\/modul1flensburg.eu\/?p=1026"},"modified":"2015-04-24T06:38:27","modified_gmt":"2015-04-24T06:38:27","slug":"karawane-der-zeit-im-modul1","status":"publish","type":"post","link":"https:\/\/modul1flensburg.eu\/?p=1026","title":{"rendered":"\u201eKarawane der Zeit\u201c  im Modul1"},"content":{"rendered":"<p><span style=\"color: #993300;\"><strong><a href=\"https:\/\/modul1flensburg.eu\/wp-content\/uploads\/2015\/04\/karawane-der-Zeit-Kopie.jpg\"><img decoding=\"async\" loading=\"lazy\" class=\"alignleft  wp-image-1028\" alt=\"karawane der Zeit Kopie\" src=\"https:\/\/modul1flensburg.eu\/wp-content\/uploads\/2015\/04\/karawane-der-Zeit-Kopie-726x1024.jpg\" width=\"262\" height=\"368\" \/><\/a>Am 24. April findet um 18.30 in der Roten Stra\u00dfe 17 ( Modul 1) in Flensburg die Er\u00f6ffnung der Ausstellung \u201eKarawane der Zeit\u201c statt. <\/strong>Es handelt sich hierbei um ein deutsch-russisches Projekt zweier Studentinnen der Europa Universit\u00e4t Flensburg und der Staatlichen Universit\u00e4t Sankt- Petersburg.<\/span><\/p>\n<p>Die Ausstellung \u201eKarawane der Zeit\u201c ist ein philosophischer Blick auf die Menschheit und die Welt, in der wir leben.Die K\u00fcnstlerinnen werden\u00a0 keramische Werke, Installationen und Foto-Collagen, die ihre Auffassung und das Verst\u00e4ndnis der modernen Welt widerspiegeln, vorstellen.\u00a0Ton ist lebendiges Material, das die Geschichte der Menschheit w\u00e4hrend der Jahrhunderte bewahrt hat. Die Fotografie, ist nur ein Blitz, ein kurzer Augenblick, der die Zeit anhalten will. Gerade diese zwei absolut verschiedenen\u00a0 Kunstarten k\u00f6nnen nach Meinung der K\u00fcnstlerinnen bestm\u00f6glich das Thema der globalen Ver\u00e4nderungen, die heute mit der Welt und den Menschen geschehen, wiedergeben. Die Ausstellung \u201eKarawane der Zeit\u201c soll zur St\u00e4rkung der kulturellen Beziehungen zwischen Sankt Petersburg und Flensburg beitragen.<\/p>\n<p><b>Vom 25. April bis 09. Mai 2015 ( werktags 15:00 bis 18:30 Uhr, samstags 11:00 bis 17:00 Uhr) ist die Ausstellung ge\u00f6ffnet.\u00a0<\/b><\/p>\n<p><em><span style=\"color: #808000;\">Maria Sofronova ist Kunststudentin der Staatlichen Universit\u00e4t Sankt Petersburg<\/span><\/em><br \/>\n<em><span style=\"color: #808000;\"> Natalia Arsenteva ist Kunststudentin der Europa-Universit\u00e4t Flensburg<\/span><\/em><\/p>\n","protected":false},"excerpt":{"rendered":"<p>Am 24. April findet um 18.30 in der Roten Stra\u00dfe 17 ( Modul 1) in Flensburg die Er\u00f6ffnung der Ausstellung \u201eKarawane der Zeit\u201c statt. Es handelt sich hierbei um ein deutsch-russisches Projekt zweier Studentinnen der Europa Universit\u00e4t Flensburg und der Staatlichen Universit\u00e4t Sankt- Petersburg. Die Ausstellung \u201eKarawane der Zeit\u201c ist ein philosophischer Blick auf die [&hellip;]<\/p>\n","protected":false},"author":2,"featured_media":0,"comment_status":"closed","ping_status":"closed","sticky":false,"template":"","format":"standard","meta":[],"categories":[26],"tags":[27,19],"_links":{"self":[{"href":"https:\/\/modul1flensburg.eu\/index.php?rest_route=\/wp\/v2\/posts\/1026"}],"collection":[{"href":"https:\/\/modul1flensburg.eu\/index.php?rest_route=\/wp\/v2\/posts"}],"about":[{"href":"https:\/\/modul1flensburg.eu\/index.php?rest_route=\/wp\/v2\/types\/post"}],"author":[{"embeddable":true,"href":"https:\/\/modul1flensburg.eu\/index.php?rest_route=\/wp\/v2\/users\/2"}],"replies":[{"embeddable":true,"href":"https:\/\/modul1flensburg.eu\/index.php?rest_route=%2Fwp%2Fv2%2Fcomments&post=1026"}],"version-history":[{"count":7,"href":"https:\/\/modul1flensburg.eu\/index.php?rest_route=\/wp\/v2\/posts\/1026\/revisions"}],"predecessor-version":[{"id":1034,"href":"https:\/\/modul1flensburg.eu\/index.php?rest_route=\/wp\/v2\/posts\/1026\/revisions\/1034"}],"wp:attachment":[{"href":"https:\/\/modul1flensburg.eu\/index.php?rest_route=%2Fwp%2Fv2%2Fmedia&parent=1026"}],"wp:term":[{"taxonomy":"category","embeddable":true,"href":"https:\/\/modul1flensburg.eu\/index.php?rest_route=%2Fwp%2Fv2%2Fcategories&post=1026"},{"taxonomy":"post_tag","embeddable":true,"href":"https:\/\/modul1flensburg.eu\/index.php?rest_route=%2Fwp%2Fv2%2Ftags&post=1026"}],"curies":[{"name":"wp","href":"https:\/\/api.w.org\/{rel}","templated":true}]}}