{"id":1080,"date":"2015-08-18T15:54:37","date_gmt":"2015-08-18T15:54:37","guid":{"rendered":"https:\/\/modul1flensburg.eu\/?p=1080"},"modified":"2015-08-20T07:20:39","modified_gmt":"2015-08-20T07:20:39","slug":"erfolgreiche-aartweek-nachschau-im-modul-1","status":"publish","type":"post","link":"https:\/\/modul1flensburg.eu\/?p=1080","title":{"rendered":"Erfolgreiche Artweek &#8211; Nachschau im Modul 1"},"content":{"rendered":"<div id=\"attachment_1082\" style=\"width: 210px\" class=\"wp-caption alignleft\"><a href=\"https:\/\/modul1flensburg.eu\/wp-content\/uploads\/2015\/08\/Screenshot-2015-08-18-17.36.14.png\"><img aria-describedby=\"caption-attachment-1082\" decoding=\"async\" loading=\"lazy\" class=\"wp-image-1082  \" alt=\"Screenshot 2015-08-18 17.36.14\" src=\"https:\/\/modul1flensburg.eu\/wp-content\/uploads\/2015\/08\/Screenshot-2015-08-18-17.36.14-300x295.png\" width=\"200\" height=\"196\" srcset=\"https:\/\/modul1flensburg.eu\/wp-content\/uploads\/2015\/08\/Screenshot-2015-08-18-17.36.14-300x295.png 300w, https:\/\/modul1flensburg.eu\/wp-content\/uploads\/2015\/08\/Screenshot-2015-08-18-17.36.14.png 510w\" sizes=\"(max-width: 200px) 100vw, 200px\" \/><\/a><p id=\"caption-attachment-1082\" class=\"wp-caption-text\">Foto:artweek<\/p><\/div>\n<p><strong><\/strong><span style=\"color: #993300;\">Dieses Jahr fand die <a href=\"https:\/\/www.artweek.dk\/startseite\"><span style=\"color: #993300;\">Aabenraa Artweek<\/span><\/a> 2015<\/span><span style=\"color: #993300;\">\u00a0 vom 06.-16. August mit einem \u00f6ffentlichen Programm wieder viel Aufmerksamkeit und Publikumszuspruch.<\/span> Im Rahmen ihrer &#8222;Sommertour 2015&#8220; besuchte auch die Ministerin\u00a0f\u00fcr Justiz, Kultur und Europa, <em>Anke Spoorendonk<\/em> die Veranstaltung und tausche sich mit den Kunst- und Kulturschaffenden aus. Die Korrespondenz mit ihrer Umgebung ist ein wesentliches Merkmal der Kunst im \u00f6ffentlichen Raum \u2013 so auch w\u00e4hrend der Aabenraa Artweek. In ausgew\u00e4hlten Stadtr\u00e4umen in Aabenraa, S\u00f8nderborg und Flensburg schufen K\u00fcnstlerInnen in ihren Aktionen Begegnungen mit der \u00d6ffentlichkeit.Bei der internationalen Aabenraa Artweek 2015 sind neun L\u00e4nder von drei Kontinenten pr\u00e4sentiert.\u00a0<strong>Die Ergebnisse der Artweek sind noch bis zum\u00a0<a href=\"x-apple-data-detectors:\/\/17\">30. August<\/a>\u00a0im Ausstellungsraum\u00a0<a href=\"x-apple-data-detectors:\/\/18\">am\u00a0Skr\u00e6nten 9 in Aabenraa<\/a>\u00a0zu sehen, \u00d6ffnungszeiten: t\u00e4glich\u00a0<a href=\"x-apple-data-detectors:\/\/19\">10 &#8211; 17 Uhr<\/a><\/strong>\u00a0.<\/p>\n<p><span style=\"color: #808000;\"><b> Das MODUL1 in der Roten Stra\u00dfe zeigt auf digitalen Bildschirmen Filmclips des Ereignisses.<\/b><\/span><\/p>\n<h1><\/h1>\n","protected":false},"excerpt":{"rendered":"<p>Dieses Jahr fand die Aabenraa Artweek 2015\u00a0 vom 06.-16. August mit einem \u00f6ffentlichen Programm wieder viel Aufmerksamkeit und Publikumszuspruch. Im Rahmen ihrer &#8222;Sommertour 2015&#8220; besuchte auch die Ministerin\u00a0f\u00fcr Justiz, Kultur und Europa, Anke Spoorendonk die Veranstaltung und tausche sich mit den Kunst- und Kulturschaffenden aus. Die Korrespondenz mit ihrer Umgebung ist ein wesentliches Merkmal der [&hellip;]<\/p>\n","protected":false},"author":2,"featured_media":0,"comment_status":"closed","ping_status":"closed","sticky":false,"template":"","format":"standard","meta":[],"categories":[1,26],"tags":[27,19],"_links":{"self":[{"href":"https:\/\/modul1flensburg.eu\/index.php?rest_route=\/wp\/v2\/posts\/1080"}],"collection":[{"href":"https:\/\/modul1flensburg.eu\/index.php?rest_route=\/wp\/v2\/posts"}],"about":[{"href":"https:\/\/modul1flensburg.eu\/index.php?rest_route=\/wp\/v2\/types\/post"}],"author":[{"embeddable":true,"href":"https:\/\/modul1flensburg.eu\/index.php?rest_route=\/wp\/v2\/users\/2"}],"replies":[{"embeddable":true,"href":"https:\/\/modul1flensburg.eu\/index.php?rest_route=%2Fwp%2Fv2%2Fcomments&post=1080"}],"version-history":[{"count":19,"href":"https:\/\/modul1flensburg.eu\/index.php?rest_route=\/wp\/v2\/posts\/1080\/revisions"}],"predecessor-version":[{"id":1094,"href":"https:\/\/modul1flensburg.eu\/index.php?rest_route=\/wp\/v2\/posts\/1080\/revisions\/1094"}],"wp:attachment":[{"href":"https:\/\/modul1flensburg.eu\/index.php?rest_route=%2Fwp%2Fv2%2Fmedia&parent=1080"}],"wp:term":[{"taxonomy":"category","embeddable":true,"href":"https:\/\/modul1flensburg.eu\/index.php?rest_route=%2Fwp%2Fv2%2Fcategories&post=1080"},{"taxonomy":"post_tag","embeddable":true,"href":"https:\/\/modul1flensburg.eu\/index.php?rest_route=%2Fwp%2Fv2%2Ftags&post=1080"}],"curies":[{"name":"wp","href":"https:\/\/api.w.org\/{rel}","templated":true}]}}