{"id":1103,"date":"2015-11-09T17:12:01","date_gmt":"2015-11-09T17:12:01","guid":{"rendered":"https:\/\/modul1flensburg.eu\/?p=1103"},"modified":"2015-11-09T17:12:26","modified_gmt":"2015-11-09T17:12:26","slug":"modul1-wird-zum-festivalburo-der-15-flensburger-kurzfilmtage","status":"publish","type":"post","link":"https:\/\/modul1flensburg.eu\/?p=1103","title":{"rendered":"MODUL1 wird zum Festivalb\u00fcro der 15. Flensburger Kurzfilmtage"},"content":{"rendered":"<p><span style=\"color: #993300;\">Die Flensburger Kurzfilmtage finden in diesem Jahr vom 18. bis 22. November im <a href=\"https:\/\/www.51stufen.de\">Kino 51 Stufen<\/a> statt.<\/span><\/p>\n<p>Wie in den vergangenen Jahren nutzen die Fachhochschule Flensburg, die Europa-Universit\u00e4t Flensburg und der Verein Flensburger Kurzfilmtage e.V. als Veranstalter das MODUL 1, um im Vorfeld \u00fcber das Programm zu informieren und Begeisterung f\u00fcr den Kurzfilm als kulturelles, k\u00fcnstlerisches und informatives Element zu wecken.\u00a0W\u00e4hrend des Festivals wird das MODUL 1 dann zum zentralen Treffpunkt und Lounge der Filmemacher und G\u00e4ste.<\/p>\n<p><span style=\"color: #808000;\">Vom 9. bis 21. November im MODUL 1:<\/span><br \/>\nKartenvorverkauf<br \/>\nProgramminformationen<br \/>\nInfos und Gespr\u00e4che<\/p>\n<p>\u00d6ffnungszeiten: Mo.-Fr. 10.00 bis 18.00 Uhr<br \/>\nSa. 10.00 bis 14.00 Uhr<\/p>\n<p><a href=\"https:\/\/modul1flensburg.eu\/wp-content\/uploads\/2015\/11\/Flensburger-Kurzfilm.png\"><img decoding=\"async\" loading=\"lazy\" class=\"wp-image-1105 alignnone\" alt=\"Flensburger Kurzfilm\" src=\"https:\/\/modul1flensburg.eu\/wp-content\/uploads\/2015\/11\/Flensburger-Kurzfilm-1024x222.png\" width=\"540\" height=\"117\" srcset=\"https:\/\/modul1flensburg.eu\/wp-content\/uploads\/2015\/11\/Flensburger-Kurzfilm-1024x222.png 1024w, https:\/\/modul1flensburg.eu\/wp-content\/uploads\/2015\/11\/Flensburger-Kurzfilm-300x65.png 300w, https:\/\/modul1flensburg.eu\/wp-content\/uploads\/2015\/11\/Flensburger-Kurzfilm.png 1199w\" sizes=\"(max-width: 540px) 100vw, 540px\" \/><\/a><\/p>\n<h2><\/h2>\n<p>&nbsp;<\/p>\n<h2><span style=\"color: #993300;\">Veranstaltungshinweis<\/span><\/h2>\n<p><a href=\"https:\/\/modul1flensburg.eu\/wp-content\/uploads\/2015\/11\/logo_kuko.png\"><img decoding=\"async\" loading=\"lazy\" class=\"alignleft  wp-image-1115\" alt=\"logo_kuko\" src=\"https:\/\/modul1flensburg.eu\/wp-content\/uploads\/2015\/11\/logo_kuko.png\" width=\"122\" height=\"68\" \/><\/a>In Kooperation mit der Abteilung Kunst&amp;visuelle Medien der Europa-Universit\u00e4t Flensburg, l\u00e4dt der Flensburger Kunstverein\u00a0KUNST&amp;CO zur\u00a0Ausstellungser\u00f6ffnung<b> \u201edreizehn. Kunst trifft Kunsthandwerk II\u201c<\/b> ein. Hierbei trifft\u00a0Kunsthandwerk auf experimentelle Kunstereignisse.\u00a0Acht Aussteller aus Deutschland und Norwegen pr\u00e4sentieren modernes Kunsthandwerk auf h\u00f6chstem Niveau. F\u00fcnf Kunststudierende haben den Part \u201eKunst\u201c \u00fcbernommen. Die Pr\u00e4sentation ihrer Werke steht im Dialog mit den kunsthandwerklichen Arbeiten. Die Ausstellungsbeteiligung der Studierenden setzt den Anfang einer gemeinsamen Kooperation der Abteilung Kunst der Universit\u00e4t mit dem Kunstverein.<\/p>\n<p><strong><span style=\"color: #808000;\">Ausstellungser\u00f6ffnung: Freitag, 13. November 2015 um 19.30 Uhr<\/span><\/strong><br \/>\n\u00d6ffnungszeiten: Freitag 17 \u2013 19 Uhr, Sonnabend + Sonntag 11 \u2013 16 Uhr<br \/>\nEintritt frei<\/p>\n<p>KUNST&amp;CO, Verein zur F\u00f6rderung der Kunst e.V.<br \/>\nKlostergang 8a<br \/>\n<a href=\"https:\/\/www.kunst-und-co.org\/index.php\">www.kunst-und-co.org<\/a>\u00a0 \u00a0 \u00a0 \u00a0 \u00a0 \u00a0 \u00a0 \u00a0 \u00a0 \u00a0 \u00a0 \u00a0 \u00a0 \u00a0 \u00a0 \u00a0 \u00a0 \u00a0 \u00a0 \u00a0 \u00a0 \u00a0 \u00a0 \u00a0 \u00a0 \u00a0 \u00a0 \u00a0 \u00a0 \u00a0 \u00a0 \u00a0 \u00a0 \u00a0 \u00a0 \u00a0 \u00a0 \u00a0 \u00a0 \u00a0 \u00a0 \u00a0 \u00a0 \u00a0<a href=\"mailto:kunstundco@posteo.de\"><br \/>\n<\/a><\/p>\n","protected":false},"excerpt":{"rendered":"<p>Die Flensburger Kurzfilmtage finden in diesem Jahr vom 18. bis 22. November im Kino 51 Stufen statt. Wie in den vergangenen Jahren nutzen die Fachhochschule Flensburg, die Europa-Universit\u00e4t Flensburg und der Verein Flensburger Kurzfilmtage e.V. als Veranstalter das MODUL 1, um im Vorfeld \u00fcber das Programm zu informieren und Begeisterung f\u00fcr den Kurzfilm als kulturelles, [&hellip;]<\/p>\n","protected":false},"author":2,"featured_media":0,"comment_status":"closed","ping_status":"closed","sticky":false,"template":"","format":"standard","meta":[],"categories":[1,26],"tags":[27,19],"_links":{"self":[{"href":"https:\/\/modul1flensburg.eu\/index.php?rest_route=\/wp\/v2\/posts\/1103"}],"collection":[{"href":"https:\/\/modul1flensburg.eu\/index.php?rest_route=\/wp\/v2\/posts"}],"about":[{"href":"https:\/\/modul1flensburg.eu\/index.php?rest_route=\/wp\/v2\/types\/post"}],"author":[{"embeddable":true,"href":"https:\/\/modul1flensburg.eu\/index.php?rest_route=\/wp\/v2\/users\/2"}],"replies":[{"embeddable":true,"href":"https:\/\/modul1flensburg.eu\/index.php?rest_route=%2Fwp%2Fv2%2Fcomments&post=1103"}],"version-history":[{"count":23,"href":"https:\/\/modul1flensburg.eu\/index.php?rest_route=\/wp\/v2\/posts\/1103\/revisions"}],"predecessor-version":[{"id":1128,"href":"https:\/\/modul1flensburg.eu\/index.php?rest_route=\/wp\/v2\/posts\/1103\/revisions\/1128"}],"wp:attachment":[{"href":"https:\/\/modul1flensburg.eu\/index.php?rest_route=%2Fwp%2Fv2%2Fmedia&parent=1103"}],"wp:term":[{"taxonomy":"category","embeddable":true,"href":"https:\/\/modul1flensburg.eu\/index.php?rest_route=%2Fwp%2Fv2%2Fcategories&post=1103"},{"taxonomy":"post_tag","embeddable":true,"href":"https:\/\/modul1flensburg.eu\/index.php?rest_route=%2Fwp%2Fv2%2Ftags&post=1103"}],"curies":[{"name":"wp","href":"https:\/\/api.w.org\/{rel}","templated":true}]}}