{"id":1135,"date":"2015-11-30T15:05:06","date_gmt":"2015-11-30T15:05:06","guid":{"rendered":"https:\/\/modul1flensburg.eu\/?p=1135"},"modified":"2015-11-30T15:07:20","modified_gmt":"2015-11-30T15:07:20","slug":"ein-voller-dezember-im-modul1","status":"publish","type":"post","link":"https:\/\/modul1flensburg.eu\/?p=1135","title":{"rendered":"Ein voller Dezember im MODUL1"},"content":{"rendered":"<p>&nbsp;<\/p>\n<p><strong>\u00a0<\/strong><strong><span style=\"color: #993300;\">&#8222;NEVER SAW YOU CRY&#8220;<a href=\"https:\/\/modul1flensburg.eu\/wp-content\/uploads\/2015\/11\/Screenshot-2015-11-30-15.31.46.png\"><img decoding=\"async\" loading=\"lazy\" class=\"alignright  wp-image-1137\" alt=\"Screenshot 2015-11-30 15.31.46\" src=\"https:\/\/modul1flensburg.eu\/wp-content\/uploads\/2015\/11\/Screenshot-2015-11-30-15.31.46-285x300.png\" width=\"227\" height=\"238\" srcset=\"https:\/\/modul1flensburg.eu\/wp-content\/uploads\/2015\/11\/Screenshot-2015-11-30-15.31.46-285x300.png 285w, https:\/\/modul1flensburg.eu\/wp-content\/uploads\/2015\/11\/Screenshot-2015-11-30-15.31.46-973x1024.png 973w, https:\/\/modul1flensburg.eu\/wp-content\/uploads\/2015\/11\/Screenshot-2015-11-30-15.31.46.png 1336w\" sizes=\"(max-width: 227px) 100vw, 227px\" \/><\/a><a href=\"https:\/\/modul1flensburg.eu\/wp-content\/uploads\/2015\/11\/Screenshot-2015-11-30-15.31.25.png\"><img decoding=\"async\" loading=\"lazy\" class=\"alignright  wp-image-1136\" alt=\"Screenshot 2015-11-30 15.31.25\" src=\"https:\/\/modul1flensburg.eu\/wp-content\/uploads\/2015\/11\/Screenshot-2015-11-30-15.31.25-156x300.png\" width=\"125\" height=\"240\" srcset=\"https:\/\/modul1flensburg.eu\/wp-content\/uploads\/2015\/11\/Screenshot-2015-11-30-15.31.25-156x300.png 156w, https:\/\/modul1flensburg.eu\/wp-content\/uploads\/2015\/11\/Screenshot-2015-11-30-15.31.25.png 516w\" sizes=\"(max-width: 125px) 100vw, 125px\" \/><\/a><\/span><\/strong><strong><\/strong><\/p>\n<p><strong><span style=\"color: #993300;\">Contemporary Concept<\/span><\/strong><\/p>\n<p><strong> <span style=\"color: #993300;\">Experimental Collaboration<\/span><br \/>\n<span style=\"color: #993300;\">Yilmazt\u00fcrk, Brockmann &amp; Petzinger<\/span><br \/>\n<span style=\"color: #993300;\">KULTURELLE ACHSE Nord\/S\u00fcd<\/span><br \/>\n<span style=\"color: #993300;\">Flensburg, M\u00fcnchen, Bursa (TR)<\/span><br \/>\n<span style=\"color: #993300;\">Gallery MODUL I<\/span><br \/>\n<span style=\"color: #993300;\">FL-GERMANY<\/span><br \/>\n<span style=\"color: #993300;\">29.11. \u2013 03.12.2015<\/span><\/strong><\/p>\n<p>&nbsp;<\/p>\n<p>G.G.M.Brockmann &#8211; ehemaliger Kunststudent der Universit\u00e4t Flensburg &#8211; zeigt in einer Kurz-Ausstellung im MODUL1 Ergebnisse einer &#8222;kulturellen Nord\/S\u00fcd Achse&#8220; Flensburg, M\u00fcnchen, Bursa. Eine Experimentelle Kooperation in einer zeitgen\u00f6ssischen Ausstellungssituation, weg vom \u201eZombie\u00a0Formalismus\u201c, hin zu einem neuen Richtungswechsel innerhalb der k\u00fcnstlerischen Morphologie. \u00dcber\u00a0unterschiedlichste Grenzen hinaus entstehen Werke in Zusammenarbeit und unter Ber\u00fccksichtigung\u00a0unterschiedlichster Disziplinen. Medien, Handwerk, Illustration, Materialien und die Verbindung der individuellen Produktion f\u00fchren zu einer neuen Ausdrucksweise. <a href=\"https:\/\/www.artprojectbrockmann.com\"><span style=\"color: #808000;\">&gt; Infos<\/span><\/a><\/p>\n<p>&nbsp;<\/p>\n<h2><span style=\"color: #993300;\">Villekula:Nikolausmarkt \/ 5. Dezember 2015<\/span><\/h2>\n<p><span style=\"color: #808000;\"><a href=\"https:\/\/modul1flensburg.eu\/wp-content\/uploads\/2015\/11\/Screenshot-2015-11-30-15.49.02.png\"><img decoding=\"async\" loading=\"lazy\" class=\"alignleft  wp-image-1150\" alt=\"Screenshot 2015-11-30 15.49.02\" src=\"https:\/\/modul1flensburg.eu\/wp-content\/uploads\/2015\/11\/Screenshot-2015-11-30-15.49.02-300x144.png\" width=\"147\" height=\"71\" srcset=\"https:\/\/modul1flensburg.eu\/wp-content\/uploads\/2015\/11\/Screenshot-2015-11-30-15.49.02-300x144.png 300w, https:\/\/modul1flensburg.eu\/wp-content\/uploads\/2015\/11\/Screenshot-2015-11-30-15.49.02.png 332w\" sizes=\"(max-width: 147px) 100vw, 147px\" \/><\/a>\u201eDen Villekula:Nikolausmarkt gibt es in diesem Jahr schon zum zweiten Mal. Er findet wie der Name schon sagt, immer kurz vor Nikolaus statt! <\/span>Der gemeinn\u00fctzige Verein Villekula e.V. mit dem Schwerpunkt der praktischen Gesundheitsbildung, stellt hier all die wunderbaren Dinge aus, die w\u00e4hrend des Gartenjahres<br \/>\nentstanden sind. Von eingelegten Kr\u00e4uter\u00f6len \u00fcber selbst gekochte Marmeladen, Feuerholz, Kr\u00e4utersalz und <!--more-->Fr\u00fchst\u00fccksbrettchen ist vieles zu bestaunen und f\u00fcr den guten Zweck zu erwerben! Jegliche Einnahmen des Marktes kommen zu 100% dem Verein und neuen Projekten zugute! Au\u00dferdem gibt es f\u00fcr den kleinen Hunger Kaffe, Tee, Apfelsaft und Waffeln. Die Kinder k\u00f6nnen Kr\u00e4nze binden w\u00e4hrend die Gro\u00dfen st\u00f6bern und Kl\u00f6nschnack halten! Die Ausstellung im MODUL1 wird der Abschluss des Gartenjahrs 2015. Von 10-15 Uhr ge\u00f6ffnet. MODUL1, Rote Stra\u00dfe 17, Flensburg. &gt;\u00a0<a href=\"https:\/\/www.villekula.de\"><span style=\"color: #808000;\">Mehr Infos auf www.villekula.de<\/span><\/a><\/p>\n<p><a href=\"https:\/\/modul1flensburg.eu\/wp-content\/uploads\/2015\/11\/Screenshot-2015-11-30-15.50.21.png\"><img decoding=\"async\" loading=\"lazy\" class=\"size-medium wp-image-1152 alignnone\" alt=\"Screenshot 2015-11-30 15.50.21\" src=\"https:\/\/modul1flensburg.eu\/wp-content\/uploads\/2015\/11\/Screenshot-2015-11-30-15.50.21-273x300.png\" width=\"273\" height=\"300\" srcset=\"https:\/\/modul1flensburg.eu\/wp-content\/uploads\/2015\/11\/Screenshot-2015-11-30-15.50.21-273x300.png 273w, https:\/\/modul1flensburg.eu\/wp-content\/uploads\/2015\/11\/Screenshot-2015-11-30-15.50.21-934x1024.png 934w, https:\/\/modul1flensburg.eu\/wp-content\/uploads\/2015\/11\/Screenshot-2015-11-30-15.50.21.png 1090w\" sizes=\"(max-width: 273px) 100vw, 273px\" \/><\/a><\/p>\n<p>&nbsp;<\/p>\n<p><strong><em id=\"__mceDel\"><em id=\"__mceDel\" style=\"font-size: 1.17em;\"><em id=\"__mceDel\" style=\"font-size: 1.17em;\"><span style=\"color: #008000;\">Hinweis: Weihnachtsbasar naht<\/span><\/em><\/em><\/em><\/strong><\/p>\n<p><span style=\"color: #008000;\">Der traditionelle Weihnachtsbasar der Abteilung Kunst &amp; Visuelle Medien geht wieder los. Dieses Jahr unter dem Namen \u201eNordlichter-Weihnachtsbasar\u201c vom 11.12.2015 bis zum 20.12.2015. Infos folgen.<\/span><\/p>\n","protected":false},"excerpt":{"rendered":"<p>&nbsp; \u00a0&#8222;NEVER SAW YOU CRY&#8220; Contemporary Concept Experimental Collaboration Yilmazt\u00fcrk, Brockmann &amp; Petzinger KULTURELLE ACHSE Nord\/S\u00fcd Flensburg, M\u00fcnchen, Bursa (TR) Gallery MODUL I FL-GERMANY 29.11. \u2013 03.12.2015 &nbsp; G.G.M.Brockmann &#8211; ehemaliger Kunststudent der Universit\u00e4t Flensburg &#8211; zeigt in einer Kurz-Ausstellung im MODUL1 Ergebnisse einer &#8222;kulturellen Nord\/S\u00fcd Achse&#8220; Flensburg, M\u00fcnchen, Bursa. Eine Experimentelle Kooperation in einer [&hellip;]<\/p>\n","protected":false},"author":2,"featured_media":0,"comment_status":"closed","ping_status":"closed","sticky":false,"template":"","format":"standard","meta":[],"categories":[1,26],"tags":[27,19],"_links":{"self":[{"href":"https:\/\/modul1flensburg.eu\/index.php?rest_route=\/wp\/v2\/posts\/1135"}],"collection":[{"href":"https:\/\/modul1flensburg.eu\/index.php?rest_route=\/wp\/v2\/posts"}],"about":[{"href":"https:\/\/modul1flensburg.eu\/index.php?rest_route=\/wp\/v2\/types\/post"}],"author":[{"embeddable":true,"href":"https:\/\/modul1flensburg.eu\/index.php?rest_route=\/wp\/v2\/users\/2"}],"replies":[{"embeddable":true,"href":"https:\/\/modul1flensburg.eu\/index.php?rest_route=%2Fwp%2Fv2%2Fcomments&post=1135"}],"version-history":[{"count":23,"href":"https:\/\/modul1flensburg.eu\/index.php?rest_route=\/wp\/v2\/posts\/1135\/revisions"}],"predecessor-version":[{"id":1164,"href":"https:\/\/modul1flensburg.eu\/index.php?rest_route=\/wp\/v2\/posts\/1135\/revisions\/1164"}],"wp:attachment":[{"href":"https:\/\/modul1flensburg.eu\/index.php?rest_route=%2Fwp%2Fv2%2Fmedia&parent=1135"}],"wp:term":[{"taxonomy":"category","embeddable":true,"href":"https:\/\/modul1flensburg.eu\/index.php?rest_route=%2Fwp%2Fv2%2Fcategories&post=1135"},{"taxonomy":"post_tag","embeddable":true,"href":"https:\/\/modul1flensburg.eu\/index.php?rest_route=%2Fwp%2Fv2%2Ftags&post=1135"}],"curies":[{"name":"wp","href":"https:\/\/api.w.org\/{rel}","templated":true}]}}