{"id":1166,"date":"2015-12-08T20:06:40","date_gmt":"2015-12-08T20:06:40","guid":{"rendered":"https:\/\/modul1flensburg.eu\/?p=1166"},"modified":"2015-12-08T20:06:40","modified_gmt":"2015-12-08T20:06:40","slug":"schone-dinge-furs-fest-im-modul1","status":"publish","type":"post","link":"https:\/\/modul1flensburg.eu\/?p=1166","title":{"rendered":"Sch\u00f6ne Dinge f\u00fcrs Fest im MODUL1"},"content":{"rendered":"<p><span style=\"color: #808000;\"><a href=\"https:\/\/modul1flensburg.eu\/wp-content\/uploads\/2015\/12\/Screenshot-2015-12-08-20.58.46.png\"><img decoding=\"async\" loading=\"lazy\" class=\"size-medium wp-image-1168 alignnone\" alt=\"Screenshot 2015-12-08 20.58.46\" src=\"https:\/\/modul1flensburg.eu\/wp-content\/uploads\/2015\/12\/Screenshot-2015-12-08-20.58.46-300x104.png\" width=\"300\" height=\"104\" srcset=\"https:\/\/modul1flensburg.eu\/wp-content\/uploads\/2015\/12\/Screenshot-2015-12-08-20.58.46-300x104.png 300w, https:\/\/modul1flensburg.eu\/wp-content\/uploads\/2015\/12\/Screenshot-2015-12-08-20.58.46-1024x355.png 1024w, https:\/\/modul1flensburg.eu\/wp-content\/uploads\/2015\/12\/Screenshot-2015-12-08-20.58.46.png 1100w\" sizes=\"(max-width: 300px) 100vw, 300px\" \/><\/a><\/span><\/p>\n<p><span style=\"color: #808000;\">Schon ab dem 23. November herrscht in Flensburg Weihnachtsstimmung. Seitdem duftet es in der\u00a0n\u00f6rdlichsten Stadt Deutschlands nach Punsch, Kakao, gebrannten Mandeln und leckeren\u00a0Brat\u00e4pfel.<\/span> Die Pl\u00e4tze und Stra\u00dfen der Altstadt sind festlich geschm\u00fcckt. Dazu geh\u00f6rt auch\u00a0der diesj\u00e4hrige <strong><span style=\"color: #993300;\">\u201eNordlichter Weihnachtsbasar\u201c<\/span><\/strong> der Europa-Universit\u00e4t Flensburg, welcher allj\u00e4hrlich\u00a0von Studenten des Instituts f\u00fcr \u00c4sthetisch-Kulturelle Bildung organisiert wird.\u00a0Der Basar mit sch\u00f6nen Dingen zum Fest findet in diesem Jahr vom <strong><span style=\"color: #993300;\">10.12. bis zum 19.12.2015<\/span><\/strong> statt. Der Veranstaltungsort\u00a0\u201eMODUL 1\u201c, inmitten der besonderen Atmosph\u00e4re der Roten Stra\u00dfe, bietet Raum\u00a0f\u00fcr Kunst- und Textilhandwerk\u00a0und kreatives aller Art. Der Gewinn\u00a0des Basars wird dieses Jahr an das Projekt \u201ePraxis ohne Grenzen\u201c der Disko\u00a0Flensburg gespendet.<\/p>\n<p><span style=\"color: #993300;\"><strong>Vernissage am Donnerstag, den 10.12.2015\u00a0um 19:00 Uhr im Modul 1, Rote Stra\u00dfe 17, 24937 Flensburg<\/strong><\/span><\/p>\n","protected":false},"excerpt":{"rendered":"<p>Schon ab dem 23. November herrscht in Flensburg Weihnachtsstimmung. Seitdem duftet es in der\u00a0n\u00f6rdlichsten Stadt Deutschlands nach Punsch, Kakao, gebrannten Mandeln und leckeren\u00a0Brat\u00e4pfel. Die Pl\u00e4tze und Stra\u00dfen der Altstadt sind festlich geschm\u00fcckt. Dazu geh\u00f6rt auch\u00a0der diesj\u00e4hrige \u201eNordlichter Weihnachtsbasar\u201c der Europa-Universit\u00e4t Flensburg, welcher allj\u00e4hrlich\u00a0von Studenten des Instituts f\u00fcr \u00c4sthetisch-Kulturelle Bildung organisiert wird.\u00a0Der Basar mit sch\u00f6nen Dingen [&hellip;]<\/p>\n","protected":false},"author":2,"featured_media":0,"comment_status":"closed","ping_status":"closed","sticky":false,"template":"","format":"standard","meta":[],"categories":[1,26],"tags":[27,19],"_links":{"self":[{"href":"https:\/\/modul1flensburg.eu\/index.php?rest_route=\/wp\/v2\/posts\/1166"}],"collection":[{"href":"https:\/\/modul1flensburg.eu\/index.php?rest_route=\/wp\/v2\/posts"}],"about":[{"href":"https:\/\/modul1flensburg.eu\/index.php?rest_route=\/wp\/v2\/types\/post"}],"author":[{"embeddable":true,"href":"https:\/\/modul1flensburg.eu\/index.php?rest_route=\/wp\/v2\/users\/2"}],"replies":[{"embeddable":true,"href":"https:\/\/modul1flensburg.eu\/index.php?rest_route=%2Fwp%2Fv2%2Fcomments&post=1166"}],"version-history":[{"count":13,"href":"https:\/\/modul1flensburg.eu\/index.php?rest_route=\/wp\/v2\/posts\/1166\/revisions"}],"predecessor-version":[{"id":1180,"href":"https:\/\/modul1flensburg.eu\/index.php?rest_route=\/wp\/v2\/posts\/1166\/revisions\/1180"}],"wp:attachment":[{"href":"https:\/\/modul1flensburg.eu\/index.php?rest_route=%2Fwp%2Fv2%2Fmedia&parent=1166"}],"wp:term":[{"taxonomy":"category","embeddable":true,"href":"https:\/\/modul1flensburg.eu\/index.php?rest_route=%2Fwp%2Fv2%2Fcategories&post=1166"},{"taxonomy":"post_tag","embeddable":true,"href":"https:\/\/modul1flensburg.eu\/index.php?rest_route=%2Fwp%2Fv2%2Ftags&post=1166"}],"curies":[{"name":"wp","href":"https:\/\/api.w.org\/{rel}","templated":true}]}}