{"id":1244,"date":"2016-04-08T14:00:04","date_gmt":"2016-04-08T14:00:04","guid":{"rendered":"https:\/\/modul1flensburg.eu\/?p=1244"},"modified":"2016-04-08T11:54:20","modified_gmt":"2016-04-08T11:54:20","slug":"artgoing-kunst-uber-die-grenze-hinweg","status":"publish","type":"post","link":"https:\/\/modul1flensburg.eu\/?p=1244","title":{"rendered":"ARTgoing &#8211; Kunst \u00fcber die Grenze hinweg"},"content":{"rendered":"<p><span style=\"color: #993300;\"><strong><a href=\"https:\/\/modul1flensburg.eu\/wp-content\/uploads\/2016\/04\/Bild-1-Malereiszene.jpg\"><img decoding=\"async\" loading=\"lazy\" class=\"alignleft  wp-image-1245\" alt=\"Bild 1-Malereiszene\" src=\"https:\/\/modul1flensburg.eu\/wp-content\/uploads\/2016\/04\/Bild-1-Malereiszene-300x224.jpg\" width=\"240\" height=\"179\" srcset=\"https:\/\/modul1flensburg.eu\/wp-content\/uploads\/2016\/04\/Bild-1-Malereiszene-300x224.jpg 300w, https:\/\/modul1flensburg.eu\/wp-content\/uploads\/2016\/04\/Bild-1-Malereiszene-1024x765.jpg 1024w, https:\/\/modul1flensburg.eu\/wp-content\/uploads\/2016\/04\/Bild-1-Malereiszene.jpg 1417w\" sizes=\"(max-width: 240px) 100vw, 240px\" \/><\/a><\/strong>Unter dem Motto \u201eARTgoing\u201c arbeiten seit 2012 deutsche und d\u00e4nische Studierende der Europa-Universit\u00e4t Flensburg, Abt. Kunst&amp;visuelle Medien und der Sonderjyllands Kunstskole miteinander<\/span>, um sich in verschiedenen Feldern der Kunst im kulturellen Kontext auszutauschen. Organisiert von Thomas Lunau und Werner F\u00fctterer, finden die Projekte in S\u00f8nderborg, dann wieder in Flensburg statt. So werden kulturelle Gemeinsamkeiten und Unterschiede entdeckt und sich dar\u00fcber verst\u00e4ndigt.\u00a0Aktuell haben die Studierenden Workshops in der S\u00f8nderborger Kunstskole durchgef\u00fchrt.\u00a0Betreut wurden sie dabei von den K\u00fcnstlern \u00a0Elke Mark (Performance) und Jes Mogensen (Malerei). Diese \u201eArtgoing Workshops\u201c sind Teil eines von \u201eKulturfokus\u201c gef\u00f6rderten Projektes.\u00a0Informationen hierzu finden sich auch auf dem Blog <a href=\"https:\/\/www.kunstlernorte.net\" target=\"_blank\">www.kunstlernorte.net<\/a><\/p>\n<p>Die Ergebnisse der Zusammenarbeit werden nun von den d\u00e4nischen Studierenden auf \u201efremdem Terrain\u201c in Flensburg kuratiert und ausgestellt, daraus ergibt sich der Ausstellungstitel. Sie sind vom 12.\u00a0 bis 16. April im MODUl 1, in der Roten Stra\u00dfe 17 zu sehen.<\/p>\n<p><span style=\"color: #808000;\"><b>\u201eUnknown Well Known Terrain\u201c<a href=\"https:\/\/modul1flensburg.eu\/wp-content\/uploads\/2016\/04\/Logo-Kulturfokus.png\"><img decoding=\"async\" loading=\"lazy\" class=\"wp-image-1254 alignright\" alt=\"Logo Kulturfokus\" src=\"https:\/\/modul1flensburg.eu\/wp-content\/uploads\/2016\/04\/Logo-Kulturfokus.png\" width=\"196\" height=\"56\" srcset=\"https:\/\/modul1flensburg.eu\/wp-content\/uploads\/2016\/04\/Logo-Kulturfokus.png 454w, https:\/\/modul1flensburg.eu\/wp-content\/uploads\/2016\/04\/Logo-Kulturfokus-300x84.png 300w\" sizes=\"(max-width: 196px) 100vw, 196px\" \/><\/a><\/b><\/span><br \/>\n<span style=\"color: #808000;\"> im MODUL 1, Rote Stra\u00dfe 17, Flensburg<\/span><br \/>\n<strong><span style=\"color: #808000;\"> Vernissage am\u00a0 12.4. um 19 Uhr<\/span><\/strong><br \/>\n<span style=\"color: #808000;\"> \u00d6ffnungszeiten <\/span><br \/>\n<span style=\"color: #808000;\"> Do. 17-19 Uhr<\/span><br \/>\n<span style=\"color: #808000;\"> Fr.\u00a0\u00a0 17-19 Uhr<\/span><br \/>\n<span style=\"color: #808000;\"> Sa.\u00a0 11-16 Uhr<\/span><\/p>\n<p><a href=\"https:\/\/modul1flensburg.eu\/wp-content\/uploads\/2016\/04\/artgoing_poster-copy.jpg\"><img decoding=\"async\" loading=\"lazy\" class=\"alignleft  wp-image-1247\" alt=\"artgoing_poster copy\" src=\"https:\/\/modul1flensburg.eu\/wp-content\/uploads\/2016\/04\/artgoing_poster-copy-1024x693.jpg\" width=\"546\" height=\"370\" srcset=\"https:\/\/modul1flensburg.eu\/wp-content\/uploads\/2016\/04\/artgoing_poster-copy-1024x693.jpg 1024w, https:\/\/modul1flensburg.eu\/wp-content\/uploads\/2016\/04\/artgoing_poster-copy-300x203.jpg 300w\" sizes=\"(max-width: 546px) 100vw, 546px\" \/><\/a><\/p>\n","protected":false},"excerpt":{"rendered":"<p>Unter dem Motto \u201eARTgoing\u201c arbeiten seit 2012 deutsche und d\u00e4nische Studierende der Europa-Universit\u00e4t Flensburg, Abt. Kunst&amp;visuelle Medien und der Sonderjyllands Kunstskole miteinander, um sich in verschiedenen Feldern der Kunst im kulturellen Kontext auszutauschen. Organisiert von Thomas Lunau und Werner F\u00fctterer, finden die Projekte in S\u00f8nderborg, dann wieder in Flensburg statt. So werden kulturelle Gemeinsamkeiten und [&hellip;]<\/p>\n","protected":false},"author":2,"featured_media":0,"comment_status":"closed","ping_status":"closed","sticky":false,"template":"","format":"standard","meta":[],"categories":[51],"tags":[29,19],"_links":{"self":[{"href":"https:\/\/modul1flensburg.eu\/index.php?rest_route=\/wp\/v2\/posts\/1244"}],"collection":[{"href":"https:\/\/modul1flensburg.eu\/index.php?rest_route=\/wp\/v2\/posts"}],"about":[{"href":"https:\/\/modul1flensburg.eu\/index.php?rest_route=\/wp\/v2\/types\/post"}],"author":[{"embeddable":true,"href":"https:\/\/modul1flensburg.eu\/index.php?rest_route=\/wp\/v2\/users\/2"}],"replies":[{"embeddable":true,"href":"https:\/\/modul1flensburg.eu\/index.php?rest_route=%2Fwp%2Fv2%2Fcomments&post=1244"}],"version-history":[{"count":22,"href":"https:\/\/modul1flensburg.eu\/index.php?rest_route=\/wp\/v2\/posts\/1244\/revisions"}],"predecessor-version":[{"id":1266,"href":"https:\/\/modul1flensburg.eu\/index.php?rest_route=\/wp\/v2\/posts\/1244\/revisions\/1266"}],"wp:attachment":[{"href":"https:\/\/modul1flensburg.eu\/index.php?rest_route=%2Fwp%2Fv2%2Fmedia&parent=1244"}],"wp:term":[{"taxonomy":"category","embeddable":true,"href":"https:\/\/modul1flensburg.eu\/index.php?rest_route=%2Fwp%2Fv2%2Fcategories&post=1244"},{"taxonomy":"post_tag","embeddable":true,"href":"https:\/\/modul1flensburg.eu\/index.php?rest_route=%2Fwp%2Fv2%2Ftags&post=1244"}],"curies":[{"name":"wp","href":"https:\/\/api.w.org\/{rel}","templated":true}]}}