{"id":1343,"date":"2016-07-21T08:13:36","date_gmt":"2016-07-21T08:13:36","guid":{"rendered":"https:\/\/modul1flensburg.eu\/?p=1343"},"modified":"2016-07-21T17:20:56","modified_gmt":"2016-07-21T17:20:56","slug":"ausstellungspower-im-modul1","status":"publish","type":"post","link":"https:\/\/modul1flensburg.eu\/?p=1343","title":{"rendered":"Ausstellungspower im MODUL1"},"content":{"rendered":"<p><a href=\"https:\/\/modul1flensburg.eu\/wp-content\/uploads\/2016\/07\/Sit-down.jpg\"><img decoding=\"async\" loading=\"lazy\" class=\"wp-image-1347 alignnone\" alt=\"Sit down\" src=\"https:\/\/modul1flensburg.eu\/wp-content\/uploads\/2016\/07\/Sit-down-1024x768.jpg\" width=\"368\" height=\"277\" srcset=\"https:\/\/modul1flensburg.eu\/wp-content\/uploads\/2016\/07\/Sit-down-1024x768.jpg 1024w, https:\/\/modul1flensburg.eu\/wp-content\/uploads\/2016\/07\/Sit-down-300x225.jpg 300w, https:\/\/modul1flensburg.eu\/wp-content\/uploads\/2016\/07\/Sit-down.jpg 1280w\" sizes=\"(max-width: 368px) 100vw, 368px\" \/><\/a><\/p>\n<p><strong><span style=\"color: #993300;\"># &#8222;sit down&#8220;<\/span>\u00a0&#8211;\u00a0<\/strong>Derzeit laden leuchtende K\u00f6rper zum Blick ins MODUL ein. \u00a0Die Arbeit von <span style=\"color: #333399;\"><em>Mira Wagner<\/em><\/span>, \u00a0erstrahlt jeden Abend besonders hell und macht die Passanten neugierig.<\/p>\n<p>&nbsp;<\/p>\n<p><a href=\"https:\/\/modul1flensburg.eu\/wp-content\/uploads\/2016\/07\/Anna-und-Bara-BEA-Final.jpg\"><img decoding=\"async\" loading=\"lazy\" class=\"wp-image-1344 alignnone\" alt=\"Anna und Bara BEA Final\" src=\"https:\/\/modul1flensburg.eu\/wp-content\/uploads\/2016\/07\/Anna-und-Bara-BEA-Final-1024x685.jpg\" width=\"368\" height=\"247\" srcset=\"https:\/\/modul1flensburg.eu\/wp-content\/uploads\/2016\/07\/Anna-und-Bara-BEA-Final-1024x685.jpg 1024w, https:\/\/modul1flensburg.eu\/wp-content\/uploads\/2016\/07\/Anna-und-Bara-BEA-Final-300x200.jpg 300w\" sizes=\"(max-width: 368px) 100vw, 368px\" \/><\/a><\/p>\n<p><span style=\"color: #993300;\"><strong># Nature\u2019s Skin<\/strong><\/span> &#8211;\u00a0Im Zuge Ihrer Bachelor Thesis zeigt die Studierende <span style=\"color: #000080;\"><em>Katharina Bluhm<\/em><\/span> eine Photo-Ausstellung. Unter dem Titel &#8222;Nature\u2019s Skin&#8220; stellt sie den spannenden Kontrast zwischen dem urspr\u00fcnglichen Menschen im Bezug zur Natur, und seinen T\u00e4towierungen dar. \u00a0Zu ihren Arbeiten sagt sie: &#8222;Da f\u00fcr mich kein Motiv spannender sein kann als der Mensch und keine Kulisse sch\u00f6ner als die Natur, war es mein Wunsch, Bilder zu kreieren, in denen diese beiden Komponenten miteinander verbunden werden.&#8220;<\/p>\n<p><span style=\"color: #808000;\">Ausstellungszeitraum ist der 25.07-31.07<\/span><br \/>\n<span style=\"color: #808000;\"><strong>Vernissage ist am 25.07 um 18 Uhr<\/strong><\/span><br \/>\n<span style=\"color: #808000;\">Die \u00d6ffnungszeiten sind:<\/span><br \/>\n<span style=\"color: #808000;\">Di-Fr: 12-16 Uhr<\/span><br \/>\n<span style=\"color: #808000;\">Sa und So : 10-16 Uhr<\/span><\/p>\n<p>&nbsp;<\/p>\n<p><a href=\"https:\/\/modul1flensburg.eu\/wp-content\/uploads\/2016\/07\/Flyer-mirrors.jpg\"><img decoding=\"async\" loading=\"lazy\" class=\"wp-image-1345 alignnone\" alt=\"Flyer mirrors\" src=\"https:\/\/modul1flensburg.eu\/wp-content\/uploads\/2016\/07\/Flyer-mirrors-1024x663.jpg\" width=\"368\" height=\"239\" srcset=\"https:\/\/modul1flensburg.eu\/wp-content\/uploads\/2016\/07\/Flyer-mirrors-1024x663.jpg 1024w, https:\/\/modul1flensburg.eu\/wp-content\/uploads\/2016\/07\/Flyer-mirrors-300x194.jpg 300w, https:\/\/modul1flensburg.eu\/wp-content\/uploads\/2016\/07\/Flyer-mirrors.jpg 1827w\" sizes=\"(max-width: 368px) 100vw, 368px\" \/><\/a><\/p>\n<p><span style=\"color: #993300;\"><strong># Mirrors<\/strong><\/span> &#8211; Ebenfalls im Rahmen der \u00a0Bachelorarbeit haben <span style=\"color: #000080;\"><em>Alexandra Behrendt und Maret Guttke<\/em><\/span> sich mit Spiegeln auseinandergesetzt. Dabei hat sich Alexandra mit Spiegeldesign und den reflexiven Funktionen von Spiegeln befasst, w\u00e4hrend Maret versucht hat, das Spannungsverh\u00e4ltnis zwischen Spiegelbild und Selbstbild fotografisch umzusetzen.&#8220;<br \/>\nDiese spannende Ausstellung ist vom\u00a004.08 &#8211; 10.08. im MODUL1 zu sehen.<\/p>\n<p><span style=\"color: #808000;\"><strong>Vernissage ist am 04.08. um 19 Uhr<\/strong><\/span><br \/>\n<span style=\"color: #808000;\"> Die \u00d6ffnungszeiten sind im Austellungszeitraum<\/span><br \/>\n<span style=\"color: #808000;\"> von 11-16 Uhr<\/span><br \/>\n<span style=\"color: #808000;\"> im MODUL1 \/ Rote Stra\u00dfe \/ Flensburg<\/span><\/p>\n<h3><\/h3>\n<p>&nbsp;<\/p>\n<p><span style=\"text-decoration: underline;\">Zur Info:<\/span><\/p>\n<p><strong>Wir bauen Fantasie-Instrumente!- von Autoreifentrommel bis Zopfbandmandoline<\/strong><br \/>\n<strong><\/strong><br \/>\n<strong><span style=\"color: #993300;\"># Ferienprogramm<\/span><\/strong> &#8211; Im Rahmen des Ferienprogramms des &#8222;<span style=\"color: #000000;\"><em>musiculums&#8220;<\/em><\/span> in Kiel, bietet die Kunststudierende der EUF, <span style=\"color: #333399;\"><em>Agathe Schaddach<\/em><\/span> vom<span style=\"color: #808000;\"> 1.8.16 bis zum 5.8.16<\/span> einen musikalisch-k\u00fcnstlerischen Kurs f\u00fcr Kinder im Alter von 10 bis 14 Jahren an (inkl. Verpflegung).\u00a0Mit einfachen, allt\u00e4glichen Gegenst\u00e4nden und Naturmaterialien werden spannende Instrumente gestaltet, mit denen musiziert wird. Mit viel Spa\u00df werden neue Klangwelten entdeckt!<\/p>\n<p>Anmeldung und weitere Infos \u00a0\u00fcber\u00a0<a href=\"https:\/\/www.musiculum.de\/projekte\/ferienprojekte.html\" target=\"_blank\">https:\/\/www.musiculum.de\/projekte\/ferienprojekte.html<\/a><\/p>\n<p><a href=\"https:\/\/modul1flensburg.eu\/wp-content\/uploads\/2016\/07\/Flyer_Fantasieinstrumente.jpg\"><img decoding=\"async\" loading=\"lazy\" class=\"wp-image-1352 alignnone\" alt=\"Flyer_Fantasieinstrumente\" src=\"https:\/\/modul1flensburg.eu\/wp-content\/uploads\/2016\/07\/Flyer_Fantasieinstrumente-675x1024.jpg\" width=\"243\" height=\"368\" \/><\/a><\/p>\n<p>&nbsp;<\/p>\n","protected":false},"excerpt":{"rendered":"<p># &#8222;sit down&#8220;\u00a0&#8211;\u00a0Derzeit laden leuchtende K\u00f6rper zum Blick ins MODUL ein. \u00a0Die Arbeit von Mira Wagner, \u00a0erstrahlt jeden Abend besonders hell und macht die Passanten neugierig. &nbsp; # Nature\u2019s Skin &#8211;\u00a0Im Zuge Ihrer Bachelor Thesis zeigt die Studierende Katharina Bluhm eine Photo-Ausstellung. Unter dem Titel &#8222;Nature\u2019s Skin&#8220; stellt sie den spannenden Kontrast zwischen dem urspr\u00fcnglichen [&hellip;]<\/p>\n","protected":false},"author":2,"featured_media":0,"comment_status":"closed","ping_status":"closed","sticky":false,"template":"","format":"standard","meta":[],"categories":[1,51],"tags":[29,19],"_links":{"self":[{"href":"https:\/\/modul1flensburg.eu\/index.php?rest_route=\/wp\/v2\/posts\/1343"}],"collection":[{"href":"https:\/\/modul1flensburg.eu\/index.php?rest_route=\/wp\/v2\/posts"}],"about":[{"href":"https:\/\/modul1flensburg.eu\/index.php?rest_route=\/wp\/v2\/types\/post"}],"author":[{"embeddable":true,"href":"https:\/\/modul1flensburg.eu\/index.php?rest_route=\/wp\/v2\/users\/2"}],"replies":[{"embeddable":true,"href":"https:\/\/modul1flensburg.eu\/index.php?rest_route=%2Fwp%2Fv2%2Fcomments&post=1343"}],"version-history":[{"count":15,"href":"https:\/\/modul1flensburg.eu\/index.php?rest_route=\/wp\/v2\/posts\/1343\/revisions"}],"predecessor-version":[{"id":1360,"href":"https:\/\/modul1flensburg.eu\/index.php?rest_route=\/wp\/v2\/posts\/1343\/revisions\/1360"}],"wp:attachment":[{"href":"https:\/\/modul1flensburg.eu\/index.php?rest_route=%2Fwp%2Fv2%2Fmedia&parent=1343"}],"wp:term":[{"taxonomy":"category","embeddable":true,"href":"https:\/\/modul1flensburg.eu\/index.php?rest_route=%2Fwp%2Fv2%2Fcategories&post=1343"},{"taxonomy":"post_tag","embeddable":true,"href":"https:\/\/modul1flensburg.eu\/index.php?rest_route=%2Fwp%2Fv2%2Ftags&post=1343"}],"curies":[{"name":"wp","href":"https:\/\/api.w.org\/{rel}","templated":true}]}}