{"id":1364,"date":"2016-09-16T08:38:43","date_gmt":"2016-09-16T08:38:43","guid":{"rendered":"https:\/\/modul1flensburg.eu\/?p=1364"},"modified":"2016-09-08T22:36:24","modified_gmt":"2016-09-08T22:36:24","slug":"asthetisch-kartierende-blicke-auf-flensburg","status":"publish","type":"post","link":"https:\/\/modul1flensburg.eu\/?p=1364","title":{"rendered":"\u00c4sthetisch-Kartierende Blicke auf Flensburg"},"content":{"rendered":"<p>Um den Weg zu einem Ort zu finden nutzen wir f\u00fcr unseren allt\u00e4glichen Gebrauch\u00a0vorwiegend navigierende Karten. Doch was passiert, wenn diese Karten nicht mehr\u00a0konventionell genutzt und ihre kartographischen Merkmale durch \u00e4sthetische Aspekteersetzt werden?<\/p>\n<p>Im Rahmen ihrer Bachelor-Arbeit hat sich die Kunststudierende Katharina Mahnhardt\u00a0mit \u00e4sthetischer Kartographie\u00a0auseinandergesetzt. Aus dem Versuch, Karten als Kunstwerke zu definieren, sind\u00a0unterschiedlichste Werke der Stadt Flensburg entstanden, die vom 22.-24.September im\u00a0MODUL 1 ausgestellt werden.<\/p>\n<p><span style=\"color: #993300;\">Die Vernissage findet am 21.09.2016 um 18 Uhr statt.<\/span><\/p>\n<p><span style=\"text-decoration: underline; color: #808000;\">\u00d6ffnungszeiten:<\/span><br \/>\n<span style=\"color: #808000;\"> Donnerstag 22.09: 12 &#8211; 18 Uhr<\/span><br \/>\n<span style=\"color: #808000;\"> Freitag 23.09: 12 &#8211; 18 Uhr<\/span><br \/>\n<span style=\"color: #808000;\"> Samstag 24.09: 12 &#8211; 16 Uhr<\/span><\/p>\n<p><a href=\"https:\/\/modul1flensburg.eu\/wp-content\/uploads\/2016\/08\/Mahnhardt_Flyer.jpg\"><img decoding=\"async\" loading=\"lazy\" class=\"wp-image-1366 alignnone\" alt=\"Mahnhardt_Flyer\" src=\"https:\/\/modul1flensburg.eu\/wp-content\/uploads\/2016\/08\/Mahnhardt_Flyer-1024x878.jpg\" width=\"491\" height=\"422\" srcset=\"https:\/\/modul1flensburg.eu\/wp-content\/uploads\/2016\/08\/Mahnhardt_Flyer-1024x878.jpg 1024w, https:\/\/modul1flensburg.eu\/wp-content\/uploads\/2016\/08\/Mahnhardt_Flyer-300x257.jpg 300w, https:\/\/modul1flensburg.eu\/wp-content\/uploads\/2016\/08\/Mahnhardt_Flyer.jpg 1312w\" sizes=\"(max-width: 491px) 100vw, 491px\" \/><\/a><\/p>\n","protected":false},"excerpt":{"rendered":"<p>Um den Weg zu einem Ort zu finden nutzen wir f\u00fcr unseren allt\u00e4glichen Gebrauch\u00a0vorwiegend navigierende Karten. Doch was passiert, wenn diese Karten nicht mehr\u00a0konventionell genutzt und ihre kartographischen Merkmale durch \u00e4sthetische Aspekteersetzt werden? Im Rahmen ihrer Bachelor-Arbeit hat sich die Kunststudierende Katharina Mahnhardt\u00a0mit \u00e4sthetischer Kartographie\u00a0auseinandergesetzt. Aus dem Versuch, Karten als Kunstwerke zu definieren, sind\u00a0unterschiedlichste Werke [&hellip;]<\/p>\n","protected":false},"author":2,"featured_media":0,"comment_status":"closed","ping_status":"closed","sticky":false,"template":"","format":"standard","meta":[],"categories":[51],"tags":[29,19],"_links":{"self":[{"href":"https:\/\/modul1flensburg.eu\/index.php?rest_route=\/wp\/v2\/posts\/1364"}],"collection":[{"href":"https:\/\/modul1flensburg.eu\/index.php?rest_route=\/wp\/v2\/posts"}],"about":[{"href":"https:\/\/modul1flensburg.eu\/index.php?rest_route=\/wp\/v2\/types\/post"}],"author":[{"embeddable":true,"href":"https:\/\/modul1flensburg.eu\/index.php?rest_route=\/wp\/v2\/users\/2"}],"replies":[{"embeddable":true,"href":"https:\/\/modul1flensburg.eu\/index.php?rest_route=%2Fwp%2Fv2%2Fcomments&post=1364"}],"version-history":[{"count":6,"href":"https:\/\/modul1flensburg.eu\/index.php?rest_route=\/wp\/v2\/posts\/1364\/revisions"}],"predecessor-version":[{"id":1371,"href":"https:\/\/modul1flensburg.eu\/index.php?rest_route=\/wp\/v2\/posts\/1364\/revisions\/1371"}],"wp:attachment":[{"href":"https:\/\/modul1flensburg.eu\/index.php?rest_route=%2Fwp%2Fv2%2Fmedia&parent=1364"}],"wp:term":[{"taxonomy":"category","embeddable":true,"href":"https:\/\/modul1flensburg.eu\/index.php?rest_route=%2Fwp%2Fv2%2Fcategories&post=1364"},{"taxonomy":"post_tag","embeddable":true,"href":"https:\/\/modul1flensburg.eu\/index.php?rest_route=%2Fwp%2Fv2%2Ftags&post=1364"}],"curies":[{"name":"wp","href":"https:\/\/api.w.org\/{rel}","templated":true}]}}