{"id":1419,"date":"2017-01-20T20:00:49","date_gmt":"2017-01-20T20:00:49","guid":{"rendered":"https:\/\/modul1flensburg.eu\/?p=1419"},"modified":"2017-01-24T23:05:58","modified_gmt":"2017-01-24T23:05:58","slug":"claudia-schmitz-artist-in-residence-im-modul1","status":"publish","type":"post","link":"https:\/\/modul1flensburg.eu\/?p=1419","title":{"rendered":"Claudia Schmitz &#8211; &#8222;Artist in Residence&#8220; im MODUL1"},"content":{"rendered":"<p><span style=\"color: #993300;\"><strong><em>Claudia Schmitz<\/em>, die erste &#8222;Artist in Residence&#8220; an der EUF, arbeitet vom 23.1. bis 27. Januar 2017 im MODUL 1 und bietet die M\u00f6glichkeit an, ihr bei der Arbeit \u00fcber die Schulter zu schauen.<\/strong><\/span><\/p>\n<p><em>Dr. K\u00e4the Wenzel, <\/em>Professorin f\u00fcr \u00c4sthetische Praxis\u00a0an der Universit\u00e4t freut sich, dass mit <em>Claudia Schmitz<\/em> eine\u00a0international nachgefragte K\u00fcnstlerin <span style=\"color: #808000;\">\u00a0(2016: Alma on Dobbin, NYC; Honkong Univerisity Museum; Art Market Budapest,\u00a0The Irish Circus, LASALLE, Singapur; 2017: Rheinlandpf\u00e4lzisches Landesstipendium Schloss Balmoral, Stipendium des Nationalmuseums Goyang\/Korea)<\/span>\u00a0die Reihe der &#8222;Artist in Residence&#8220;-Projekte an der EUF \u00a0in Flensburgs bekanntester Stra\u00dfe\u00a0er\u00f6ffnen wird.<br \/>\nDie K\u00fcnstlerin freut sich auf den Austausch mit Studierenden, Kunstschaffenden und Besuchern der Roten Stra\u00dfe.<\/p>\n<p>Kernzeit 10:00 &#8211; 16:00 Uhr<\/p>\n<p><a href=\"https:\/\/www.cces-claudiaschmitz.de\/\" target=\"_blank\">www.cces-claudiaschmitz.de<\/a><\/p>\n<p><a href=\"https:\/\/modul1flensburg.eu\/wp-content\/uploads\/2017\/01\/ClaudiaSchmitz_UnStumm_Singapore_09_web\u00a9KaetheWenzelVGBild-Kunst.jpg\"><img decoding=\"async\" loading=\"lazy\" class=\"alignnone  wp-image-1422\" alt=\"ClaudiaSchmitz_UnStumm_Singapore_09_web\u00a9KaetheWenzelVGBild-Kunst\" src=\"https:\/\/modul1flensburg.eu\/wp-content\/uploads\/2017\/01\/ClaudiaSchmitz_UnStumm_Singapore_09_web\u00a9KaetheWenzelVGBild-Kunst.jpg\" width=\"590\" height=\"394\" srcset=\"https:\/\/modul1flensburg.eu\/wp-content\/uploads\/2017\/01\/ClaudiaSchmitz_UnStumm_Singapore_09_web\u00a9KaetheWenzelVGBild-Kunst.jpg 1772w, https:\/\/modul1flensburg.eu\/wp-content\/uploads\/2017\/01\/ClaudiaSchmitz_UnStumm_Singapore_09_web\u00a9KaetheWenzelVGBild-Kunst-300x199.jpg 300w, https:\/\/modul1flensburg.eu\/wp-content\/uploads\/2017\/01\/ClaudiaSchmitz_UnStumm_Singapore_09_web\u00a9KaetheWenzelVGBild-Kunst-1024x682.jpg 1024w\" sizes=\"(max-width: 590px) 100vw, 590px\" \/><\/a><\/p>\n<p><a href=\"https:\/\/modul1flensburg.eu\/wp-content\/uploads\/2017\/01\/InBetween_EllisIland_web\u00a9ClaudiaSchmitzVGBild-Kunst.jpg\"><img decoding=\"async\" loading=\"lazy\" class=\"size-full wp-image-1423 alignleft\" alt=\"InBetween_EllisIland_web\u00a9ClaudiaSchmitzVGBild-Kunst\" src=\"https:\/\/modul1flensburg.eu\/wp-content\/uploads\/2017\/01\/InBetween_EllisIland_web\u00a9ClaudiaSchmitzVGBild-Kunst.jpg\" width=\"425\" height=\"283\" srcset=\"https:\/\/modul1flensburg.eu\/wp-content\/uploads\/2017\/01\/InBetween_EllisIland_web\u00a9ClaudiaSchmitzVGBild-Kunst.jpg 425w, https:\/\/modul1flensburg.eu\/wp-content\/uploads\/2017\/01\/InBetween_EllisIland_web\u00a9ClaudiaSchmitzVGBild-Kunst-300x199.jpg 300w\" sizes=\"(max-width: 425px) 100vw, 425px\" \/><\/a><\/p>\n<p>&nbsp;<\/p>\n<p>&nbsp;<\/p>\n<p>&nbsp;<\/p>\n<p>&nbsp;<\/p>\n<p>&nbsp;<\/p>\n<p>&nbsp;<\/p>\n<p>&nbsp;<\/p>\n<p>&nbsp;<\/p>\n<p><a href=\"https:\/\/modul1flensburg.eu\/wp-content\/uploads\/2017\/01\/InBetween-Videostill2web\u00a9ClaudiaSchmitzVGBild-Kunst.jpg\"><img decoding=\"async\" loading=\"lazy\" class=\"alignnone size-full wp-image-1424\" alt=\"InBetween-Videostill2web\u00a9ClaudiaSchmitzVGBild-Kunst\" src=\"https:\/\/modul1flensburg.eu\/wp-content\/uploads\/2017\/01\/InBetween-Videostill2web\u00a9ClaudiaSchmitzVGBild-Kunst.jpg\" width=\"425\" height=\"239\" srcset=\"https:\/\/modul1flensburg.eu\/wp-content\/uploads\/2017\/01\/InBetween-Videostill2web\u00a9ClaudiaSchmitzVGBild-Kunst.jpg 425w, https:\/\/modul1flensburg.eu\/wp-content\/uploads\/2017\/01\/InBetween-Videostill2web\u00a9ClaudiaSchmitzVGBild-Kunst-300x168.jpg 300w\" sizes=\"(max-width: 425px) 100vw, 425px\" \/><\/a><\/p>\n","protected":false},"excerpt":{"rendered":"<p>Claudia Schmitz, die erste &#8222;Artist in Residence&#8220; an der EUF, arbeitet vom 23.1. bis 27. Januar 2017 im MODUL 1 und bietet die M\u00f6glichkeit an, ihr bei der Arbeit \u00fcber die Schulter zu schauen. Dr. K\u00e4the Wenzel, Professorin f\u00fcr \u00c4sthetische Praxis\u00a0an der Universit\u00e4t freut sich, dass mit Claudia Schmitz eine\u00a0international nachgefragte K\u00fcnstlerin \u00a0(2016: Alma on [&hellip;]<\/p>\n","protected":false},"author":2,"featured_media":0,"comment_status":"closed","ping_status":"closed","sticky":false,"template":"","format":"standard","meta":[],"categories":[31],"tags":[32,19],"_links":{"self":[{"href":"https:\/\/modul1flensburg.eu\/index.php?rest_route=\/wp\/v2\/posts\/1419"}],"collection":[{"href":"https:\/\/modul1flensburg.eu\/index.php?rest_route=\/wp\/v2\/posts"}],"about":[{"href":"https:\/\/modul1flensburg.eu\/index.php?rest_route=\/wp\/v2\/types\/post"}],"author":[{"embeddable":true,"href":"https:\/\/modul1flensburg.eu\/index.php?rest_route=\/wp\/v2\/users\/2"}],"replies":[{"embeddable":true,"href":"https:\/\/modul1flensburg.eu\/index.php?rest_route=%2Fwp%2Fv2%2Fcomments&post=1419"}],"version-history":[{"count":21,"href":"https:\/\/modul1flensburg.eu\/index.php?rest_route=\/wp\/v2\/posts\/1419\/revisions"}],"predecessor-version":[{"id":1438,"href":"https:\/\/modul1flensburg.eu\/index.php?rest_route=\/wp\/v2\/posts\/1419\/revisions\/1438"}],"wp:attachment":[{"href":"https:\/\/modul1flensburg.eu\/index.php?rest_route=%2Fwp%2Fv2%2Fmedia&parent=1419"}],"wp:term":[{"taxonomy":"category","embeddable":true,"href":"https:\/\/modul1flensburg.eu\/index.php?rest_route=%2Fwp%2Fv2%2Fcategories&post=1419"},{"taxonomy":"post_tag","embeddable":true,"href":"https:\/\/modul1flensburg.eu\/index.php?rest_route=%2Fwp%2Fv2%2Ftags&post=1419"}],"curies":[{"name":"wp","href":"https:\/\/api.w.org\/{rel}","templated":true}]}}