{"id":1488,"date":"2017-09-18T22:27:53","date_gmt":"2017-09-18T22:27:53","guid":{"rendered":"https:\/\/modul1flensburg.eu\/?p=1488"},"modified":"2017-11-08T23:16:59","modified_gmt":"2017-11-08T23:16:59","slug":"begegnung-mit-dem-katharinen-hospiz-am-park","status":"publish","type":"post","link":"https:\/\/modul1flensburg.eu\/?p=1488","title":{"rendered":"Begegnung mit dem Katharinen Hospiz am Park"},"content":{"rendered":"<div id=\"attachment_1490\" style=\"width: 211px\" class=\"wp-caption alignleft\"><a href=\"https:\/\/modul1flensburg.eu\/wp-content\/uploads\/2017\/09\/Katharinen-Hospitz_Lei\u00df.jpg\"><img aria-describedby=\"caption-attachment-1490\" decoding=\"async\" loading=\"lazy\" class=\" wp-image-1490 \" alt=\"Katharinen Hospitz_Lei\u00df\" src=\"https:\/\/modul1flensburg.eu\/wp-content\/uploads\/2017\/09\/Katharinen-Hospitz_Lei\u00df.jpg\" width=\"201\" height=\"335\" \/><\/a><p id=\"caption-attachment-1490\" class=\"wp-caption-text\">Titelblatt zum Kalender von Rups Lei\u00df<\/p><\/div>\n<p><span style=\"color: #993300;\"><strong>Das <a href=\"https:\/\/www.katharinen-hospiz.de\/startseite\/\" target=\"_blank\"><span style=\"color: #993300;\">Katharinen Hospiz<\/span><\/a> am Park feiert in diesem Jahr sein 25 j\u00e4hriges Jubil\u00e4um.\u00a0Unterschiedliche Veranstaltungen begleiten dieses besondere Ereignis, so auch eine im MODUL1.<\/strong><\/span><br \/>\nIn einer Kooperationsveranstaltung steht der Ausstellungsraum der Europa-Universit\u00e4t Flensburg f\u00fcr Begegnungen und Austausch zur Verf\u00fcgung. Geboten wird\u00a0eine bunte Mischung f\u00fcr alle, die an den Themen \u201eSterben, Tod und Trauer\u201c interessiert sind und trotzdem voll im Leben stehen. Es werden ehrenamtliche und hauptamtliche MitarbeiterInnen des Katharinen Hospiz am Park vor Ort sein, um Fragen zu beantworten, W\u00fcnsche und Ideen aufzunehmen.\u00a0Es werden leckere Fischkekse zum Probieren angeboten.\u00a0Dar\u00fcber hinaus finden Mitmachaktionen f\u00fcr Klein und Gro\u00df statt, laden B\u00fccher zum Lesen und informieren ein, und der von <a href=\"https:\/\/www.hans-ruprecht-leiss.de\" target=\"_blank\">Hans-Ruprecht Lei\u00df<\/a> speziell gestaltete Geburtstagskalender (s. Bild) kann k\u00e4uflich erworben werden. Studierende der Universit\u00e4t haben an der Organisation der Veranstaltung mitgewirkt.<\/p>\n<p><strong><span style=\"color: #808000;\">22.9.2017 15 \u2013 18 Uhr<\/span><\/strong><br \/>\n<strong><span style=\"color: #808000;\"> 23.9.2017 10 \u2013 15 Uhr<\/span><\/strong><br \/>\n<strong><span style=\"color: #808000;\"> MODUL 1, Rote Str.17<\/span><\/strong><\/p>\n<p>&nbsp;<\/p>\n<p>&nbsp;<\/p>\n","protected":false},"excerpt":{"rendered":"<p>Das Katharinen Hospiz am Park feiert in diesem Jahr sein 25 j\u00e4hriges Jubil\u00e4um.\u00a0Unterschiedliche Veranstaltungen begleiten dieses besondere Ereignis, so auch eine im MODUL1. In einer Kooperationsveranstaltung steht der Ausstellungsraum der Europa-Universit\u00e4t Flensburg f\u00fcr Begegnungen und Austausch zur Verf\u00fcgung. Geboten wird\u00a0eine bunte Mischung f\u00fcr alle, die an den Themen \u201eSterben, Tod und Trauer\u201c interessiert sind und [&hellip;]<\/p>\n","protected":false},"author":2,"featured_media":0,"comment_status":"closed","ping_status":"closed","sticky":false,"template":"","format":"standard","meta":[],"categories":[1],"tags":[32,19],"_links":{"self":[{"href":"https:\/\/modul1flensburg.eu\/index.php?rest_route=\/wp\/v2\/posts\/1488"}],"collection":[{"href":"https:\/\/modul1flensburg.eu\/index.php?rest_route=\/wp\/v2\/posts"}],"about":[{"href":"https:\/\/modul1flensburg.eu\/index.php?rest_route=\/wp\/v2\/types\/post"}],"author":[{"embeddable":true,"href":"https:\/\/modul1flensburg.eu\/index.php?rest_route=\/wp\/v2\/users\/2"}],"replies":[{"embeddable":true,"href":"https:\/\/modul1flensburg.eu\/index.php?rest_route=%2Fwp%2Fv2%2Fcomments&post=1488"}],"version-history":[{"count":11,"href":"https:\/\/modul1flensburg.eu\/index.php?rest_route=\/wp\/v2\/posts\/1488\/revisions"}],"predecessor-version":[{"id":1497,"href":"https:\/\/modul1flensburg.eu\/index.php?rest_route=\/wp\/v2\/posts\/1488\/revisions\/1497"}],"wp:attachment":[{"href":"https:\/\/modul1flensburg.eu\/index.php?rest_route=%2Fwp%2Fv2%2Fmedia&parent=1488"}],"wp:term":[{"taxonomy":"category","embeddable":true,"href":"https:\/\/modul1flensburg.eu\/index.php?rest_route=%2Fwp%2Fv2%2Fcategories&post=1488"},{"taxonomy":"post_tag","embeddable":true,"href":"https:\/\/modul1flensburg.eu\/index.php?rest_route=%2Fwp%2Fv2%2Ftags&post=1488"}],"curies":[{"name":"wp","href":"https:\/\/api.w.org\/{rel}","templated":true}]}}