{"id":1505,"date":"2017-11-08T23:18:08","date_gmt":"2017-11-08T23:18:08","guid":{"rendered":"https:\/\/modul1flensburg.eu\/?p=1505"},"modified":"2017-11-08T23:18:08","modified_gmt":"2017-11-08T23:18:08","slug":"17-flensburger-kurzfilmtage-modul1-wird-zur-festival-lounge","status":"publish","type":"post","link":"https:\/\/modul1flensburg.eu\/?p=1505","title":{"rendered":"17. Flensburger Kurzfilmtage &#8211; MODUL1 wird zur Festival-Lounge"},"content":{"rendered":"<p><strong><span style=\"color: #993300;\">Traditionell zum \u00a0November wird das MODUL1 zum \u00a0Festivalb\u00fcro.<\/span><\/strong><span style=\"color: #993300;\"><strong>\u00a0<\/strong>Die Flensburger\u00a0<a href=\"https:\/\/www.flensburger-kurzfilmtage.de\" target=\"_blank\"><span style=\"color: #993300;\">Kurzfilmtage<\/span><\/a> finden in diesem Jahr vom 15. bis 19. November im Kino 51 Stufen in Flensburg statt. <span style=\"color: #000000;\">Wie in den vergangenen Jahren nutzen die Fachhochschule Flensburg, die Europa-Universit\u00e4t Flensburg und der Verein\u00a0Flensburger Kurzfilmtage\u00a0e.V. als\u00a0Veranstalter das MODUL 1, um im Vorfeld \u00fcber das Programm zu informieren\u00a0und Begeisterung f\u00fcr den Kurzfilm als kulturelles, k\u00fcnstlerisches und informatives Element zu wecken. Das Festivalb\u00fcro im MODUL1, Rote Stra\u00dfe 17 bietet<\/span>\u00a0<span style=\"color: #993300;\">vom 03. bis 17. November im MODUL 1:<\/span><\/span><\/p>\n<ul>\n<li><strong><span style=\"color: #808000;\"><em>Kartenvorverkauf<\/em><\/span><\/strong><\/li>\n<li><strong><span style=\"color: #808000;\"><em>Programminformationen<\/em><\/span><\/strong><\/li>\n<li><strong><span style=\"color: #808000;\"><em>Infos und Gespr\u00e4che<\/em><\/span><\/strong><\/li>\n<\/ul>\n<p>W\u00e4hrend des Festivals wird das MODUL 1 zudem zum zentralen Treffpunkt und Lounge der Filmemacher und G\u00e4ste.<\/p>\n<p><a href=\"https:\/\/modul1flensburg.eu\/wp-content\/uploads\/2017\/11\/Bildschirmfoto-2017-11-08-um-14.18.13.png\"><img decoding=\"async\" loading=\"lazy\" class=\"alignnone  wp-image-1517\" alt=\"Bildschirmfoto 2017-11-08 um 14.18.13\" src=\"https:\/\/modul1flensburg.eu\/wp-content\/uploads\/2017\/11\/Bildschirmfoto-2017-11-08-um-14.18.13.png\" width=\"348\" height=\"294\" srcset=\"https:\/\/modul1flensburg.eu\/wp-content\/uploads\/2017\/11\/Bildschirmfoto-2017-11-08-um-14.18.13.png 1380w, https:\/\/modul1flensburg.eu\/wp-content\/uploads\/2017\/11\/Bildschirmfoto-2017-11-08-um-14.18.13-300x253.png 300w, https:\/\/modul1flensburg.eu\/wp-content\/uploads\/2017\/11\/Bildschirmfoto-2017-11-08-um-14.18.13-1024x865.png 1024w\" sizes=\"(max-width: 348px) 100vw, 348px\" \/><\/a><\/p>\n<p>&nbsp;<\/p>\n<p>&nbsp;<\/p>\n<p>&nbsp;<\/p>\n<p>&nbsp;<\/p>\n","protected":false},"excerpt":{"rendered":"<p>Traditionell zum \u00a0November wird das MODUL1 zum \u00a0Festivalb\u00fcro.\u00a0Die Flensburger\u00a0Kurzfilmtage finden in diesem Jahr vom 15. bis 19. November im Kino 51 Stufen in Flensburg statt. Wie in den vergangenen Jahren nutzen die Fachhochschule Flensburg, die Europa-Universit\u00e4t Flensburg und der Verein\u00a0Flensburger Kurzfilmtage\u00a0e.V. als\u00a0Veranstalter das MODUL 1, um im Vorfeld \u00fcber das Programm zu informieren\u00a0und Begeisterung f\u00fcr [&hellip;]<\/p>\n","protected":false},"author":2,"featured_media":0,"comment_status":"closed","ping_status":"closed","sticky":false,"template":"","format":"standard","meta":[],"categories":[1],"tags":[32,19],"_links":{"self":[{"href":"https:\/\/modul1flensburg.eu\/index.php?rest_route=\/wp\/v2\/posts\/1505"}],"collection":[{"href":"https:\/\/modul1flensburg.eu\/index.php?rest_route=\/wp\/v2\/posts"}],"about":[{"href":"https:\/\/modul1flensburg.eu\/index.php?rest_route=\/wp\/v2\/types\/post"}],"author":[{"embeddable":true,"href":"https:\/\/modul1flensburg.eu\/index.php?rest_route=\/wp\/v2\/users\/2"}],"replies":[{"embeddable":true,"href":"https:\/\/modul1flensburg.eu\/index.php?rest_route=%2Fwp%2Fv2%2Fcomments&post=1505"}],"version-history":[{"count":32,"href":"https:\/\/modul1flensburg.eu\/index.php?rest_route=\/wp\/v2\/posts\/1505\/revisions"}],"predecessor-version":[{"id":1540,"href":"https:\/\/modul1flensburg.eu\/index.php?rest_route=\/wp\/v2\/posts\/1505\/revisions\/1540"}],"wp:attachment":[{"href":"https:\/\/modul1flensburg.eu\/index.php?rest_route=%2Fwp%2Fv2%2Fmedia&parent=1505"}],"wp:term":[{"taxonomy":"category","embeddable":true,"href":"https:\/\/modul1flensburg.eu\/index.php?rest_route=%2Fwp%2Fv2%2Fcategories&post=1505"},{"taxonomy":"post_tag","embeddable":true,"href":"https:\/\/modul1flensburg.eu\/index.php?rest_route=%2Fwp%2Fv2%2Ftags&post=1505"}],"curies":[{"name":"wp","href":"https:\/\/api.w.org\/{rel}","templated":true}]}}