{"id":1542,"date":"2017-11-29T18:49:46","date_gmt":"2017-11-29T18:49:46","guid":{"rendered":"https:\/\/modul1flensburg.eu\/?p=1542"},"modified":"2017-11-29T18:49:46","modified_gmt":"2017-11-29T18:49:46","slug":"der-villekula-nikolausmarkt-im-modul1","status":"publish","type":"post","link":"https:\/\/modul1flensburg.eu\/?p=1542","title":{"rendered":"Der Villekula-Nikolausmarkt im MODUL1"},"content":{"rendered":"<p><a href=\"https:\/\/modul1flensburg.eu\/wp-content\/uploads\/2017\/11\/Villekula.png\"><img decoding=\"async\" loading=\"lazy\" class=\"size-full wp-image-1543 alignleft\" alt=\"Villekula\" src=\"https:\/\/modul1flensburg.eu\/wp-content\/uploads\/2017\/11\/Villekula.png\" width=\"163\" height=\"89\" \/><\/a><span style=\"color: #808000;\"><strong>Auch in diesem Jahr l\u00e4dt Villekula e.V. wieder zu einem gem\u00fctlichen Nikolausmarkt im Modul 1 (Rote Stra\u00dfe 17) in Flensburg ein.\u00a0<\/strong><\/span><br \/>\n<span style=\"color: #808000;\"><span style=\"color: #000000;\">Am Sonntag, den 03. Dezember 2017, von 14 -18 Uhr wird Villekula all die wunderbaren Dinge verkaufen, die w\u00e4hrend des letzten Gartenjahres entstanden sind. Von eingelegten Kr\u00e4uter\u00f6len \u00fcber Kr\u00e4utersalz bis hin zu Fr\u00fchst\u00fccksbrettchen, ist vieles zu bestaunen und f\u00fcr den guten Zweck zu erwerben.<\/span><\/span><br \/>\nDar\u00fcber hinaus wird es auch kleine Bastelaktionen geben, an denen unsere kleinen Besucher Kr\u00e4nze binden, Bienenwachskerzen herstellen oder Sterne basteln k\u00f6nnen.<br \/>\nSelbstverst\u00e4ndlich halten wir f\u00fcr den kleinen Hunger Kaffee, Tee, Apfelsaft und warme Cr\u00eapes bereit.\u00a0Jegliche Einnahmen des Nikolausmarktes werden dem Verein Villekula zu Gute kommen.<\/p>\n<p><span style=\"color: #993300;\">Sonntag, den 03. Dezember 2017, von 14 -18 Uhr<\/span><br \/>\n<span style=\"color: #993300;\">MODUL1 | Rote Stra\u00dfe 17 | Flensburg<\/span><\/p>\n<p><a href=\"https:\/\/www.villekula.de\" target=\"_blank\">www.villekula.de<\/a><\/p>\n<p><a href=\"https:\/\/modul1flensburg.eu\/wp-content\/uploads\/2017\/11\/AnnaPaulNikolaus.jpg\"><img decoding=\"async\" loading=\"lazy\" class=\"alignnone  wp-image-1545\" alt=\"AnnaPaulNikolaus\" src=\"https:\/\/modul1flensburg.eu\/wp-content\/uploads\/2017\/11\/AnnaPaulNikolaus.jpg\" width=\"463\" height=\"293\" srcset=\"https:\/\/modul1flensburg.eu\/wp-content\/uploads\/2017\/11\/AnnaPaulNikolaus.jpg 1287w, https:\/\/modul1flensburg.eu\/wp-content\/uploads\/2017\/11\/AnnaPaulNikolaus-300x189.jpg 300w, https:\/\/modul1flensburg.eu\/wp-content\/uploads\/2017\/11\/AnnaPaulNikolaus-1024x646.jpg 1024w\" sizes=\"(max-width: 463px) 100vw, 463px\" \/><\/a><\/p>\n","protected":false},"excerpt":{"rendered":"<p>Auch in diesem Jahr l\u00e4dt Villekula e.V. wieder zu einem gem\u00fctlichen Nikolausmarkt im Modul 1 (Rote Stra\u00dfe 17) in Flensburg ein.\u00a0 Am Sonntag, den 03. Dezember 2017, von 14 -18 Uhr wird Villekula all die wunderbaren Dinge verkaufen, die w\u00e4hrend des letzten Gartenjahres entstanden sind. Von eingelegten Kr\u00e4uter\u00f6len \u00fcber Kr\u00e4utersalz bis hin zu Fr\u00fchst\u00fccksbrettchen, ist [&hellip;]<\/p>\n","protected":false},"author":2,"featured_media":0,"comment_status":"closed","ping_status":"closed","sticky":false,"template":"","format":"standard","meta":[],"categories":[1,31],"tags":[32,19],"_links":{"self":[{"href":"https:\/\/modul1flensburg.eu\/index.php?rest_route=\/wp\/v2\/posts\/1542"}],"collection":[{"href":"https:\/\/modul1flensburg.eu\/index.php?rest_route=\/wp\/v2\/posts"}],"about":[{"href":"https:\/\/modul1flensburg.eu\/index.php?rest_route=\/wp\/v2\/types\/post"}],"author":[{"embeddable":true,"href":"https:\/\/modul1flensburg.eu\/index.php?rest_route=\/wp\/v2\/users\/2"}],"replies":[{"embeddable":true,"href":"https:\/\/modul1flensburg.eu\/index.php?rest_route=%2Fwp%2Fv2%2Fcomments&post=1542"}],"version-history":[{"count":9,"href":"https:\/\/modul1flensburg.eu\/index.php?rest_route=\/wp\/v2\/posts\/1542\/revisions"}],"predecessor-version":[{"id":1554,"href":"https:\/\/modul1flensburg.eu\/index.php?rest_route=\/wp\/v2\/posts\/1542\/revisions\/1554"}],"wp:attachment":[{"href":"https:\/\/modul1flensburg.eu\/index.php?rest_route=%2Fwp%2Fv2%2Fmedia&parent=1542"}],"wp:term":[{"taxonomy":"category","embeddable":true,"href":"https:\/\/modul1flensburg.eu\/index.php?rest_route=%2Fwp%2Fv2%2Fcategories&post=1542"},{"taxonomy":"post_tag","embeddable":true,"href":"https:\/\/modul1flensburg.eu\/index.php?rest_route=%2Fwp%2Fv2%2Ftags&post=1542"}],"curies":[{"name":"wp","href":"https:\/\/api.w.org\/{rel}","templated":true}]}}