{"id":1556,"date":"2017-12-09T09:51:28","date_gmt":"2017-12-09T09:51:28","guid":{"rendered":"https:\/\/modul1flensburg.eu\/?p=1556"},"modified":"2018-02-02T18:23:33","modified_gmt":"2018-02-02T18:23:33","slug":"weihnacht-schwarz-weis-modul1","status":"publish","type":"post","link":"https:\/\/modul1flensburg.eu\/?p=1556","title":{"rendered":"Weihnacht Schwarz-Wei\u00df MODUL1"},"content":{"rendered":"<p><b>\u00a0<\/b><\/p>\n<div style=\"margin: 0px 10px 0px 0px; border: 2px solid #E6E6E6; padding: 0em 1em 1em; background-color: #6e6e6e; text-align: left;\">\n<h3><span style=\"color: #ffffff;\"><b>Weihnachten &#8211; wir haben den Farbfilm vergessen<\/b><\/span><\/h3>\n<p><span style=\"color: #ffffff;\">Weihnachten ohne Farbe, eigentlich undenkbar, oder? Das dies durchaus m\u00f6glich ist, zeigen Studierende der Abt. Kunst an der EUF im Dezember im MODUL1, dem Ausstellungsraum der Universit\u00e4t in der Roten Stra\u00dfe. <\/span><br \/>\n<span style=\"color: #ffffff;\">Im Rahmen ihres Seminars \u201eSzenografien\u201c haben die Studierenden eine Ausstellung konzipiert, in der ein Farbfilm nicht vergessen wurde, sondern in der bewusst auf grellbunte Farbigkeit verzichtet wurde. Es werden verschiedene Aspekte von Weihnachten gezeigt und diese unter einer besonderen &#8211; schwarzwei\u00dfen \u2013Wahrnehmung vermittelt.<\/span><\/p>\n<p><span style=\"color: #ffffff;\"> <b>Vernissage 12.12. | 19:00\u00a0<\/b><\/span><br \/>\n<span style=\"color: #ffffff;\"> <b>MODUL1\u00a0<\/b><\/span><br \/>\n<span style=\"color: #ffffff;\"> <b>Rote Stra\u00dfe 17 | Flensburg<\/b><\/span><br \/>\n<span style=\"color: #ffffff;\"> Bis zum 16.12.2017<\/span><br \/>\n<span style=\"color: #ffffff;\"> Donnerstag und Freitag 11-13 Uhr | 17-19 Uhr<\/span><br \/>\n<span style=\"color: #ffffff;\"> Sonnabend 11-16 Uhr<\/span><\/p>\n<p><a href=\"https:\/\/modul1flensburg.eu\/wp-content\/uploads\/2017\/12\/Weihnachten_20171.pdf\" target=\"_blank\"><span style=\"color: #ffffff;\"><b>Zum Flyer<\/b><\/span><\/a><\/p>\n<p><a href=\"https:\/\/modul1flensburg.eu\/wp-content\/uploads\/2017\/12\/IMG_5939.jpg\"><img decoding=\"async\" loading=\"lazy\" class=\"alignnone size-medium wp-image-1559\" alt=\"IMG_5939\" src=\"https:\/\/modul1flensburg.eu\/wp-content\/uploads\/2017\/12\/IMG_5939-225x300.jpg\" width=\"225\" height=\"300\" srcset=\"https:\/\/modul1flensburg.eu\/wp-content\/uploads\/2017\/12\/IMG_5939-225x300.jpg 225w, https:\/\/modul1flensburg.eu\/wp-content\/uploads\/2017\/12\/IMG_5939-768x1024.jpg 768w\" sizes=\"(max-width: 225px) 100vw, 225px\" \/><\/a><\/p>\n<p>Fotomotiv von Kathrin Saager \/ Flyer <em>finemediagraphik<\/em><\/p>\n<\/div>\n","protected":false},"excerpt":{"rendered":"<p>\u00a0 Weihnachten &#8211; wir haben den Farbfilm vergessen Weihnachten ohne Farbe, eigentlich undenkbar, oder? Das dies durchaus m\u00f6glich ist, zeigen Studierende der Abt. Kunst an der EUF im Dezember im MODUL1, dem Ausstellungsraum der Universit\u00e4t in der Roten Stra\u00dfe. Im Rahmen ihres Seminars \u201eSzenografien\u201c haben die Studierenden eine Ausstellung konzipiert, in der ein Farbfilm nicht [&hellip;]<\/p>\n","protected":false},"author":2,"featured_media":0,"comment_status":"closed","ping_status":"closed","sticky":false,"template":"","format":"standard","meta":[],"categories":[1,31],"tags":[32,19],"_links":{"self":[{"href":"https:\/\/modul1flensburg.eu\/index.php?rest_route=\/wp\/v2\/posts\/1556"}],"collection":[{"href":"https:\/\/modul1flensburg.eu\/index.php?rest_route=\/wp\/v2\/posts"}],"about":[{"href":"https:\/\/modul1flensburg.eu\/index.php?rest_route=\/wp\/v2\/types\/post"}],"author":[{"embeddable":true,"href":"https:\/\/modul1flensburg.eu\/index.php?rest_route=\/wp\/v2\/users\/2"}],"replies":[{"embeddable":true,"href":"https:\/\/modul1flensburg.eu\/index.php?rest_route=%2Fwp%2Fv2%2Fcomments&post=1556"}],"version-history":[{"count":11,"href":"https:\/\/modul1flensburg.eu\/index.php?rest_route=\/wp\/v2\/posts\/1556\/revisions"}],"predecessor-version":[{"id":1577,"href":"https:\/\/modul1flensburg.eu\/index.php?rest_route=\/wp\/v2\/posts\/1556\/revisions\/1577"}],"wp:attachment":[{"href":"https:\/\/modul1flensburg.eu\/index.php?rest_route=%2Fwp%2Fv2%2Fmedia&parent=1556"}],"wp:term":[{"taxonomy":"category","embeddable":true,"href":"https:\/\/modul1flensburg.eu\/index.php?rest_route=%2Fwp%2Fv2%2Fcategories&post=1556"},{"taxonomy":"post_tag","embeddable":true,"href":"https:\/\/modul1flensburg.eu\/index.php?rest_route=%2Fwp%2Fv2%2Ftags&post=1556"}],"curies":[{"name":"wp","href":"https:\/\/api.w.org\/{rel}","templated":true}]}}