{"id":1636,"date":"2018-04-26T22:39:01","date_gmt":"2018-04-26T22:39:01","guid":{"rendered":"https:\/\/modul1flensburg.eu\/?p=1636"},"modified":"2018-04-26T22:39:01","modified_gmt":"2018-04-26T22:39:01","slug":"modul1-wird-zum-tanzort","status":"publish","type":"post","link":"https:\/\/modul1flensburg.eu\/?p=1636","title":{"rendered":"MODUL1 wird zum TanzOrt"},"content":{"rendered":"<h3><span style=\"color: #993300;\">\u00a0<\/span><\/h3>\n<p><a href=\"https:\/\/modul1flensburg.eu\/wp-content\/uploads\/2018\/04\/Screenshot-2018-04-27-00.22.48.png\"><img decoding=\"async\" loading=\"lazy\" class=\"alignnone  wp-image-1637\" alt=\"Screenshot 2018-04-27 00.22.48\" src=\"https:\/\/modul1flensburg.eu\/wp-content\/uploads\/2018\/04\/Screenshot-2018-04-27-00.22.48-1024x254.png\" width=\"430\" height=\"107\" srcset=\"https:\/\/modul1flensburg.eu\/wp-content\/uploads\/2018\/04\/Screenshot-2018-04-27-00.22.48-1024x254.png 1024w, https:\/\/modul1flensburg.eu\/wp-content\/uploads\/2018\/04\/Screenshot-2018-04-27-00.22.48-300x74.png 300w, https:\/\/modul1flensburg.eu\/wp-content\/uploads\/2018\/04\/Screenshot-2018-04-27-00.22.48.png 1918w\" sizes=\"(max-width: 430px) 100vw, 430px\" \/><\/a><\/p>\n<p><span style=\"color: #993300;\"><strong>Am Sonntag, 29. April<\/strong><\/span> werden die B\u00fchne der Comenius-Schule Flensburg, die Campelle Flensburg auf dem Gel\u00e4nde der Europa-Universit\u00e4t sowie das Modul1 in der Roten Stra\u00dfe zu TanzOrten.\u00a0W\u00fcrden an diesem Tag alle Menschen tanzen, dann g\u00e4be es einen Tag lang keine kriegerischen Auseinandersetzungen auf der Welt, so der Gedanke der Unesco, die den 29. April als Welttanztag 1982 ins Leben gerufen hat, um den Tanz als universelle Sprache zu w\u00fcrdigen.\u00a0Tanz ist die \u00e4lteste Sprache, die Grenzen von Politik, Kulturen und ethnischen Zugeh\u00f6rigkeiten \u00fcberschreitet und \u00fcber Sprach- und Kulturbarrieren hinaus verstanden und gesch\u00e4tzt werden kann.<br \/>\n<strong><span style=\"color: #993300;\">\u201eB.A.C.H. Code # Mathematik tanzen\u201c<\/span><\/strong> unter der Leitung von Choreographin, Regisseurin und Kulturvermittlerin <em>Stela Korljan<\/em> sowie Lehrer und Kulturvermittler <em>Jens Koll<\/em> l\u00e4dt Tanzbegeisterte ein, die Kraft, die Vielfalt und die Faszination des Tanzes zu erleben.<\/p>\n<p>Comenius \u2013 Schule, Drosselweg 12, 24939 Flensburg: 12:30 \u2013 14:00 Uhr<br \/>\nCampelle, Thomas \u2013 Fincke Str. 16, 24942 Flensburg: 15:00 \u2013 17:00 Uhr<br \/>\n<strong><span style=\"color: #808000;\">MODUL 1, Rote Strasse 17, 24937 Flensburg: 18:00 \u2013 20:00 Uhr<\/span><\/strong><\/p>\n<p><a href=\"https:\/\/modul1flensburg.eu\/wp-content\/uploads\/2018\/04\/Welttanztag-2018-Comenius_7.1-PDF.pdf\" target=\"_blank\">FLYER<\/a><\/p>\n<p>&nbsp;<\/p>\n<p>&nbsp;<\/p>\n<p>&nbsp;<\/p>\n","protected":false},"excerpt":{"rendered":"<p>\u00a0 Am Sonntag, 29. April werden die B\u00fchne der Comenius-Schule Flensburg, die Campelle Flensburg auf dem Gel\u00e4nde der Europa-Universit\u00e4t sowie das Modul1 in der Roten Stra\u00dfe zu TanzOrten.\u00a0W\u00fcrden an diesem Tag alle Menschen tanzen, dann g\u00e4be es einen Tag lang keine kriegerischen Auseinandersetzungen auf der Welt, so der Gedanke der Unesco, die den 29. April [&hellip;]<\/p>\n","protected":false},"author":2,"featured_media":0,"comment_status":"closed","ping_status":"closed","sticky":false,"template":"","format":"standard","meta":[],"categories":[1,34],"tags":[35,19],"_links":{"self":[{"href":"https:\/\/modul1flensburg.eu\/index.php?rest_route=\/wp\/v2\/posts\/1636"}],"collection":[{"href":"https:\/\/modul1flensburg.eu\/index.php?rest_route=\/wp\/v2\/posts"}],"about":[{"href":"https:\/\/modul1flensburg.eu\/index.php?rest_route=\/wp\/v2\/types\/post"}],"author":[{"embeddable":true,"href":"https:\/\/modul1flensburg.eu\/index.php?rest_route=\/wp\/v2\/users\/2"}],"replies":[{"embeddable":true,"href":"https:\/\/modul1flensburg.eu\/index.php?rest_route=%2Fwp%2Fv2%2Fcomments&post=1636"}],"version-history":[{"count":13,"href":"https:\/\/modul1flensburg.eu\/index.php?rest_route=\/wp\/v2\/posts\/1636\/revisions"}],"predecessor-version":[{"id":1653,"href":"https:\/\/modul1flensburg.eu\/index.php?rest_route=\/wp\/v2\/posts\/1636\/revisions\/1653"}],"wp:attachment":[{"href":"https:\/\/modul1flensburg.eu\/index.php?rest_route=%2Fwp%2Fv2%2Fmedia&parent=1636"}],"wp:term":[{"taxonomy":"category","embeddable":true,"href":"https:\/\/modul1flensburg.eu\/index.php?rest_route=%2Fwp%2Fv2%2Fcategories&post=1636"},{"taxonomy":"post_tag","embeddable":true,"href":"https:\/\/modul1flensburg.eu\/index.php?rest_route=%2Fwp%2Fv2%2Ftags&post=1636"}],"curies":[{"name":"wp","href":"https:\/\/api.w.org\/{rel}","templated":true}]}}