{"id":164,"date":"2011-12-29T14:33:00","date_gmt":"2011-12-29T14:33:00","guid":{"rendered":"https:\/\/modul1flensburg.eu\/?p=164"},"modified":"2012-12-09T21:43:47","modified_gmt":"2012-12-09T21:43:47","slug":"ausstellungen-2012","status":"publish","type":"post","link":"https:\/\/modul1flensburg.eu\/?p=164","title":{"rendered":"Galerie Modul 1 \u2022 2012"},"content":{"rendered":"<hr align=\"left\" noshade=\"noshade\" size=\"03\" width=\"227\" \/>\n<h2><span style=\"color: #993300;\">K\u00fcnstlerisch-textile Accessoires zur Weihnachtszeit<\/span><\/h2>\n<p>Im Rahmen der <strong>&#8222;M\u00e4rchenhaften Roten Stra\u00dfe&#8220;<\/strong> veranstalten Kunst- und Textilstudierende der Universit\u00e4t Flensburg eine Kunstaktion im MODUL 1.<br \/>\nVom <strong>10. bis 15. Dezember<\/strong> werden Notizb\u00fccher, Stulpen, Ohrringe, gefilzte K\u00f6rbe, Baumschmuck, Ketten, Handytaschen, Karten und viele weitere gen\u00e4hte, geh\u00e4kelte, gestrickte und gezeichnete Dinge angeboten.<br \/>\nDiese handgefertigten Produkte k\u00f6nnen <strong>Montag bis Samstag von 11 &#8211; 18 Uhr<\/strong> begutachtet und gerne k\u00e4uflich erworben werden. Die Einnahmen werden f\u00fcr Spendenzwecke verwendet.<br \/>\n<a href=\"https:\/\/modul1flensburg.eu\/wp-content\/uploads\/2011\/12\/Weihnachtsflyer_Kunst-Textil.jpg\"><img decoding=\"async\" loading=\"lazy\" class=\"alignnone size-medium wp-image-472\" title=\"Weihnachtsflyer_Kunst-Textil\" src=\"https:\/\/modul1flensburg.eu\/wp-content\/uploads\/2011\/12\/Weihnachtsflyer_Kunst-Textil-217x300.jpg\" alt=\"\" width=\"217\" height=\"300\" srcset=\"https:\/\/modul1flensburg.eu\/wp-content\/uploads\/2011\/12\/Weihnachtsflyer_Kunst-Textil-217x300.jpg 217w, https:\/\/modul1flensburg.eu\/wp-content\/uploads\/2011\/12\/Weihnachtsflyer_Kunst-Textil.jpg 577w\" sizes=\"(max-width: 217px) 100vw, 217px\" \/><\/a><\/p>\n<hr \/>\n<h2><span style=\"color: #993300;\">Vom 13. Bis 24. November im MODUL 1<\/span><\/h2>\n<h2><span style=\"color: #993300;\"><strong>Festivalb\u00fcro der zw\u00f6lften Flensburger Kurzfilmtage\u00a0<\/strong><\/span><\/h2>\n<p><a href=\"https:\/\/modul1flensburg.eu\/wp-content\/uploads\/2011\/12\/Kurzfilm.png\"><img decoding=\"async\" loading=\"lazy\" class=\"size-full wp-image-440 alignleft\" title=\"Kurzfilm\" src=\"https:\/\/modul1flensburg.eu\/wp-content\/uploads\/2011\/12\/Kurzfilm.png\" alt=\"\" width=\"164\" height=\"115\" srcset=\"https:\/\/modul1flensburg.eu\/wp-content\/uploads\/2011\/12\/Kurzfilm.png 336w, https:\/\/modul1flensburg.eu\/wp-content\/uploads\/2011\/12\/Kurzfilm-300x210.png 300w\" sizes=\"(max-width: 164px) 100vw, 164px\" \/><\/a>Die Flensburger Kurzfilmtage finden in diesem Jahr vom 22. bis zum 24 .November im <span style=\"color: #808000;\">Kino 51Stufen<\/span> im Deutschen Haus statt.<br \/>\nWie in den vergangenen Jahren nutzen die Fachhochschule Flensburg, die Universit\u00e4t Flensburg und der Verein Flensburger Kurzfilmtage e.V. als Veranstalter das MODUL 1, um im Vorfeld \u00fcber das Programm zu informieren und um Begeisterung f\u00fcr den Kurzfilm als kulturelles, k\u00fcnstlerisches und informatives Element zu wecken. Dar\u00fcber hinaus k\u00f6nnen hier Eintrittskarten f\u00fcr das Festival erworben werden.<br \/>\nW\u00e4hrend des Festivals wird das MODUL 1 zudem zum zentralen Treffpunkt und Lounge der Filmemacher und G\u00e4ste.<br \/>\n<strong><span style=\"color: #808000;\"><em>\u00d6ffnungszeiten: Mo.-Fr. 10.00 bis 17.00 Uhr \/ Sa. 10.00-14.00 Uhr<\/em><\/span><\/strong><br \/>\n<span style=\"color: #808080;\"><em><strong>Flyer <\/strong><a href=\"https:\/\/modul1flensburg.eu\/wp-content\/uploads\/2011\/12\/plakat_ohne_logos.pdf\">Download<\/a><\/em><\/span><\/p>\n<p>&nbsp;<\/p>\n<hr \/>\n<h2><span style=\"color: #993300;\">Contemporary Textile-Art-Concepts<\/span><\/h2>\n<h3><span style=\"color: #993300;\">von ArtProjectBrockmann<\/span><\/h3>\n<p>Bereits zum wiederholten Male bespielt der Tetxtilk\u00fcnstler &#8222;Brockmann&#8220;, der in zweiter Instanz als Mastestudent an der Uni studiert,\u00a0das <strong>MODUL 1<\/strong> mit textilen Installationen. Transformation und Reflexion von textilem Material in der Kunst, Textile Skulptur und der Ansatz farblich minimal zu arbeiten, sind ein Bestandteil dieser Arbeits-Ausstellung.<br \/>\n<span style=\"color: #808000;\"><em><strong>Er\u00f6ffnet ab 29.10.2012<\/strong><\/em><\/span><\/p>\n<p><a href=\"https:\/\/modul1flensburg.eu\/wp-content\/uploads\/2011\/12\/white-face-2.jpg\"><img decoding=\"async\" loading=\"lazy\" class=\"alignnone size-large wp-image-432\" title=\"SONY DSC\" src=\"https:\/\/modul1flensburg.eu\/wp-content\/uploads\/2011\/12\/white-face-2-681x1024.jpg\" alt=\"\" width=\"327\" height=\"491\" srcset=\"https:\/\/modul1flensburg.eu\/wp-content\/uploads\/2011\/12\/white-face-2-681x1024.jpg 681w, https:\/\/modul1flensburg.eu\/wp-content\/uploads\/2011\/12\/white-face-2-199x300.jpg 199w\" sizes=\"(max-width: 327px) 100vw, 327px\" \/><\/a><\/p>\n<hr \/>\n<p><strong><a href=\"https:\/\/modul1flensburg.eu\/wp-content\/uploads\/2012\/10\/Ausstellung-Reproduktion.jpg\"><img decoding=\"async\" loading=\"lazy\" class=\"alignnone size-large wp-image-399\" title=\"Ausstellung Reproduktion\" src=\"https:\/\/modul1flensburg.eu\/wp-content\/uploads\/2012\/10\/Ausstellung-Reproduktion-1024x211.jpg\" alt=\"\" width=\"504\" height=\"100\" \/><\/a><\/strong><\/p>\n<h2><span style=\"color: #993300;\">Alien Reproduktion<\/span><\/h2>\n<p><strong>F\u00fcr uns ist das All schon lange kein unber\u00fchrter Raum mehr.<\/strong> Seit Generationen ist es Austragungsort f\u00fcr K\u00e4mpfe, die auf der Erde nicht genug Raum haben gefochten zu werden, und f\u00fcr Konflikte die von unserer Welt in den fiktiven Raum der Science Fiction projiziert werden. Es ist ein Ort der Hoffnung: die Neue Welt, die Rettung verspricht.<\/p>\n<p>Beispiele f\u00fcr K\u00e4mpfe, die im All ausgetragen werden, sind jene zwischen Mann und Frau oder zwischen verschiedenen Kulturen. H\u00e4ufig geht es dabei aber auch um \u00c4ngste, insbesondere um die Angst vor der \u00dcbermacht der Technologie.<\/p>\n<p>Die Studentin <span style=\"color: #666699;\"><em>Anna Lorscheider<\/em><\/span> setzt sich im Rahmen ihrer Masterarbeit insbesondere mit einem Aspekt auseinander, der in diesem Diskurs verhandelt wird: der Reproduktion.<\/p>\n<p>Die neu entstandenen M\u00f6glichkeiten technischer Eingriffe in die menschliche Reproduktion haben in der Science Fiction zu einer intensiven Besch\u00e4ftigung mit ver\u00e4nderter menschlicher Fortpflanzung, aber auch mit extraterrestrischen Schwangerschaften gef\u00fchrt. Diese Auseinandersetzung produziert einerseits Bilder des Monstr\u00f6sen, bietet andererseits aber auch eine Plattform f\u00fcr den Feminismus und die Queer-Theorie um die biologischen Festschreibungen von Geschlecht in Frage zu stellen.<\/p>\n<p>In ihrer fotografischen Arbeit n\u00e4hert sich Anna Lorscheider diesem Thema an und erschafft sowohl \u00e4sthetische als auch abschreckende Bilder ver\u00e4nderter Reproduktion.<\/p>\n<p><span style=\"color: #808000;\"><em>Die Ausstellung ist am 18. und 19. Oktober 2012 im Modul 1 zu sehen, die Er\u00f6ffnung findet am 18. um 18 Uhr statt.<\/em><\/span><\/p>\n<p><span style=\"text-decoration: underline;\"><span style=\"color: #993300; text-decoration: underline;\">Ausstellungsimpressionen<\/span><\/span><\/p>\n<p><a href=\"https:\/\/modul1flensburg.eu\/wp-content\/uploads\/2011\/12\/IMG_9721-Kopie.jpg\"><img decoding=\"async\" loading=\"lazy\" class=\"alignnone size-full wp-image-418\" title=\"IMG_9721 Kopie\" src=\"https:\/\/modul1flensburg.eu\/wp-content\/uploads\/2011\/12\/IMG_9721-Kopie.jpg\" alt=\"\" width=\"300\" height=\"200\" srcset=\"https:\/\/modul1flensburg.eu\/wp-content\/uploads\/2011\/12\/IMG_9721-Kopie.jpg 942w, https:\/\/modul1flensburg.eu\/wp-content\/uploads\/2011\/12\/IMG_9721-Kopie-300x199.jpg 300w\" sizes=\"(max-width: 300px) 100vw, 300px\" \/><\/a><a href=\"https:\/\/modul1flensburg.eu\/wp-content\/uploads\/2011\/12\/IMG_9664-Kopie.jpg\"><img decoding=\"async\" loading=\"lazy\" class=\"alignnone size-full wp-image-424\" title=\"IMG_9664 Kopie\" src=\"https:\/\/modul1flensburg.eu\/wp-content\/uploads\/2011\/12\/IMG_9664-Kopie.jpg\" alt=\"\" width=\"300\" height=\"200\" \/><\/a><\/p>\n<hr \/>\n<h2><span style=\"color: #993300;\">&#8222;Daumen dr\u00fccken&#8220; f\u00fcr Sonderborg als europ\u00e4ische Kulturhauptstadt.<\/span><\/h2>\n<h3><strong>Tolle Exponate der Aktion \u00a0im Modul 1 zu sehen<\/strong><\/h3>\n<div id=\"attachment_378\" style=\"width: 240px\" class=\"wp-caption alignleft\"><a href=\"https:\/\/modul1flensburg.eu\/wp-content\/uploads\/2011\/12\/Foto-221.jpg\"><img aria-describedby=\"caption-attachment-378\" decoding=\"async\" loading=\"lazy\" class=\"size-full wp-image-378\" title=\"Foto-22\" src=\"https:\/\/modul1flensburg.eu\/wp-content\/uploads\/2011\/12\/Foto-221-e1345245104274.jpg\" alt=\"\" width=\"230\" height=\"173\" srcset=\"https:\/\/modul1flensburg.eu\/wp-content\/uploads\/2011\/12\/Foto-221-e1345245104274.jpg 640w, https:\/\/modul1flensburg.eu\/wp-content\/uploads\/2011\/12\/Foto-221-e1345245104274-300x225.jpg 300w\" sizes=\"(max-width: 230px) 100vw, 230px\" \/><\/a><p id=\"caption-attachment-378\" class=\"wp-caption-text\">Begeistert von tollen Daumenkunstwerken: Besucher im Modul1<\/p><\/div>\n<p>Am 24. August entscheidet sich in Kopenhagen welche d\u00e4nische Stadt 2017 Europ\u00e4ische Kulturhauptstadt wird. Aarhus und Sonderburg mit der gesamten Grenzregion stellen sich abschlie\u00dfend einer europ\u00e4ischen Kommission. Um die Bewerbung Sonderborgs zu unterst\u00fctzen haben Kaufleute der Roten Stra\u00dfe ausgehend von einer Initiative des Weinhaus Braasch eine &#8222;Daumen dr\u00fccken&#8220;-Aktion f\u00fcr Sonderburg ins Leben gerufen. Seit Juni haben sie zusammen mit ihren Kunden aus aller Welt auf diese Weise \u00fcber 2.000 Daumendr\u00fccke gesammelt und stellten diese nun am 17.August im Modul 1 aus. Bis zum 24. August kann hier noch weiter gedr\u00fcckt werden, denn dann f\u00e4llt die Entscheidung in Kopenhagen, die ebenfalls im Modul 1 ab 16 Uhr live \u00fcbertragen wird.\u00a0Studentinnen der Kunst werden bis dahin das Modul 1 f\u00fcr Besucher ge\u00f6ffnet halten und eine weitere Kunstaktion mit den Daumen f\u00fcr Sonderborg planen.<\/p>\n<div id=\"attachment_379\" style=\"width: 238px\" class=\"wp-caption alignnone\"><a href=\"https:\/\/modul1flensburg.eu\/wp-content\/uploads\/2011\/12\/Foto-23.jpg\"><img aria-describedby=\"caption-attachment-379\" decoding=\"async\" loading=\"lazy\" class=\"size-full wp-image-379 \" title=\"Foto-23\" src=\"https:\/\/modul1flensburg.eu\/wp-content\/uploads\/2011\/12\/Foto-23-e1345245271450.jpg\" alt=\"\" width=\"228\" height=\"171\" srcset=\"https:\/\/modul1flensburg.eu\/wp-content\/uploads\/2011\/12\/Foto-23-e1345245271450.jpg 640w, https:\/\/modul1flensburg.eu\/wp-content\/uploads\/2011\/12\/Foto-23-e1345245271450-300x225.jpg 300w\" sizes=\"(max-width: 228px) 100vw, 228px\" \/><\/a><p id=\"caption-attachment-379\" class=\"wp-caption-text\">Hielt eine kernige kulturpolitische Laudatio zur Er\u00f6ffnung: Rainer Pr\u00fcss<\/p><\/div>\n<p><span style=\"color: #808000;\"><strong>Alle Interessierten sind zum Daumen dr\u00fccken bis zum 24. August in den Gesch\u00e4ften der Roten Stra\u00dfe und im Modul 1 herzlich willkommen!\u00a0Alle weiteren Infos und viele gedr\u00fcckte Daumen unter <a href=\"https:\/\/www.rotestrasse.de\"><span style=\"color: #808000;\">www.rotestrasse.de<\/span><\/a><\/strong><\/span><\/p>\n<hr \/>\n<h2><span style=\"color: #993300;\">Vielf\u00e4ltiges im textilen Kontext<\/span><\/h2>\n<h2><span class=\"Apple-style-span\" style=\"font-size: 13px; font-weight: normal;\">Mit textilem Material im \u00e4sthetischem Kontext \u00a0begann das Sommersemester im MODUL1. Textiles ist auch zur Zeit im Ausstellungsraum zu sehen und Textiles wird den Ausstellungszyklus \u00a0in die Sommerpause f\u00fchren. Die Werke bleiben weiterhin durch das Schaufenster sichtbar.<\/span><\/h2>\n<p><a href=\"https:\/\/modul1flensburg.eu\/wp-content\/uploads\/2011\/12\/Bildschirmfoto-2012-07-16-um-20.48.42.png\"><img decoding=\"async\" loading=\"lazy\" class=\"alignnone size-large wp-image-367\" title=\"Bildschirmfoto 2012-07-16 um 20.48.42\" src=\"https:\/\/modul1flensburg.eu\/wp-content\/uploads\/2011\/12\/Bildschirmfoto-2012-07-16-um-20.48.42-1024x413.png\" alt=\"\" width=\"600\" height=\"252\" \/><\/a><\/p>\n<hr \/>\n<h3><span style=\"color: #808000;\">Das Modul 1 unterst\u00fctzt:<\/span><\/h3>\n<h2><span style=\"color: #993300;\">Kornlager-Kunstlager<\/span><\/h2>\n<p>Das Modul1 in der Roten Stra\u00dfe als au\u00dferuniversit\u00e4res Erfahrungsfeld f\u00fcr Studierende unterst\u00fctzt auch Initiativen in anderen Projekten.\u00a0Dies entspricht den Prinzipien des &#8222;Flensburger Wegs&#8220; im Bereich Kunst und visuelle Medien. Den Studierenden sollen in Projekten in verschiedenen Bereichen und an unterschiedlichsten Orten au\u00dferhalb der Universit\u00e4t Perspektiven f\u00fcr neue Erfahrungen er\u00f6ffnet werden.\u00a0Auf folgende grenz\u00fcberschreitende Veranstaltung, gef\u00f6rdert von &#8222;Kulturdialog&#8220;, m\u00f6chten wir deshalb hinweisen:<\/p>\n<p><strong><span style=\"color: #993300;\">Kornlager &#8211; Kunstlager<\/span><br \/>\n<span style=\"color: #993300;\"> ein Raum f\u00fcr die Kunst \u2013 et rum til kunsten<\/span><br \/>\n<\/strong><span style=\"color: #333300;\"><em>Das Kornlager Augustenborg, ein ehemaliges Lagerhaus in Hafenlage, wird seit einigen Jahren auch f\u00fcr Ausstellungen genutzt. Der deutsch-d\u00e4nische K\u00fcnstlerzusammenschluss FFKK und Studierende der Flensburger Universit\u00e4t, Bereich Kunst und visuelle Medien, bereiten gemeinsam eine grenz\u00fcberschreitende Ausstellung vor, bei der eine Gruppe von Studierenden ihre Werke ausstellen wird. Gleichzeitig wird ein weiteres Team die Vermittlung und den Transfer des Projektes vorbereiten. Das Projekt \u201eKornlager-Kunstlager\u201c soll die Begegnung der praktischen mit der akademischen Welt den Weg ebenen. Ein weiteres Ziel ist, ungew\u00f6hnliche R\u00e4ume f\u00fcr die Kunst zu entdecken und m\u00f6glichst dauerhaft nutzbar zu machen. Das Projekt wird aus dem Kulturpool von \u201eKulturdialog\u201c (Interrreg 4A Projekt) gef\u00f6rdert. Die Ausstellung im Kornlager ist \u00f6ffentlich und soll auch j\u00fcngere Zielgruppen ansprechen.<\/em><\/span><\/p>\n<p><strong>Die Vernissage ist am 23.6.2012 um 15.00 Uhr<\/strong><br \/>\nHavnen 2<br \/>\nDK-6440 Augustenborg<\/p>\n<p><strong>\u00d6ffnungszeiten der Ausstellung<\/strong>: 24.\/28.\/29.\/30.6.\/1.7., 13.30-17.30 Uhr<br \/>\n<a href=\"https:\/\/www.Kornlager-Kunstlager.jimdo.com\/\"> https:\/\/www.Kornlager-Kunstlager.jimdo.com\/<\/a><\/p>\n<p><strong>Partner Deutschland:<\/strong> Universit\u00e4t Flensburg<br \/>\n<a href=\"https:\/\/www.kunst-textil-medien.de\"> https:\/\/www.kunst-textil-medien.de<\/a><\/p>\n<p><strong>Partner D\u00e4nemark:<\/strong> Flensborg Fjords Kunst &amp;<br \/>\nKulturforening (FFKK) <a href=\"https:\/\/www.ffkk.org\">www.ffkk.org<\/a><\/p>\n<p><strong>Kontakt:<\/strong> Werner F\u00fctterer 01725431814<br \/>\n<a href=\"mailto: kunstprojekte@uni-flensburg.de  \"> kunstprojekte@uni-flensburg.de<\/a><\/p>\n<p><a href=\"https:\/\/modul1flensburg.eu\/wp-content\/uploads\/2011\/12\/Kornlager_flyer_online.jpg\"><img decoding=\"async\" loading=\"lazy\" class=\"alignnone size-large wp-image-359\" title=\"Kornlager_flyer_online\" src=\"https:\/\/modul1flensburg.eu\/wp-content\/uploads\/2011\/12\/Kornlager_flyer_online-1024x476.jpg\" alt=\"\" width=\"553\" height=\"257\" srcset=\"https:\/\/modul1flensburg.eu\/wp-content\/uploads\/2011\/12\/Kornlager_flyer_online-1024x476.jpg 1024w, https:\/\/modul1flensburg.eu\/wp-content\/uploads\/2011\/12\/Kornlager_flyer_online-300x139.jpg 300w, https:\/\/modul1flensburg.eu\/wp-content\/uploads\/2011\/12\/Kornlager_flyer_online.jpg 1517w\" sizes=\"(max-width: 553px) 100vw, 553px\" \/><\/a><\/p>\n<hr \/>\n<p>&nbsp;<\/p>\n<h2><span style=\"color: #800000;\">K\u00fcnstlerische Welt voller verborgener Sch\u00e4tze\u00a0<\/span><\/h2>\n<p><a href=\"https:\/\/modul1flensburg.eu\/wp-content\/uploads\/2011\/12\/Flyer_Fr\u00fchwerke1.jpg\"><img decoding=\"async\" loading=\"lazy\" class=\"size-medium wp-image-350 alignleft\" title=\"Flyer_Fr\u00fchwerke\" src=\"https:\/\/modul1flensburg.eu\/wp-content\/uploads\/2011\/12\/Flyer_Fr\u00fchwerke1-142x300.jpg\" alt=\"\" width=\"142\" height=\"300\" \/><\/a>Am Donnerstag den 31. Mai 2012 um 18.30 Uhr er\u00f6ffnen Kunststudierende des 2. Semesters der Uni Flensburg ihre selbst konzipierte Ausstellung \u201eFr\u00fchwerke\u201c im Ausstellungsraum Modul 1. Rund eine Woche lang stellen sie den BesucherInnen ihre fr\u00fchen Werke aus Kindheit, Jugend und dem letzten\u00a0Semester vor. Unter dem Motto: \u201eTauchen Sie ein in eine Welt voller verborgen gebliebener Sch\u00e4tze, die wir zutage bef\u00f6rdert haben\u201c \u00a0laden die StudentInnen der Universit\u00e4t Flensburg alle kleinen und gro\u00dfen Interessierten herzlich in die Rote Stra\u00dfe 17 ein.\u00a0Der Besuch ist selbstverst\u00e4ndlich kostenfrei.\u00a0Einige der Bilder sind k\u00e4uflich zu erwerben und ein Teil des Erwerbs kommt den Studierenden des Studienganges \u201eKunst und visuelle Medien\u201c f\u00fcr Materialien zugute.<\/p>\n<p>&nbsp;<\/p>\n<p>&nbsp;<\/p>\n<p>&nbsp;<\/p>\n<p><em><span style=\"color: #008000;\">\u00d6ffnungszeiten: Do, 31. Mai bis Mi, 06. Juni,\u00a0Fr \u2013 So: 12.00\u201317.00 und Mo \u2013 Mi: 12.00-18.00\u00a0<\/span><\/em><\/p>\n<hr \/>\n<p>&nbsp;<\/p>\n<p><span class=\"Apple-style-span\" style=\"color: #993300; font-size: 20px; font-weight: bold;\">Voll Textil<\/span><\/p>\n<p><a href=\"https:\/\/modul1flensburg.eu\/wp-content\/uploads\/2011\/12\/Bildschirmfoto-2012-05-16-um-00.11.25.png\"><img decoding=\"async\" loading=\"lazy\" class=\"size-medium wp-image-331 alignnone\" title=\"Bildschirmfoto 2012-05-16 um 00.11.25\" src=\"https:\/\/modul1flensburg.eu\/wp-content\/uploads\/2011\/12\/Bildschirmfoto-2012-05-16-um-00.11.25-300x274.png\" alt=\"\" width=\"252\" height=\"230\" srcset=\"https:\/\/modul1flensburg.eu\/wp-content\/uploads\/2011\/12\/Bildschirmfoto-2012-05-16-um-00.11.25-300x274.png 300w, https:\/\/modul1flensburg.eu\/wp-content\/uploads\/2011\/12\/Bildschirmfoto-2012-05-16-um-00.11.25.png 526w\" sizes=\"(max-width: 252px) 100vw, 252px\" \/><\/a><\/p>\n<p><span style=\"color: #808000;\"><strong>Zum Semesterbeginn startete auch das MODUL1 in der Roten Stra\u00dfe in Flensburg wieder mit Ausstellungsaktivit\u00e4ten. Im Sommersemester 2012 wird schwerpunktm\u00e4\u00dfig TEXTILES zu sehen sein.<\/strong><\/span><br \/>\n_____<\/p>\n<p><strong>&#8222;Inspiriert von Farben Islands&#8220;<\/strong> \u2013\u00a0Im April pr\u00e4sentierte die isl\u00e4ndische Lehrbeauftragte des Bereichs Textil Helga J\u00f3hannesd\u00f3ttir Arbeiten, die w\u00e4hrend ihrer T\u00e4tigkeit an der Uni Flensburg mit Studierenden entstanden sind.<\/p>\n<p><strong>Aktuell<\/strong> im Mai zeigt &#8222;Artprojekt Brockmann&#8220;\u00a0textile Installationen als Erfahrungsfeld im Kontext zeitgen\u00f6ssischer Kunstpraxis. Im Anschluss stellen zwei Dozenten des Faches Textil, Astrid Ragotzky und Norbert Sch\u00fctz, Musterentw\u00fcrfe vor (bis zum 29.5.).<\/p>\n<p><strong>Am 8.6.<\/strong> \u00fcben Studierende des Faches Textil unter dem Titel &#8222;Fashion Performance&#8220; Choreografien f\u00fcr eine Auff\u00fchrung auf dem <a href=\"https:\/\/www.campuswelt-flensburg.de\/\">Campusfest<\/a> ein (Leitung Anna Sophie M\u00fcller).<\/p>\n<p><strong>Vom 11.6. bis zum 25.6.<\/strong> zeigen die Zweitsemester Textil Arbeitsproben aus dem Studium.\u00a0Eingerahmt werden die textilen Pr\u00e4sentationen von zwei Ausstellungen der Kunst, zu denen gesondert eingeladen wird.<\/p>\n<hr \/>\n<h2><\/h2>\n<h2><\/h2>\n<h2><\/h2>\n<p>&nbsp;<\/p>\n<h2><span style=\"color: #993300;\">Echt Tierisch Und In Holz<\/span><\/h2>\n<p><a href=\"https:\/\/modul1flensburg.eu\/wp-content\/uploads\/2011\/12\/Bildschirmfoto-2012-02-29-um-16.09.27.png\"><img decoding=\"async\" loading=\"lazy\" class=\"alignnone\" title=\"Bildschirmfoto 2012-02-29 um 16.09.27\" src=\"https:\/\/modul1flensburg.eu\/wp-content\/uploads\/2011\/12\/Bildschirmfoto-2012-02-29-um-16.09.27-300x176.png\" alt=\"\" width=\"300\" height=\"176\" \/><\/a><br \/>\nF\u00fcr den j\u00e4hrlich ausgelobten Wettbewerb der <a href=\"https:\/\/de.wikipedia.org\/wiki\/Museumsberg_Flensburg\">Heinrich Sauermann Stiftung<\/a> hat das dritte Ausbildungsjahr der Flensburger Berufsfachschule f\u00fcr Holzbildhauerei\u00a0Arbeiten\u00a0zum Thema \u201eTiergruppe&#8220; gefertigt. Diese in Holz geschnitzten Arbeiten sind bis zum 10.03.2012 in der Galerie MODUL 1 zu sehen.<\/p>\n<p><strong>Er\u00f6ffnung ist am 5.2.2012 um 18 Uhr<\/strong><\/p>\n<hr \/>\n<h2><span style=\"color: #993300;\">K\u00fcnstleridentit\u00e4t &#8211; Trina Jung l\u00e4dt zur Performanc<\/span><span style=\"color: #993300;\">e<\/span><\/h2>\n<p><a href=\"https:\/\/modul1flensburg.eu\/wp-content\/uploads\/2011\/12\/99-Stunden-Flyer.jpg\"><img decoding=\"async\" loading=\"lazy\" class=\"alignleft size-thumbnail wp-image-274\" title=\"99 Stunden Flyer\" src=\"https:\/\/modul1flensburg.eu\/wp-content\/uploads\/2011\/12\/99-Stunden-Flyer-150x150.jpg\" alt=\"\" width=\"150\" height=\"150\" \/><\/a>Vom <strong>Montag den 27. Februar bis Freitag den 02. M\u00e4rz 2012<\/strong> wird die Kunststudentin Trina Jung w\u00e4hrend einer 99-st\u00fcndigen Performance ein Werk erschaffen, das K\u00fcnstleridentit\u00e4t thematisiert und diese im Rahmen der kunstpraktischen\u00a0Bachelorarbeit erlangten Forschungsergebnisse visualisiert.<br \/>\n<strong>Festlicher Abschluss Freitag, 2.3. 20 Uhr<\/strong><\/p>\n<hr \/>\n<h2><span style=\"color: #993300;\">M\u00e4rchenhafte Rote Stra\u00dfe und das Modul 1 \u2013 Filmpr\u00e4sentation<\/span><\/h2>\n<p>Kunststudierende der Universit\u00e4t Flensburg unter der Leitung von Otto Sch\u00f6wing haben einen Film gedreht, in dessen Fokus die Popularit\u00e4t und Akzeptanz der Galerie \u201eModul 1\u201c als Ausstellungsort f\u00fcr Studentinnen und Studenten der Universit\u00e4t in der Roten Stra\u00dfe Flensburg steht.<\/p>\n<p>Eingebettet ist das Projekt in das Seminar Schnittstellen\/Kontexte in dessen Rahmen die Studierenden den Campus verlassen und sich au\u00dferuniversit\u00e4re Vermittlungsorte suchen, in denen sie unter Anleitung von Experten praktische Erfahrungen sammeln.<\/p>\n<p>Entstanden ist ein 10-min\u00fctiger Film, der am <strong>25.Februar 2012 um 15:00 Uhr im \u201eModul 1\u201c, Rote Stra\u00dfe 17<\/strong> gezeigt wird. Die Ladenbesitzer der Roten Stra\u00dfe, die als Hauptdarsteller zu sehen sind, bekommen als Dankesch\u00f6n eine DVD mit dem Titel \u201eM\u00e4rchenhafte Rote Stra\u00dfe\u201c<\/p>\n<p>Der Film wird au\u00dferdem im <a href=\"https:\/\/www.okflensburg.de\/fl\/\">Offenen Kanal Flensburg<\/a> und auf dem WEB TV <a href=\"https:\/\/www.viwir.com\">www.viwir.com<\/a> ausgestrahlt.<\/p>\n<hr \/>\n<h2><span style=\"color: #993300;\"><span style=\"color: #808000;\">backslash<\/span> Ausstellungsserie endet mit Highlight<\/span><\/h2>\n<p><a href=\"https:\/\/vimeo.com\/37047024\" target=\"_blank\"><img decoding=\"async\" loading=\"lazy\" class=\"alignleft size-medium wp-image-249\" title=\"Bildschirmfoto 2012-02-23 um 15.39.05\" src=\"https:\/\/modul1flensburg.eu\/wp-content\/uploads\/2011\/12\/Bildschirmfoto-2012-02-23-um-15.39.051-300x157.png\" alt=\"\" width=\"300\" height=\"157\" srcset=\"https:\/\/modul1flensburg.eu\/wp-content\/uploads\/2011\/12\/Bildschirmfoto-2012-02-23-um-15.39.051-300x157.png 300w, https:\/\/modul1flensburg.eu\/wp-content\/uploads\/2011\/12\/Bildschirmfoto-2012-02-23-um-15.39.051.png 642w\" sizes=\"(max-width: 300px) 100vw, 300px\" \/><\/a>So gut gef\u00fcllt war das Modul1 selten. Die letzte Ausstellung &#8222;Fassadenbruch&#8220; mit Arbeiten von Mitarbeitern der Uni Flensburg lockte viele Interessenten an. Als letzte von drei Ausstellungen einer Serie war hier eindeutig der &#8222;Uni-Bonus&#8220; festzustellen, was aber den Erfolg der anderen Ausstellungen in kleinster Weise schm\u00e4lern sollte.<br \/>\nAus dem Seminarzusammenhang heraus planten, organisierten und pr\u00e4sentierten Kunststudierende der Uni Flensburg eine Ausstellungserie im Modul 1, Rote Stra\u00dfe. Die drei Ausstellungen <span style=\"color: #808000;\"><em>&#8222;Ein Strich, ein Weg ein Kost\u00fcm&#8220;, &#8222;Hermann Pausen-ungeahnte Dimensionen&#8220; und letztlich &#8222;Fassadenbruch &#8211; Kunst verbindet&#8220;<\/em><\/span>\u00a0 lie\u00dfen im Ergebnis vortrefflich die umfangreiche Planung und Kuratierung deutlich werden. Die Studierenden hatten vor ihrer eigentlichen Ausstellungsplanung eine umfangreiche Information \u00fcber diese T\u00e4tigkeit durch Experten erhalten. Seminarleiter Werner F\u00fctterer konnte daf\u00fcr Hannelore Nicolaysen vom deutsch-d\u00e4nischen Kunstverein &#8222;FFKK&#8220;, Dr. Michael Fuhr vom &#8222;Museumsberg Flensburg&#8220;, Thomas Frahm vom &#8222;Kulturb\u00fcro&#8220; der Stadt und den Galeristen Peter Kruse von der &#8222;Galerie Kruse&#8220; gewinnen. Daran anschlie\u00dfend vermittelte F\u00fctterer praktisches Know-how zur Rahmung, zur Passepartout-Erstellung und zu Layout- und Pr\u00e4sentationsfragen. &#8222;Das Konzept hat sich bew\u00e4hrt und soll im Wintersemester wiederholt werden, die Studierenden haben uns wundersch\u00f6ne Ausstellungen pr\u00e4sentiert, befand der Dozent, der zusammen mit seinen Kollegen Dr.Jutta Zaremba und Rainer Pr\u00fc\u00df die Ergebnisse fachkundig begutachtete.<\/p>\n<p>Der Film von Melanie Marner (flace 24) \u00fcber die letzte Ausstellungser\u00f6ffnung startet mit &#8222;c l i c k&#8220; aufs Bild.<\/p>\n<hr \/>\n<p>&nbsp;<\/p>\n<h2><\/h2>\n<h1><span style=\"color: #993300;\">\u00a0<strong>&#8220;\u00a0Fassadenbruch &#8211; Kunst verbindet\u201c<\/strong><\/span><\/h1>\n<p><a href=\"https:\/\/modul1flensburg.eu\/wp-content\/uploads\/2011\/12\/Fassadenbruch-neu-gestreckt.jpg\"><img decoding=\"async\" loading=\"lazy\" class=\"alignleft\" title=\"Fassadenbruch-neu-gestreckt\" src=\"https:\/\/modul1flensburg.eu\/wp-content\/uploads\/2011\/12\/Fassadenbruch-neu-gestreckt-157x300.jpg\" alt=\"\" width=\"157\" height=\"300\" \/><\/a><\/p>\n<h2><\/h2>\n<p>Die Ausstellung von f\u00fcnf Kunststudentinnen des f\u00fcnften Semesters soll Dozenten der Universit\u00e4t Flensburg sowie der Fachhochschule aus einer anderen, pers\u00f6nlichen Perspektive zeigen. So wird Raum f\u00fcr eine neue Verkn\u00fcpfung zwischen Studenten und Lehrenden geschaffen. Dozenten zeigen, was sie k\u00fcnstlerisch, privat, ob nun Poesie oder Malerei, machen. Dabei wird die Fassade der Universit\u00e4t symbolisch durchbrochen und ihre Mitarbeiter von einer sehr individuellen, privaten Sichtweise den Flensburgern n\u00e4her gebracht werden.<\/p>\n<h2><span class=\"Apple-style-span\" style=\"font-size: 13px; font-weight: normal;\">Die Ausstellung findet im \u201eModul 1\u201c in der Roten Stra\u00dfe vom 09.02.12- 16.02.12 statt.<\/span><\/h2>\n<h2><span class=\"Apple-style-span\" style=\"font-size: 13px; font-weight: normal;\"><strong>VERNISSAGE: 09.02.2012 ab 19 Uhr<\/strong><\/span><\/h2>\n<h2><\/h2>\n<p>&nbsp;<\/p>\n<p>&nbsp;<\/p>\n<p>&nbsp;<\/p>\n<p>&nbsp;<\/p>\n<p>&nbsp;<\/p>\n<p>&nbsp;<\/p>\n<hr \/>\n<h2><span style=\"color: #808000;\">backslash<\/span> <span style=\"color: #993300;\">Hermann Paulsen-Ausstellung<\/span><\/h2>\n<p>Die Arbeiten des ungew\u00f6hnlichen K\u00fcnstler(-Lehrers) Hermann Pausen lockten viele Besucher in das Modul 1. Die Ausstellungsgruppe konnte mit einer didaktisch hervorragend pr\u00e4sentierten Ausstellung aufwarten und so vielf\u00e4ltigen Eindruck in das Schaffen von Hermann Pauslen vermitteln. Dies best\u00e4tigte auch die Tochter des vor einiger Zeit verstorbenen K\u00fcnstlers mit Blick auf die Ausstellung. Noch bis zum Wochenende ist Pr\u00e4sentation in der Roten Stra\u00dfe zu sehen. Ein Eindruck vermittelt der Clip von Melanie Marner von der Vernissage mit <em>click aufs Bild<\/em>.<\/p>\n<h2><a href=\"https:\/\/vimeo.com\/35898881\"><img decoding=\"async\" loading=\"lazy\" title=\"Bildschirmfoto 2012-02-03 um 11.56.06\" src=\"https:\/\/modul1flensburg.eu\/wp-content\/uploads\/2011\/12\/Bildschirmfoto-2012-02-03-um-11.56.061-300x157.png\" alt=\"\" width=\"240\" height=\"126\" \/><\/a><\/h2>\n<p>&nbsp;<\/p>\n<hr \/>\n<h2><\/h2>\n<h2><span style=\"color: #993300;\"><strong> Hermann Paulsen &#8211; ungeahnte Dimensionen<\/strong><\/span><\/h2>\n<p><strong><\/strong><a href=\"https:\/\/modul1flensburg.eu\/wp-content\/uploads\/2011\/12\/Paulsen_Vorschau1.png\"><img decoding=\"async\" loading=\"lazy\" class=\"alignleft\" title=\"Paulsen_Vorschau\" src=\"https:\/\/modul1flensburg.eu\/wp-content\/uploads\/2011\/12\/Paulsen_Vorschau1.png\" alt=\"\" width=\"216\" height=\"173\" \/><\/a>Am 27. Januar ab 19 Uhr er\u00f6ffnen f\u00fcnf Kunststudentinnen die selbst konzipierte Ausstellung \u201eHermann Paulsen &#8211; ungeahnte Dimensionen\u201c im Ausstellungsraum\u00a0<em>Modul 1<\/em>. Rund eine Woche erm\u00f6glichen die Studentinnen den Besucher\/-innen ausgew\u00e4hlte Werke, biografische Aspekte und die Arbeitsweise des j\u00fcngst verstorbenen Lehrers und K\u00fcnstlers zu\u00a0<em>erfahren<\/em>. \u00a0Hierzu laden die Studentinnen der Uni Flensburg alle kleinen und gro\u00dfen Interessierten herzlich in die Rote Stra\u00dfe 17 ein. Der Besuch ist selbstverst\u00e4ndlich kostenfrei.<\/p>\n<p><em>\u00d6ffnungszeiten:<\/em>\u00a028. Januar bis 2. Februar 2012, Mo-Do 15-18 Uhr &amp; Sa 12-15 Uhr<\/p>\n<p>&nbsp;<\/p>\n<p>&nbsp;<\/p>\n<hr \/>\n<h2><span class=\"Apple-style-span\" style=\"color: #808000;\">\u00a0backslash<\/span><\/h2>\n<h1><span class=\"Apple-style-span\" style=\"color: #993300; font-size: 15px; font-weight: bold;\"><a href=\"https:\/\/vimeo.com\/35149784\"><img decoding=\"async\" loading=\"lazy\" title=\"Bildschirmfoto 2012-01-17 um 17.48.54\" src=\"https:\/\/modul1flensburg.eu\/wp-content\/uploads\/2011\/12\/Bildschirmfoto-2012-01-17-um-17.48.54-300x154.png\" alt=\"\" width=\"300\" height=\"154\" \/><\/a><\/span><\/h1>\n<p>Am vergangenen Donnerstag wurde im Modul1 die erste Ausstellung des Seminars &#8222;Schnittstellen\/Kontexte&#8220; \u00a0aus der Kunst er\u00f6ffnet. Die Ausstellungsmacherinnen Levke, Pia, Katharina, Maike und Christiane zeigten uns \u00fcberaus wirkungsvoll, wie ein einfacher schwarzer Strich als Ausstellungsfl\u00e4che und Leitlinie fungieren kann. Melanie Marner, von\u00a0<strong>Flace.24\u00a0<\/strong>vermittelt mit ihrem Film Impressionen von der Vernissage. Er startet mit &#8222;click&#8220; auf das Bild.<\/p>\n<p>&nbsp;<\/p>\n<hr \/>\n<h2><strong><span style=\"color: #808000;\">coming soon im<\/span><\/strong><strong><span style=\"color: #808000;\">\u00a0Modul 1:<\/span><\/strong><\/h2>\n<p>&nbsp;<\/p>\n<p><strong><span style=\"color: #af3c26;\"><span class=\"Apple-style-span\" style=\"font-size: 20px;\">Ein Strich, ein Weg, ein Kost\u00fcm<\/span><\/span><\/strong><\/p>\n<h2><span class=\"Apple-style-span\" style=\"font-size: 13px; font-weight: normal;\"><a href=\"https:\/\/modul1flensburg.eu\/wp-content\/uploads\/2011\/12\/Poster.jpg\"><img decoding=\"async\" loading=\"lazy\" class=\"size-medium wp-image-157 alignleft\" title=\"Poster\" src=\"https:\/\/modul1flensburg.eu\/wp-content\/uploads\/2011\/12\/Poster-145x300.jpg\" alt=\"\" width=\"145\" height=\"300\" srcset=\"https:\/\/modul1flensburg.eu\/wp-content\/uploads\/2011\/12\/Poster-145x300.jpg 145w, https:\/\/modul1flensburg.eu\/wp-content\/uploads\/2011\/12\/Poster.jpg 459w\" sizes=\"(max-width: 145px) 100vw, 145px\" \/><\/a><\/span><\/h2>\n<p>Im Rampenlicht einer Theatervorstellung stehen oft Schauspieler. Doch zur elementaren Arbeit, zur Basis, braucht es noch viel mehr helfende H\u00e4nde um f\u00fcr ein Theaterst\u00fcck zu begeistern. Regisseure, B\u00fchnenbildner und eben auch Kost\u00fcmbildner sind dabei nur einige wenige.<\/p>\n<p>Zusammen mit Martina L\u00fcpke, t\u00e4tig am Schleswig- Holsteinischen Landestheater und Sinfonieorchester als Kost\u00fcmbildnerin seit Beginn der 90er Jahre, wollen wir, f\u00fcnf Studentinnen der Universit\u00e4t Flensburg im Rahmen einer Lehrveranstaltung, Besuchern unserer Ausstellung zeigen, was sonst hinter den Vorh\u00e4ngen der Theaterb\u00fchnen verborgen bleibt und mehr Lust auf Theater machen. Arbeitsschritte als Prozess, Materialien und sogar ein bereits bespieltes Kost\u00fcm sollen dabei Teil des Projekts werden. Es ergibt sich daher eine Schnittstelle zwischen dem Beruf der Kost\u00fcmbildnerin und dem Prozess zum Kost\u00fcm hin, beginnend mit dem niedergeschriebenen Drehbuch. Die Ausstellung selbst wird im Modul 1, ein von der Universit\u00e4t bereitgestellter Ausstellungsraum in der Roten Stra\u00dfe, stattfinden.<\/p>\n<p>&nbsp;<\/p>\n<p>Die Er\u00f6ffnungsvernissage findet am 12.01.2012 um 18.30 Uhr statt. Fortan werden wir dann t\u00e4glich zehn Tage von 14-18 Uhr \u00f6ffnen<\/p>\n<h2><\/h2>\n<h2><\/h2>\n<p>&nbsp;<\/p>\n<p>&nbsp;<\/p>\n<hr \/>\n","protected":false},"excerpt":{"rendered":"<p>K\u00fcnstlerisch-textile Accessoires zur Weihnachtszeit Im Rahmen der &#8222;M\u00e4rchenhaften Roten Stra\u00dfe&#8220; veranstalten Kunst- und Textilstudierende der Universit\u00e4t Flensburg eine Kunstaktion im MODUL 1. Vom 10. bis 15. Dezember werden Notizb\u00fccher, Stulpen, Ohrringe, gefilzte K\u00f6rbe, Baumschmuck, Ketten, Handytaschen, Karten und viele weitere gen\u00e4hte, geh\u00e4kelte, gestrickte und gezeichnete Dinge angeboten. Diese handgefertigten Produkte k\u00f6nnen Montag bis Samstag von [&hellip;]<\/p>\n","protected":false},"author":2,"featured_media":0,"comment_status":"open","ping_status":"open","sticky":false,"template":"","format":"standard","meta":[],"categories":[9],"tags":[17,19],"_links":{"self":[{"href":"https:\/\/modul1flensburg.eu\/index.php?rest_route=\/wp\/v2\/posts\/164"}],"collection":[{"href":"https:\/\/modul1flensburg.eu\/index.php?rest_route=\/wp\/v2\/posts"}],"about":[{"href":"https:\/\/modul1flensburg.eu\/index.php?rest_route=\/wp\/v2\/types\/post"}],"author":[{"embeddable":true,"href":"https:\/\/modul1flensburg.eu\/index.php?rest_route=\/wp\/v2\/users\/2"}],"replies":[{"embeddable":true,"href":"https:\/\/modul1flensburg.eu\/index.php?rest_route=%2Fwp%2Fv2%2Fcomments&post=164"}],"version-history":[{"count":202,"href":"https:\/\/modul1flensburg.eu\/index.php?rest_route=\/wp\/v2\/posts\/164\/revisions"}],"predecessor-version":[{"id":179,"href":"https:\/\/modul1flensburg.eu\/index.php?rest_route=\/wp\/v2\/posts\/164\/revisions\/179"}],"wp:attachment":[{"href":"https:\/\/modul1flensburg.eu\/index.php?rest_route=%2Fwp%2Fv2%2Fmedia&parent=164"}],"wp:term":[{"taxonomy":"category","embeddable":true,"href":"https:\/\/modul1flensburg.eu\/index.php?rest_route=%2Fwp%2Fv2%2Fcategories&post=164"},{"taxonomy":"post_tag","embeddable":true,"href":"https:\/\/modul1flensburg.eu\/index.php?rest_route=%2Fwp%2Fv2%2Ftags&post=164"}],"curies":[{"name":"wp","href":"https:\/\/api.w.org\/{rel}","templated":true}]}}