{"id":1741,"date":"2018-09-14T13:51:26","date_gmt":"2018-09-14T13:51:26","guid":{"rendered":"https:\/\/modul1flensburg.eu\/?p=1741"},"modified":"2018-09-16T08:17:15","modified_gmt":"2018-09-16T08:17:15","slug":"gar-nicht-so-sus-21-unglaubliche-bilder-die-ziemlich-glitzern","status":"publish","type":"post","link":"https:\/\/modul1flensburg.eu\/?p=1741","title":{"rendered":"Gar nicht so s\u00fc\u00df 21 unglaubliche Bilder, die ziemlich glitzern"},"content":{"rendered":"<p><span style=\"color: #993300;\"><a href=\"https:\/\/modul1flensburg.eu\/wp-content\/uploads\/2018\/09\/Juliane-Pieper.jpg\"><img decoding=\"async\" loading=\"lazy\" class=\" wp-image-1744 alignleft\" alt=\"Juliane Pieper\" src=\"https:\/\/modul1flensburg.eu\/wp-content\/uploads\/2018\/09\/Juliane-Pieper-298x300.jpg\" width=\"161\" height=\"162\" srcset=\"https:\/\/modul1flensburg.eu\/wp-content\/uploads\/2018\/09\/Juliane-Pieper-298x300.jpg 298w, https:\/\/modul1flensburg.eu\/wp-content\/uploads\/2018\/09\/Juliane-Pieper-150x150.jpg 150w, https:\/\/modul1flensburg.eu\/wp-content\/uploads\/2018\/09\/Juliane-Pieper-1019x1024.jpg 1019w\" sizes=\"(max-width: 161px) 100vw, 161px\" \/><\/a>Mit <strong>Juliane Pieper<\/strong> startet die Galerie <strong>MODUL1<\/strong> nach der Sommerpause. Die Berliner K\u00fcnstlerin unterrichtet dieses Semester an der Europa-Universit\u00e4t im Fachbereich Kunst und visuelle Medien.<\/span><\/p>\n<p><strong>Juliane Pieper<\/strong> lotet in ihrer Arbeit die Spannbreite zwischen Kitsch und Kunst, Schr\u00e4gheit und Sch\u00f6nheit aus. Sie benutzt f\u00fcr ihre Bilder Dekomaterial, Glitter und Farben, die mancher als \u201eweibisch\u201c und \u201eM\u00e4dchenkram\u201c abtut.\u00a0Bewusst verwendet sie Materialien, die an Kindegeburtstage und Bastelnachmittage erinnern, und setzt sie in einen Kontext, wo sie eine neue und \u00fcberraschende \u00e4sthetische Wirkung entfalten, jenseits von Bastel- und Dekotipps aus der Frauenzeitschrift. Sie verweist auf die traditionelle Rolle der (Ehe-)frau und Mutter, die etwas H\u00fcbsches bastelt, deren Arbeit und Wirken aber keine wirkliche Anerkennung erf\u00e4hrt, schon gar keine materielle. Die Frauen, M\u00e4nner und Wesen in ihren Bildern sind eigen und selbstbestimmt. Sie sind sch\u00f6n und richtig, so wie sie sind.<\/p>\n<p><strong>Juliane Pieper<\/strong> arbeitet als (Buch-)Gestalterin, Illustratorin und K\u00fcnstlerin in Berlin. Sie ist ehemalige Fulbright-Stipendiatin und konnte drei Jahre in New York leben und studieren, wo sie das erste Mal, nachdem sie jahrelang reduzierte Strichzeichnungen in schwarz und wei\u00df hergestellt hat, das erste Mal glitzernde Sternchen und neonfarbenen Schleim auf ihren Arbeiten verteilte. Das hat ihr gefallen.<\/p>\n<p><a href=\"https:\/\/www.julianepieper.com\/\" target=\"_blank\">https:\/\/www.julianepieper.com<\/a><\/p>\n<p>&nbsp;<\/p>\n<p><span style=\"color: #808000;\"><em>Die Ausstellung &#8222;Gar nicht so s\u00fc\u00df\u00a021 unglaubliche Bilder, die ziemlich glitzern&#8220; wird vom\u00a022. September bis 5. Oktober 2018 pr\u00e4sentiert<\/em><\/span><\/p>\n<p><span style=\"color: #808000;\"><em>Er\u00f6ffnung: Samstag, 22. September, 19 Uhr <\/em><\/span><br \/>\n<span style=\"color: #808000;\"> <em>Finissage: Freitag, 5. Oktober, 18 Uhr <\/em><\/span><br \/>\n<span style=\"color: #808000;\"> <em>An den Wochenenden ist das \u00a0MODUL1 von 11 bis 16 Uhr ge\u00f6ffnet.<\/em><\/span><\/p>\n<p><span style=\"color: #808000;\">MODUL1<\/span><br \/>\n<span style=\"color: #808000;\"> Rote Stra\u00dfe 17, Flensburg<\/span><\/p>\n<p><a href=\"https:\/\/modul1flensburg.eu\/wp-content\/uploads\/2018\/09\/einladung-foto_Pieper.jpg\"><img decoding=\"async\" loading=\"lazy\" class=\" wp-image-1750 alignleft\" alt=\"einladung foto_Pieper\" src=\"https:\/\/modul1flensburg.eu\/wp-content\/uploads\/2018\/09\/einladung-foto_Pieper-1024x388.jpg\" width=\"655\" height=\"248\" srcset=\"https:\/\/modul1flensburg.eu\/wp-content\/uploads\/2018\/09\/einladung-foto_Pieper-1024x388.jpg 1024w, https:\/\/modul1flensburg.eu\/wp-content\/uploads\/2018\/09\/einladung-foto_Pieper-300x113.jpg 300w, https:\/\/modul1flensburg.eu\/wp-content\/uploads\/2018\/09\/einladung-foto_Pieper.jpg 1280w\" sizes=\"(max-width: 655px) 100vw, 655px\" \/><\/a><\/p>\n","protected":false},"excerpt":{"rendered":"<p>Mit Juliane Pieper startet die Galerie MODUL1 nach der Sommerpause. Die Berliner K\u00fcnstlerin unterrichtet dieses Semester an der Europa-Universit\u00e4t im Fachbereich Kunst und visuelle Medien. Juliane Pieper lotet in ihrer Arbeit die Spannbreite zwischen Kitsch und Kunst, Schr\u00e4gheit und Sch\u00f6nheit aus. Sie benutzt f\u00fcr ihre Bilder Dekomaterial, Glitter und Farben, die mancher als \u201eweibisch\u201c und [&hellip;]<\/p>\n","protected":false},"author":2,"featured_media":0,"comment_status":"closed","ping_status":"closed","sticky":false,"template":"","format":"standard","meta":[],"categories":[1,34],"tags":[35,19],"_links":{"self":[{"href":"https:\/\/modul1flensburg.eu\/index.php?rest_route=\/wp\/v2\/posts\/1741"}],"collection":[{"href":"https:\/\/modul1flensburg.eu\/index.php?rest_route=\/wp\/v2\/posts"}],"about":[{"href":"https:\/\/modul1flensburg.eu\/index.php?rest_route=\/wp\/v2\/types\/post"}],"author":[{"embeddable":true,"href":"https:\/\/modul1flensburg.eu\/index.php?rest_route=\/wp\/v2\/users\/2"}],"replies":[{"embeddable":true,"href":"https:\/\/modul1flensburg.eu\/index.php?rest_route=%2Fwp%2Fv2%2Fcomments&post=1741"}],"version-history":[{"count":11,"href":"https:\/\/modul1flensburg.eu\/index.php?rest_route=\/wp\/v2\/posts\/1741\/revisions"}],"predecessor-version":[{"id":1753,"href":"https:\/\/modul1flensburg.eu\/index.php?rest_route=\/wp\/v2\/posts\/1741\/revisions\/1753"}],"wp:attachment":[{"href":"https:\/\/modul1flensburg.eu\/index.php?rest_route=%2Fwp%2Fv2%2Fmedia&parent=1741"}],"wp:term":[{"taxonomy":"category","embeddable":true,"href":"https:\/\/modul1flensburg.eu\/index.php?rest_route=%2Fwp%2Fv2%2Fcategories&post=1741"},{"taxonomy":"post_tag","embeddable":true,"href":"https:\/\/modul1flensburg.eu\/index.php?rest_route=%2Fwp%2Fv2%2Ftags&post=1741"}],"curies":[{"name":"wp","href":"https:\/\/api.w.org\/{rel}","templated":true}]}}