{"id":1757,"date":"2018-10-17T14:28:14","date_gmt":"2018-10-17T14:28:14","guid":{"rendered":"https:\/\/modul1flensburg.eu\/?p=1757"},"modified":"2018-10-17T14:28:14","modified_gmt":"2018-10-17T14:28:14","slug":"plastopia-im-modul1","status":"publish","type":"post","link":"https:\/\/modul1flensburg.eu\/?p=1757","title":{"rendered":"&#8222;Plastopia &#8220; im Modul1"},"content":{"rendered":"<p><a href=\"https:\/\/modul1flensburg.eu\/wp-content\/uploads\/2018\/10\/Ann-Lena.jpg\"><img decoding=\"async\" loading=\"lazy\" class=\"alignnone size-full wp-image-1758\" alt=\"Ann-Lena\" src=\"https:\/\/modul1flensburg.eu\/wp-content\/uploads\/2018\/10\/Ann-Lena.jpg\" width=\"240\" height=\"180\" \/><\/a><\/p>\n<p><b><span style=\"color: #993300;\">Raum-Recycling Plastopia<\/span>\u00a0<\/b><\/p>\n<p>In der Woche vom 22.10.2018 bis zum 28.10.2018 setzen sich die beiden Kunst-Studentinnen <em>Hannah Maa\u00dfen<\/em> und <em>Anna Boelmann<\/em> in Anschluss an das Seminar \u201e\u00d6kokunst\u201c k\u00fcnstlerisch mit Plastik- und Papierm\u00fcll auseinander. \u00a0im MODUL 1 in der Roten Stra\u00dfe\u00a0soll eine Rauminstallation entstehen, die ein Bewusstsein \u00fcber den Verbrauch von Plastik- und Papierm\u00fcll in der Umwelt und in den eigenen vier W\u00e4nden hervorrufen soll.<\/p>\n<p>Besucher sind herzlich willkommen sich interaktiv an dem Projekt zu beteiligen, indem sie eigenen Plastik- und Papierm\u00fcll mitbringen und die M\u00f6glichkeit bekommen diesen im Raum des MODUL1 \u00a0zu installieren.<\/p>\n<p><span style=\"color: #808000;\"><b>\u00d6ffnungszeiten:\u00a0<\/b><\/span><\/p>\n<p><span style=\"color: #808000;\">Montag: 15 \u2013 18 Uhr\u00a0<\/span><\/p>\n<p><span style=\"color: #808000;\">Dienstag: 13 \u2013 15:30 Uhr<\/span><\/p>\n<p><span style=\"color: #808000;\">Donnerstag: 14:30 \u2013 18 Uhr\u00a0<\/span><\/p>\n<p><span style=\"color: #808000;\">Freitag: 13 \u2013 16 Uhr<\/span><\/p>\n","protected":false},"excerpt":{"rendered":"<p>Raum-Recycling Plastopia\u00a0 In der Woche vom 22.10.2018 bis zum 28.10.2018 setzen sich die beiden Kunst-Studentinnen Hannah Maa\u00dfen und Anna Boelmann in Anschluss an das Seminar \u201e\u00d6kokunst\u201c k\u00fcnstlerisch mit Plastik- und Papierm\u00fcll auseinander. \u00a0im MODUL 1 in der Roten Stra\u00dfe\u00a0soll eine Rauminstallation entstehen, die ein Bewusstsein \u00fcber den Verbrauch von Plastik- und Papierm\u00fcll in der Umwelt [&hellip;]<\/p>\n","protected":false},"author":2,"featured_media":0,"comment_status":"closed","ping_status":"closed","sticky":false,"template":"","format":"standard","meta":[],"categories":[34],"tags":[35,19],"_links":{"self":[{"href":"https:\/\/modul1flensburg.eu\/index.php?rest_route=\/wp\/v2\/posts\/1757"}],"collection":[{"href":"https:\/\/modul1flensburg.eu\/index.php?rest_route=\/wp\/v2\/posts"}],"about":[{"href":"https:\/\/modul1flensburg.eu\/index.php?rest_route=\/wp\/v2\/types\/post"}],"author":[{"embeddable":true,"href":"https:\/\/modul1flensburg.eu\/index.php?rest_route=\/wp\/v2\/users\/2"}],"replies":[{"embeddable":true,"href":"https:\/\/modul1flensburg.eu\/index.php?rest_route=%2Fwp%2Fv2%2Fcomments&post=1757"}],"version-history":[{"count":5,"href":"https:\/\/modul1flensburg.eu\/index.php?rest_route=\/wp\/v2\/posts\/1757\/revisions"}],"predecessor-version":[{"id":1763,"href":"https:\/\/modul1flensburg.eu\/index.php?rest_route=\/wp\/v2\/posts\/1757\/revisions\/1763"}],"wp:attachment":[{"href":"https:\/\/modul1flensburg.eu\/index.php?rest_route=%2Fwp%2Fv2%2Fmedia&parent=1757"}],"wp:term":[{"taxonomy":"category","embeddable":true,"href":"https:\/\/modul1flensburg.eu\/index.php?rest_route=%2Fwp%2Fv2%2Fcategories&post=1757"},{"taxonomy":"post_tag","embeddable":true,"href":"https:\/\/modul1flensburg.eu\/index.php?rest_route=%2Fwp%2Fv2%2Ftags&post=1757"}],"curies":[{"name":"wp","href":"https:\/\/api.w.org\/{rel}","templated":true}]}}