{"id":1765,"date":"2018-11-12T09:06:30","date_gmt":"2018-11-12T09:06:30","guid":{"rendered":"https:\/\/modul1flensburg.eu\/?p=1765"},"modified":"2018-12-04T23:08:05","modified_gmt":"2018-12-04T23:08:05","slug":"das-modul1-wird-wieder-zum-festivalburo","status":"publish","type":"post","link":"https:\/\/modul1flensburg.eu\/?p=1765","title":{"rendered":"Das MODUL1 wird wieder zum Festivalb\u00fcro"},"content":{"rendered":"<p><a href=\"https:\/\/modul1flensburg.eu\/wp-content\/uploads\/2018\/11\/kurzfilmtage.jpg\"><img decoding=\"async\" loading=\"lazy\" class=\"alignnone size-full wp-image-1766\" alt=\"kurzfilmtage\" src=\"https:\/\/modul1flensburg.eu\/wp-content\/uploads\/2018\/11\/kurzfilmtage.jpg\" width=\"571\" height=\"211\" srcset=\"https:\/\/modul1flensburg.eu\/wp-content\/uploads\/2018\/11\/kurzfilmtage.jpg 571w, https:\/\/modul1flensburg.eu\/wp-content\/uploads\/2018\/11\/kurzfilmtage-300x110.jpg 300w\" sizes=\"(max-width: 571px) 100vw, 571px\" \/><\/a><\/p>\n<p><span style=\"color: #993300;\"><strong><em>Bis zum 18. November ist das MODUL 1 wieder zum Festivalb\u00fcro der 18. Flensburger Kurzfilmtage umgewandelt worden, mit<\/em><\/strong><\/span><\/p>\n<ul>\n<li><span style=\"color: #808000;\">Kartenvorverkauf<\/span><\/li>\n<li><span style=\"color: #808000;\">Programminformationen<\/span><\/li>\n<li><span style=\"color: #808000;\">Infos und Gespr\u00e4chen<\/span><\/li>\n<\/ul>\n<p><span style=\"color: #993300;\">\u00a0Studierende der Hochschule Flensburg (Festival-Design) und der Europa-Universit\u00e4t Flensburg (Raumgestaltung) haben ein gestalterisches Highlight geschaffen.\u00a0W\u00e4hrend des Festivals vom 14. bis 18.11. 2018 dient das B\u00fcro im MODUL1 zudem als Treffpunkt f\u00fcr Filmschaffende und G\u00e4ste.<\/span><\/p>\n<p><span style=\"color: #808000;\"><em><strong>\u00a0\u00d6ffnungszeiten:<\/strong><\/em><\/span><br \/>\n<span style=\"color: #808000;\">\u00a0Mo.-Fr. 10.00 bis 18.00 Uhr<\/span><br \/>\n<span style=\"color: #808000;\">\u00a0Sa. 10.00 bis 14.00 Uhr<\/span><\/p>\n<p><a href=\"https:\/\/www.flensburger-kurzfilmtage.de\" target=\"_blank\"><strong>Weitere Infos<\/strong><\/a><\/p>\n<div id=\"attachment_1769\" style=\"width: 378px\" class=\"wp-caption alignnone\"><a href=\"https:\/\/modul1flensburg.eu\/wp-content\/uploads\/2018\/11\/IMG_9617.jpg\"><img aria-describedby=\"caption-attachment-1769\" decoding=\"async\" loading=\"lazy\" class=\" wp-image-1769\" alt=\"IMG_9617\" src=\"https:\/\/modul1flensburg.eu\/wp-content\/uploads\/2018\/11\/IMG_9617-1024x768.jpg\" width=\"368\" height=\"277\" srcset=\"https:\/\/modul1flensburg.eu\/wp-content\/uploads\/2018\/11\/IMG_9617-1024x768.jpg 1024w, https:\/\/modul1flensburg.eu\/wp-content\/uploads\/2018\/11\/IMG_9617-300x225.jpg 300w\" sizes=\"(max-width: 368px) 100vw, 368px\" \/><\/a><p id=\"caption-attachment-1769\" class=\"wp-caption-text\">Im aufregend gestalteten B\u00fcro der Kurzfilmtage im MODUL1 erwartet die Besucher guter Service und ein anregendes, atmosph\u00e4risch dichtes Ambiente zum Verweilen.<\/p><\/div>\n<p><a href=\"https:\/\/modul1flensburg.eu\/wp-content\/uploads\/2018\/11\/IMG_9619.jpg\"><img decoding=\"async\" loading=\"lazy\" class=\" wp-image-1768 alignleft\" alt=\"IMG_9619\" src=\"https:\/\/modul1flensburg.eu\/wp-content\/uploads\/2018\/11\/IMG_9619-1024x768.jpg\" width=\"368\" height=\"277\" srcset=\"https:\/\/modul1flensburg.eu\/wp-content\/uploads\/2018\/11\/IMG_9619-1024x768.jpg 1024w, https:\/\/modul1flensburg.eu\/wp-content\/uploads\/2018\/11\/IMG_9619-300x225.jpg 300w\" sizes=\"(max-width: 368px) 100vw, 368px\" \/><\/a><\/p>\n","protected":false},"excerpt":{"rendered":"<p>Bis zum 18. November ist das MODUL 1 wieder zum Festivalb\u00fcro der 18. Flensburger Kurzfilmtage umgewandelt worden, mit Kartenvorverkauf Programminformationen Infos und Gespr\u00e4chen \u00a0Studierende der Hochschule Flensburg (Festival-Design) und der Europa-Universit\u00e4t Flensburg (Raumgestaltung) haben ein gestalterisches Highlight geschaffen.\u00a0W\u00e4hrend des Festivals vom 14. bis 18.11. 2018 dient das B\u00fcro im MODUL1 zudem als Treffpunkt f\u00fcr Filmschaffende [&hellip;]<\/p>\n","protected":false},"author":2,"featured_media":0,"comment_status":"closed","ping_status":"closed","sticky":false,"template":"","format":"standard","meta":[],"categories":[1,34],"tags":[35,19],"_links":{"self":[{"href":"https:\/\/modul1flensburg.eu\/index.php?rest_route=\/wp\/v2\/posts\/1765"}],"collection":[{"href":"https:\/\/modul1flensburg.eu\/index.php?rest_route=\/wp\/v2\/posts"}],"about":[{"href":"https:\/\/modul1flensburg.eu\/index.php?rest_route=\/wp\/v2\/types\/post"}],"author":[{"embeddable":true,"href":"https:\/\/modul1flensburg.eu\/index.php?rest_route=\/wp\/v2\/users\/2"}],"replies":[{"embeddable":true,"href":"https:\/\/modul1flensburg.eu\/index.php?rest_route=%2Fwp%2Fv2%2Fcomments&post=1765"}],"version-history":[{"count":11,"href":"https:\/\/modul1flensburg.eu\/index.php?rest_route=\/wp\/v2\/posts\/1765\/revisions"}],"predecessor-version":[{"id":1778,"href":"https:\/\/modul1flensburg.eu\/index.php?rest_route=\/wp\/v2\/posts\/1765\/revisions\/1778"}],"wp:attachment":[{"href":"https:\/\/modul1flensburg.eu\/index.php?rest_route=%2Fwp%2Fv2%2Fmedia&parent=1765"}],"wp:term":[{"taxonomy":"category","embeddable":true,"href":"https:\/\/modul1flensburg.eu\/index.php?rest_route=%2Fwp%2Fv2%2Fcategories&post=1765"},{"taxonomy":"post_tag","embeddable":true,"href":"https:\/\/modul1flensburg.eu\/index.php?rest_route=%2Fwp%2Fv2%2Ftags&post=1765"}],"curies":[{"name":"wp","href":"https:\/\/api.w.org\/{rel}","templated":true}]}}