{"id":1867,"date":"2019-05-03T07:19:06","date_gmt":"2019-05-03T07:19:06","guid":{"rendered":"https:\/\/modul1flensburg.eu\/?p=1867"},"modified":"2019-05-03T07:19:06","modified_gmt":"2019-05-03T07:19:06","slug":"bleistift-und-aquarell-mit-technischer-finesse","status":"publish","type":"post","link":"https:\/\/modul1flensburg.eu\/?p=1867","title":{"rendered":"Bleistift und Aquarell mit technischer Finesse"},"content":{"rendered":"<h3><span style=\"color: #993300;\">Kooperationsausstellung GUNNAR K\u00d6HNE<\/span><\/h3>\n<div id=\"attachment_1868\" style=\"width: 205px\" class=\"wp-caption alignleft\"><a href=\"https:\/\/modul1flensburg.eu\/wp-content\/uploads\/2019\/05\/IMG_0107.jpg\"><img aria-describedby=\"caption-attachment-1868\" decoding=\"async\" loading=\"lazy\" class=\"wp-image-1868        \" alt=\"Er\u00f6ffnung der &quot;Ein-Bild-Galerie&quot; im Salon K\u00f6hne, B\" src=\"https:\/\/modul1flensburg.eu\/wp-content\/uploads\/2019\/05\/IMG_0107-1024x882.jpg\" width=\"195\" height=\"167\" srcset=\"https:\/\/modul1flensburg.eu\/wp-content\/uploads\/2019\/05\/IMG_0107-1024x882.jpg 1024w, https:\/\/modul1flensburg.eu\/wp-content\/uploads\/2019\/05\/IMG_0107-300x258.jpg 300w\" sizes=\"(max-width: 195px) 100vw, 195px\" \/><\/a><p id=\"caption-attachment-1868\" class=\"wp-caption-text\">Beginn einer Kooperation: Er\u00f6ffnung der &#8222;Ein-Bild-Galerie&#8220; im Salon Friseur K\u00f6hne. \u00a0Werk &#8222;Aurora&#8220; von Svea Bischoff. Von links: Fris\u00f6r Gunnar K\u00f6hne, Kunststudierende Svea Bischoff, MODUL1-Manager Werner F\u00fctterer<\/p><\/div>\n<p><strong><span style=\"color: #000000;\">Studierende der Kunst im Salon K\u00f6hne und Gunnar K\u00f6hne im MODUL1, so k\u00f6nnte man die nun stattfindende Kooperationsausstellung bezeichnen.<\/span> <\/strong>Im Dezember vergangenen Jahres er\u00f6ffnete Gunnar K\u00f6hne in seinem Friseursalon, Bismarckstra\u00dfe 54, \u00a0seine &#8222;Ein-Bild-Galerie&#8220; f\u00fcr Kunststudierende der EUF. Als erste K\u00fcnstlerin stellte Svea Bischoff dort ihr bereits in Italien pr\u00e4miertes Werk &#8222;Aurora&#8220; aus, eine Alu-Radierung. Demn\u00e4chst wird ein Werk von Anna-Lena Boelmann dort zu sehen sein.<br \/>\nSeit \u00a0fr\u00fchester Kindheit hat Gunnar K\u00f6hne seiner Mutter beim Porzellanmalen zugesehen. Ab seinem 6. Lebensjahr hat er dann einen Platz am Tisch bekommen, wenn sie malte. Von da an war das Zeichnen und Malen f\u00fcr ihn ein gro\u00dfes Bed\u00fcrfnis.<br \/>\nMit 20 Jahren fing K\u00f6hne an, die alten Meisterwerke im Museum anzuschauen und zu studieren. Ab 30 inspirierten ihn die Arbeiten von Paul Wunderlich, Horst Jansen und Gustav Dor\u00e9. Dies spiegelt sich auch in seinen Werken wieder, die er \u2013 autodidaktisch \u2013mit gro\u00dfer Finesse und gestalterischem Talent am liebsten\u00a0mit Bleistift und Aquarell bearbeitet und erarbeitet. Auch Acryl- und \u00d6l geh\u00f6ren zu seinen Werkstoffen. Seine Inhalte sind surreal anmutend und auch gesellschaftskritisch betrachtend ausgerichtet.<\/p>\n<p>&nbsp;<\/p>\n<p><span style=\"color: #808000;\"><strong>Ausstellung Gunnar K\u00f6hne im MODUL1 | 7. bis 11. 5. 2019\u00a0<\/strong><\/span><br \/>\n<em id=\"__mceDel\"> <span style=\"color: #808000;\"><strong>Vernissage | Dienstag, 7.5. 2019 | 19 Uhr | Flensburg, Rote Stra\u00dfe 17<\/strong><\/span><br \/>\n<span style=\"color: #808000;\"><strong>\u00d6ffnungszeiten Do 17-19 Uhr | Frei 17-19 Uhr | Sa 10-14 Uhr | u.n. Vereinbarung\u00a0<\/strong><\/span><\/em><\/p>\n<p>&nbsp;<\/p>\n<p><a href=\"https:\/\/modul1flensburg.eu\/wp-content\/uploads\/2019\/05\/Flyer-K\u00f6hne.jpg\"><img decoding=\"async\" loading=\"lazy\" class=\"wp-image-1871 alignleft\" alt=\"Flyer K\u00f6hne\" src=\"https:\/\/modul1flensburg.eu\/wp-content\/uploads\/2019\/05\/Flyer-K\u00f6hne-1024x741.jpg\" width=\"425\" height=\"308\" srcset=\"https:\/\/modul1flensburg.eu\/wp-content\/uploads\/2019\/05\/Flyer-K\u00f6hne-1024x741.jpg 1024w, https:\/\/modul1flensburg.eu\/wp-content\/uploads\/2019\/05\/Flyer-K\u00f6hne-300x217.jpg 300w, https:\/\/modul1flensburg.eu\/wp-content\/uploads\/2019\/05\/Flyer-K\u00f6hne.jpg 1871w\" sizes=\"(max-width: 425px) 100vw, 425px\" \/><\/a><\/p>\n","protected":false},"excerpt":{"rendered":"<p>Kooperationsausstellung GUNNAR K\u00d6HNE Studierende der Kunst im Salon K\u00f6hne und Gunnar K\u00f6hne im MODUL1, so k\u00f6nnte man die nun stattfindende Kooperationsausstellung bezeichnen. Im Dezember vergangenen Jahres er\u00f6ffnete Gunnar K\u00f6hne in seinem Friseursalon, Bismarckstra\u00dfe 54, \u00a0seine &#8222;Ein-Bild-Galerie&#8220; f\u00fcr Kunststudierende der EUF. Als erste K\u00fcnstlerin stellte Svea Bischoff dort ihr bereits in Italien pr\u00e4miertes Werk &#8222;Aurora&#8220; aus, [&hellip;]<\/p>\n","protected":false},"author":2,"featured_media":0,"comment_status":"closed","ping_status":"closed","sticky":false,"template":"","format":"standard","meta":[],"categories":[1],"tags":[37,19],"_links":{"self":[{"href":"https:\/\/modul1flensburg.eu\/index.php?rest_route=\/wp\/v2\/posts\/1867"}],"collection":[{"href":"https:\/\/modul1flensburg.eu\/index.php?rest_route=\/wp\/v2\/posts"}],"about":[{"href":"https:\/\/modul1flensburg.eu\/index.php?rest_route=\/wp\/v2\/types\/post"}],"author":[{"embeddable":true,"href":"https:\/\/modul1flensburg.eu\/index.php?rest_route=\/wp\/v2\/users\/2"}],"replies":[{"embeddable":true,"href":"https:\/\/modul1flensburg.eu\/index.php?rest_route=%2Fwp%2Fv2%2Fcomments&post=1867"}],"version-history":[{"count":15,"href":"https:\/\/modul1flensburg.eu\/index.php?rest_route=\/wp\/v2\/posts\/1867\/revisions"}],"predecessor-version":[{"id":1887,"href":"https:\/\/modul1flensburg.eu\/index.php?rest_route=\/wp\/v2\/posts\/1867\/revisions\/1887"}],"wp:attachment":[{"href":"https:\/\/modul1flensburg.eu\/index.php?rest_route=%2Fwp%2Fv2%2Fmedia&parent=1867"}],"wp:term":[{"taxonomy":"category","embeddable":true,"href":"https:\/\/modul1flensburg.eu\/index.php?rest_route=%2Fwp%2Fv2%2Fcategories&post=1867"},{"taxonomy":"post_tag","embeddable":true,"href":"https:\/\/modul1flensburg.eu\/index.php?rest_route=%2Fwp%2Fv2%2Ftags&post=1867"}],"curies":[{"name":"wp","href":"https:\/\/api.w.org\/{rel}","templated":true}]}}