{"id":1925,"date":"2019-06-06T22:30:55","date_gmt":"2019-06-06T22:30:55","guid":{"rendered":"https:\/\/modul1flensburg.eu\/?p=1925"},"modified":"2019-06-07T07:15:10","modified_gmt":"2019-06-07T07:15:10","slug":"andersrader","status":"publish","type":"post","link":"https:\/\/modul1flensburg.eu\/?p=1925","title":{"rendered":"ANDERSR\u00c4DER"},"content":{"rendered":"<p>&nbsp;<\/p>\n<p>&nbsp;<\/p>\n<div id=\"attachment_1929\" style=\"width: 127px\" class=\"wp-caption alignleft\"><a href=\"https:\/\/modul1flensburg.eu\/wp-content\/uploads\/2019\/06\/IMG_1517-1.jpg\"><img aria-describedby=\"caption-attachment-1929\" decoding=\"async\" loading=\"lazy\" class=\"wp-image-1929        \" alt=\"Diskussion im Seminar\" src=\"https:\/\/modul1flensburg.eu\/wp-content\/uploads\/2019\/06\/IMG_1517-1-287x300.jpg\" width=\"117\" height=\"122\" srcset=\"https:\/\/modul1flensburg.eu\/wp-content\/uploads\/2019\/06\/IMG_1517-1-287x300.jpg 287w, https:\/\/modul1flensburg.eu\/wp-content\/uploads\/2019\/06\/IMG_1517-1-980x1024.jpg 980w\" sizes=\"(max-width: 117px) 100vw, 117px\" \/><\/a><p id=\"caption-attachment-1929\" class=\"wp-caption-text\">Diskussion im Seminar<\/p><\/div>\n<div id=\"attachment_1927\" style=\"width: 219px\" class=\"wp-caption alignleft\"><a href=\"https:\/\/modul1flensburg.eu\/wp-content\/uploads\/2019\/06\/IMG_1511.jpg\"><img aria-describedby=\"caption-attachment-1927\" decoding=\"async\" loading=\"lazy\" class=\"wp-image-1927       \" alt=\"Konzeptentwurf\" src=\"https:\/\/modul1flensburg.eu\/wp-content\/uploads\/2019\/06\/IMG_1511-1024x604.jpg\" width=\"209\" height=\"122\" srcset=\"https:\/\/modul1flensburg.eu\/wp-content\/uploads\/2019\/06\/IMG_1511-1024x604.jpg 1024w, https:\/\/modul1flensburg.eu\/wp-content\/uploads\/2019\/06\/IMG_1511-300x176.jpg 300w\" sizes=\"(max-width: 209px) 100vw, 209px\" \/><\/a><p id=\"caption-attachment-1927\" class=\"wp-caption-text\">Konzeptentwurf<\/p><\/div>\n<div id=\"attachment_1938\" style=\"width: 168px\" class=\"wp-caption alignleft\"><a href=\"https:\/\/modul1flensburg.eu\/wp-content\/uploads\/2019\/06\/IMG_1512.jpg\"><img aria-describedby=\"caption-attachment-1938\" decoding=\"async\" loading=\"lazy\" class=\"wp-image-1938 \" alt=\"Konzeptentw\u00fcrfe\" src=\"https:\/\/modul1flensburg.eu\/wp-content\/uploads\/2019\/06\/IMG_1512-1024x822.jpg\" width=\"158\" height=\"127\" srcset=\"https:\/\/modul1flensburg.eu\/wp-content\/uploads\/2019\/06\/IMG_1512-1024x822.jpg 1024w, https:\/\/modul1flensburg.eu\/wp-content\/uploads\/2019\/06\/IMG_1512-300x241.jpg 300w\" sizes=\"(max-width: 158px) 100vw, 158px\" \/><\/a><p id=\"caption-attachment-1938\" class=\"wp-caption-text\">Transformationen<\/p><\/div>\n<p>&nbsp;<\/p>\n<p>&nbsp;<\/p>\n<p>&nbsp;<\/p>\n<p>&nbsp;<\/p>\n<p>&nbsp;<\/p>\n<p>&nbsp;<\/p>\n<p>&nbsp;<\/p>\n<p><span style=\"color: #993300;\"><strong>Projekt &#8222;Andersr\u00e4der&#8220;\u00a0<\/strong><\/span><\/p>\n<p>Das &#8222;Kunsthaus Heider&#8220;\u00a0steht\u00a0in einem Koog in Galmsb\u00fcll\/Nordfriesland &#8211; umgeben von Windr\u00e4dern. Diese f\u00fcr die notwendige Energiewende ben\u00f6tigten Windmaschinen erzeugen in Hinblick auf die Landschaft Schleswig-Holsteins durchaus unterschiedliche Empfindungen und Standpunkte. In einem Projekt des Seminars Schnittstellen\/Kontexte haben Studierende der Abteilung Kunst nun darauf k\u00fcnstlerisch reagiert, z.B. mit windradartigen, verfremdeten und transformierten Kunstobjekten. Damit begeben sich die Studierenden in einen k\u00fcnstlerischen Diskurs mit dem Thema. &#8222;Sie buchstabieren durch, was sie anspricht, anregt, anstiftet, st\u00f6rt, was auff\u00e4llt, einf\u00e4llt &#8211; und regen kritische Gedanken, Ein-Sichten an&#8220; erl\u00e4utert Dr. Fried Heider, der zusammen mit seiner Frau Eva Heider das Kunsthaus betreibt.<\/p>\n<p>Am 13. 6. 2019 installieren die Studierenden ihre Werke auf dem Au\u00dfengel\u00e4nde des Kunsthauses.\u00a0Ge\u00f6ffnet ist die Ausstellung dann ab 15.\/16. Juni und an den folgenden Wochenenden bis einschlie\u00dflich 06.\/07. Juli 2019 jeweils zwischen 14 und 18 Uhr.<\/p>\n<p><span style=\"color: #808000;\"><strong><em>\u00a0Kunsthaus Heider,\u00a0Norderster Weg 5 \u00a0in Galmsb\u00fcll\/Nordfriesland<\/em><\/strong><\/span><\/p>\n<p>[Kooperation mit der Kunst der Europa-Universit\u00e4t Flensburg und dem MODUL1, Rote Stra\u00dfe]<\/p>\n<p>&nbsp;<\/p>\n<p>&nbsp;<\/p>\n","protected":false},"excerpt":{"rendered":"<p>&nbsp; &nbsp; &nbsp; &nbsp; &nbsp; &nbsp; &nbsp; &nbsp; &nbsp; Projekt &#8222;Andersr\u00e4der&#8220;\u00a0 Das &#8222;Kunsthaus Heider&#8220;\u00a0steht\u00a0in einem Koog in Galmsb\u00fcll\/Nordfriesland &#8211; umgeben von Windr\u00e4dern. Diese f\u00fcr die notwendige Energiewende ben\u00f6tigten Windmaschinen erzeugen in Hinblick auf die Landschaft Schleswig-Holsteins durchaus unterschiedliche Empfindungen und Standpunkte. In einem Projekt des Seminars Schnittstellen\/Kontexte haben Studierende der Abteilung Kunst nun darauf k\u00fcnstlerisch [&hellip;]<\/p>\n","protected":false},"author":2,"featured_media":0,"comment_status":"closed","ping_status":"closed","sticky":false,"template":"","format":"standard","meta":[],"categories":[1,36],"tags":[37,19],"_links":{"self":[{"href":"https:\/\/modul1flensburg.eu\/index.php?rest_route=\/wp\/v2\/posts\/1925"}],"collection":[{"href":"https:\/\/modul1flensburg.eu\/index.php?rest_route=\/wp\/v2\/posts"}],"about":[{"href":"https:\/\/modul1flensburg.eu\/index.php?rest_route=\/wp\/v2\/types\/post"}],"author":[{"embeddable":true,"href":"https:\/\/modul1flensburg.eu\/index.php?rest_route=\/wp\/v2\/users\/2"}],"replies":[{"embeddable":true,"href":"https:\/\/modul1flensburg.eu\/index.php?rest_route=%2Fwp%2Fv2%2Fcomments&post=1925"}],"version-history":[{"count":26,"href":"https:\/\/modul1flensburg.eu\/index.php?rest_route=\/wp\/v2\/posts\/1925\/revisions"}],"predecessor-version":[{"id":1955,"href":"https:\/\/modul1flensburg.eu\/index.php?rest_route=\/wp\/v2\/posts\/1925\/revisions\/1955"}],"wp:attachment":[{"href":"https:\/\/modul1flensburg.eu\/index.php?rest_route=%2Fwp%2Fv2%2Fmedia&parent=1925"}],"wp:term":[{"taxonomy":"category","embeddable":true,"href":"https:\/\/modul1flensburg.eu\/index.php?rest_route=%2Fwp%2Fv2%2Fcategories&post=1925"},{"taxonomy":"post_tag","embeddable":true,"href":"https:\/\/modul1flensburg.eu\/index.php?rest_route=%2Fwp%2Fv2%2Ftags&post=1925"}],"curies":[{"name":"wp","href":"https:\/\/api.w.org\/{rel}","templated":true}]}}