{"id":1983,"date":"2019-10-16T16:25:51","date_gmt":"2019-10-16T16:25:51","guid":{"rendered":"https:\/\/modul1flensburg.eu\/?p=1983"},"modified":"2019-10-17T18:12:54","modified_gmt":"2019-10-17T18:12:54","slug":"interaktives-monumentalweben","status":"publish","type":"post","link":"https:\/\/modul1flensburg.eu\/?p=1983","title":{"rendered":"Interaktives Monumentalweben"},"content":{"rendered":"<p><span style=\"color: #993300;\"><strong>Im Rahmen des Seminars \u201einteraktives Monumentalweben\u201c\u00a0<\/strong><\/span>setzten sich Studierende der Europa Universit\u00e4t Flensburg mit verschiedenen und traditionellen Techniken des Webens, Kn\u00fcpfens und Flechtens auseinander. Die Arbeiten entstanden unter der Anleitung von der K\u00fcnstlerin Doro Seror in Zusammenarbeit mit den Studierenden. Die dynamischen Prozessen des Interagierens mit dem Raum und unter den ProtagonistInnen gestalteten den Prozess und kreierten das Erscheinungsbild der textilen Objekte und Installationen.<\/p>\n<p>W\u00e4hrend der Ausstellung kann der Prozess einer im Seminar spontan entstandenen Kn\u00fcpfarbeit aktiv von den Besuchenden begleitet werden, die so die Dynamik des gemeinsamen Arbeitens am textilen Objekt miterleben k\u00f6nnen. Zus\u00e4tzlich werden noch weitere Arbeiten und Proben des Seminars ausgestellt. Zur Anfertigung der Arbeiten wurde im Sinne der Nachhaltigkeit auf Stoffstreifen gebrauchter Kleidung und alter Bettlaken etc. zur\u00fcckgegriffen, die so im Kunstkontext neu aufleben konnten.<\/p>\n<p>&nbsp;<\/p>\n<p><strong><span style=\"color: #808000;\">Die Arbeiten k\u00f6nnen am Sonnabend, 19.10.2019 bei einer Vernissage ab 18:00 Uhr besichtigt werden.<\/span><\/strong><br \/>\n<strong><span style=\"color: #808000;\">MODUL1 \u2022 Rote Stra\u00dfe 17 \u2022 Flensburg<\/span><\/strong><\/p>\n<p><a href=\"https:\/\/modul1flensburg.eu\/wp-content\/uploads\/2019\/10\/Monumentalweben-.jpg\"><img decoding=\"async\" loading=\"lazy\" class=\"wp-image-1984 alignleft\" alt=\"Monumentalweben\" src=\"https:\/\/modul1flensburg.eu\/wp-content\/uploads\/2019\/10\/Monumentalweben--1024x727.jpg\" width=\"546\" height=\"388\" srcset=\"https:\/\/modul1flensburg.eu\/wp-content\/uploads\/2019\/10\/Monumentalweben--1024x727.jpg 1024w, https:\/\/modul1flensburg.eu\/wp-content\/uploads\/2019\/10\/Monumentalweben--300x213.jpg 300w, https:\/\/modul1flensburg.eu\/wp-content\/uploads\/2019\/10\/Monumentalweben-.jpg 1998w\" sizes=\"(max-width: 546px) 100vw, 546px\" \/><\/a><\/p>\n","protected":false},"excerpt":{"rendered":"<p>Im Rahmen des Seminars \u201einteraktives Monumentalweben\u201c\u00a0setzten sich Studierende der Europa Universit\u00e4t Flensburg mit verschiedenen und traditionellen Techniken des Webens, Kn\u00fcpfens und Flechtens auseinander. Die Arbeiten entstanden unter der Anleitung von der K\u00fcnstlerin Doro Seror in Zusammenarbeit mit den Studierenden. Die dynamischen Prozessen des Interagierens mit dem Raum und unter den ProtagonistInnen gestalteten den Prozess und [&hellip;]<\/p>\n","protected":false},"author":2,"featured_media":0,"comment_status":"closed","ping_status":"closed","sticky":false,"template":"","format":"standard","meta":[],"categories":[36],"tags":[37,19],"_links":{"self":[{"href":"https:\/\/modul1flensburg.eu\/index.php?rest_route=\/wp\/v2\/posts\/1983"}],"collection":[{"href":"https:\/\/modul1flensburg.eu\/index.php?rest_route=\/wp\/v2\/posts"}],"about":[{"href":"https:\/\/modul1flensburg.eu\/index.php?rest_route=\/wp\/v2\/types\/post"}],"author":[{"embeddable":true,"href":"https:\/\/modul1flensburg.eu\/index.php?rest_route=\/wp\/v2\/users\/2"}],"replies":[{"embeddable":true,"href":"https:\/\/modul1flensburg.eu\/index.php?rest_route=%2Fwp%2Fv2%2Fcomments&post=1983"}],"version-history":[{"count":9,"href":"https:\/\/modul1flensburg.eu\/index.php?rest_route=\/wp\/v2\/posts\/1983\/revisions"}],"predecessor-version":[{"id":1993,"href":"https:\/\/modul1flensburg.eu\/index.php?rest_route=\/wp\/v2\/posts\/1983\/revisions\/1993"}],"wp:attachment":[{"href":"https:\/\/modul1flensburg.eu\/index.php?rest_route=%2Fwp%2Fv2%2Fmedia&parent=1983"}],"wp:term":[{"taxonomy":"category","embeddable":true,"href":"https:\/\/modul1flensburg.eu\/index.php?rest_route=%2Fwp%2Fv2%2Fcategories&post=1983"},{"taxonomy":"post_tag","embeddable":true,"href":"https:\/\/modul1flensburg.eu\/index.php?rest_route=%2Fwp%2Fv2%2Ftags&post=1983"}],"curies":[{"name":"wp","href":"https:\/\/api.w.org\/{rel}","templated":true}]}}