{"id":2003,"date":"2019-11-27T19:28:51","date_gmt":"2019-11-27T19:28:51","guid":{"rendered":"https:\/\/modul1flensburg.eu\/?p=2003"},"modified":"2019-11-27T19:30:52","modified_gmt":"2019-11-27T19:30:52","slug":"jahresausklang-ausstellungen-im-modul1","status":"publish","type":"post","link":"https:\/\/modul1flensburg.eu\/?p=2003","title":{"rendered":"Jahresausklang: Ausstellungen im MODUL1"},"content":{"rendered":"<div style=\"margin: 0; margin-right: 10px; border: 2px solid #dfdfdf; padding: 0em 1em 1em 1em; background-color: #ecffe4; text-align: center;\">\n<p style=\"text-align: left;\"><strong><span style=\"color: #993300;\"><a href=\"https:\/\/modul1flensburg.eu\/wp-content\/uploads\/2019\/11\/Nikolausmarkt-Bild1.jpg\"><img decoding=\"async\" loading=\"lazy\" class=\" wp-image-2006 alignleft\" alt=\"Nikolausmarkt Bild\" src=\"https:\/\/modul1flensburg.eu\/wp-content\/uploads\/2019\/11\/Nikolausmarkt-Bild1-300x300.jpg\" width=\"175\" height=\"175\" srcset=\"https:\/\/modul1flensburg.eu\/wp-content\/uploads\/2019\/11\/Nikolausmarkt-Bild1-300x300.jpg 300w, https:\/\/modul1flensburg.eu\/wp-content\/uploads\/2019\/11\/Nikolausmarkt-Bild1-150x150.jpg 150w, https:\/\/modul1flensburg.eu\/wp-content\/uploads\/2019\/11\/Nikolausmarkt-Bild1-1024x1024.jpg 1024w\" sizes=\"(max-width: 175px) 100vw, 175px\" \/><\/a>&#8222;Villekula e.V. l\u00e4dt zum gem\u00fctlichen Abschluss des Gartenjahres 2019 zu einem besonderen NikolausMarkt f\u00fcr die ganze Familie ein.<\/span><\/strong><\/p>\n<p style=\"text-align: left;\">Im der roten Stra\u00dfe mitten in der Innenstadt k\u00f6nnt ihr es Euch bei uns mit selbstgemachtem Apfelpunsch, hei\u00dfem Kaffee und leckeren selbstgebackenem Kuchen gem\u00fctlich machen. Kinder und Kreative d\u00fcrfen an unseren Mitmach-Stationen 3D-Papiersterne basteln, Brettchen mit dem Brennstab gestalten, eigene Gl\u00f6gg-Gew\u00fcrzmischungen kreieren und winterliche Adventskr\u00e4nze binden. Au\u00dferdem stehen handgemachte Produkte wie naturkosmetische Seifen, Villekulas Kinder-Winter-Buch, sch\u00f6ne Postkarten, Geschenkgutscheine, frischer Villekula-Honig als besondere Weihnachtsgeschenke zum Verkauf. Als Highlight spielt der Kinderliedermacher <em>Jens-Peter M\u00fcller<\/em> am Samstag mit Gro\u00df und Klein Winterlieder zum Mitsingen! So l\u00e4sst sich der Advent beginnen!<\/p>\n<p style=\"text-align: left;\">Der Eintritt ist frei \u2013 Spenden sind erw\u00fcnscht. Barrierefreier Zugang.<\/p>\n<p style=\"text-align: left;\"><span style=\"color: #993300;\">Am 29. und 30.11.2019, jeweils von 12 bis 16 Uhr im Modul 1, Rote Stra\u00dfe 17,\u00a0<\/span><span style=\"color: #993300;\"><span style=\"caret-color: #993300;\">Flensburg<\/span><\/span><\/p>\n<\/div>\n<h2><span style=\"color: #000080;\"><a href=\"https:\/\/modul1flensburg.eu\/wp-content\/uploads\/2019\/11\/Silent-talks_front1.jpg\"><img decoding=\"async\" loading=\"lazy\" class=\"wp-image-2008 alignright\" alt=\"Silent talks_front\" src=\"https:\/\/modul1flensburg.eu\/wp-content\/uploads\/2019\/11\/Silent-talks_front1-721x1024.jpg\" width=\"300\" height=\"424\" \/><\/a><\/span>Silent Talks<\/h2>\n<p><span style=\"color: #000000;\"><strong><span style=\"color: #993300;\">Im Ausstellungsraum MODUL 1<\/span><\/strong> findet sich eine Schreibmaschine auf einem Tisch. Auf dem Schreibpapier haben \u00a0Studierende einen anonymen, fortlaufenden Dialog miteinander begonnen. Jetzt laden sie die Besucher dazu ein, Teil der Diskussion zu werden: <em>\u201eSetzen Sie sich. Beantworten Sie die vorgefundene Frage und tippen Sie dann eine neue Frage f\u00fcr die nachfolgende Person ein.<strong>\u201c<\/strong><\/em><\/span><\/p>\n<p><span style=\"color: #993300;\"><strong>Silent Talks &#8211; Finding Resonance<\/strong><\/span> ist ein Projekt von Studierenden des B.A. European Cultures and Society im Rahmen des \u201eArt &amp; Scenography\u201c Seminars. Unter der Leitung von <em>Svea Bischoff<\/em> und <em>Werner F\u00fctterer<\/em> setzen sich die Studierenden mit szenografischen Ph\u00e4nomenen in Theorie und Praxis auseinander und komponieren ihr eigenes performatives Ausstellungsdesign. Inspiriert von <em>Hartmut Rosas <\/em>\u201eUnverf\u00fcgbarkeit\u201c anl\u00e4sslich der EUF Vorlesungsreihe \u201eEine Uni &#8211; Ein Buch\u201c, haben sich die Studierenden auf ihre eigene Art und Weise an das Konzept der Resonanz angen\u00e4hert und dieses szenografisch transformiert.<\/p>\n<p><span style=\"color: #808000;\"><strong>Modul 1, Rote Stra\u00dfe 17<\/strong><\/span><br \/>\n<span style=\"color: #808000;\"><strong>4. &#8211; 6. Dezember, jeweils 15 &#8211; 23 Uhr<\/strong><\/span><br \/>\n<span style=\"color: #808000;\"><strong>Finnissage: Freitag, 6. Dezember, 18 Uhr<\/strong><\/span><\/p>\n<p>&nbsp;<\/p>\n<div style=\"margin: 0px 10px 0px 0px; border: 2px solid #8A0829; padding: 0em 1em 1em; background-color: #a9e2f3; text-align: left;\">\n<h1><span style=\"color: #ffff00;\">***<\/span><\/h1>\n<h3><span style=\"color: #000080;\"><strong>Zum Abschluss des Jahres \u00f6ffnen innovative Startups wieder ihren &#8222;PopUp-Store&#8220;<\/strong><\/span><\/h3>\n<\/div>\n","protected":false},"excerpt":{"rendered":"<p>&#8222;Villekula e.V. l\u00e4dt zum gem\u00fctlichen Abschluss des Gartenjahres 2019 zu einem besonderen NikolausMarkt f\u00fcr die ganze Familie ein. Im der roten Stra\u00dfe mitten in der Innenstadt k\u00f6nnt ihr es Euch bei uns mit selbstgemachtem Apfelpunsch, hei\u00dfem Kaffee und leckeren selbstgebackenem Kuchen gem\u00fctlich machen. Kinder und Kreative d\u00fcrfen an unseren Mitmach-Stationen 3D-Papiersterne basteln, Brettchen mit dem [&hellip;]<\/p>\n","protected":false},"author":2,"featured_media":0,"comment_status":"closed","ping_status":"closed","sticky":false,"template":"","format":"standard","meta":[],"categories":[1,36],"tags":[37,19],"_links":{"self":[{"href":"https:\/\/modul1flensburg.eu\/index.php?rest_route=\/wp\/v2\/posts\/2003"}],"collection":[{"href":"https:\/\/modul1flensburg.eu\/index.php?rest_route=\/wp\/v2\/posts"}],"about":[{"href":"https:\/\/modul1flensburg.eu\/index.php?rest_route=\/wp\/v2\/types\/post"}],"author":[{"embeddable":true,"href":"https:\/\/modul1flensburg.eu\/index.php?rest_route=\/wp\/v2\/users\/2"}],"replies":[{"embeddable":true,"href":"https:\/\/modul1flensburg.eu\/index.php?rest_route=%2Fwp%2Fv2%2Fcomments&post=2003"}],"version-history":[{"count":10,"href":"https:\/\/modul1flensburg.eu\/index.php?rest_route=\/wp\/v2\/posts\/2003\/revisions"}],"predecessor-version":[{"id":2016,"href":"https:\/\/modul1flensburg.eu\/index.php?rest_route=\/wp\/v2\/posts\/2003\/revisions\/2016"}],"wp:attachment":[{"href":"https:\/\/modul1flensburg.eu\/index.php?rest_route=%2Fwp%2Fv2%2Fmedia&parent=2003"}],"wp:term":[{"taxonomy":"category","embeddable":true,"href":"https:\/\/modul1flensburg.eu\/index.php?rest_route=%2Fwp%2Fv2%2Fcategories&post=2003"},{"taxonomy":"post_tag","embeddable":true,"href":"https:\/\/modul1flensburg.eu\/index.php?rest_route=%2Fwp%2Fv2%2Ftags&post=2003"}],"curies":[{"name":"wp","href":"https:\/\/api.w.org\/{rel}","templated":true}]}}