{"id":2019,"date":"2019-12-06T23:16:55","date_gmt":"2019-12-06T23:16:55","guid":{"rendered":"https:\/\/modul1flensburg.eu\/?p=2019"},"modified":"2019-12-06T23:16:55","modified_gmt":"2019-12-06T23:16:55","slug":"modul1-weiterer-pop-up-shop-neues-bild-in-der-eine-wand-galerie","status":"publish","type":"post","link":"https:\/\/modul1flensburg.eu\/?p=2019","title":{"rendered":"MODUL1: Weiterer Pop-Up Shop \/ Neues Bild in der &#8222;Eine-Wand-Galerie&#8220;"},"content":{"rendered":"<p><span style=\"color: #993300;\"><strong><a href=\"https:\/\/modul1flensburg.eu\/wp-content\/uploads\/2019\/12\/Poster_A3_DE_1mm.jpg\"><img decoding=\"async\" loading=\"lazy\" class=\" wp-image-2020 alignleft\" alt=\"Poster_A3_DE_1mm\" src=\"https:\/\/modul1flensburg.eu\/wp-content\/uploads\/2019\/12\/Poster_A3_DE_1mm-724x1024.jpg\" width=\"253\" height=\"358\" srcset=\"https:\/\/modul1flensburg.eu\/wp-content\/uploads\/2019\/12\/Poster_A3_DE_1mm-724x1024.jpg 724w, https:\/\/modul1flensburg.eu\/wp-content\/uploads\/2019\/12\/Poster_A3_DE_1mm-212x300.jpg 212w\" sizes=\"(max-width: 253px) 100vw, 253px\" \/><\/a>Vom 09.-21. Dezember veranstalten 11 Gr\u00fcnderinnen und Gr\u00fcnder aus Flensburg und S\u00fcdd\u00e4nemark erneut einen Pop-Up Shop im MODUL1, Rote Stra\u00dfe.\u00a0<\/strong><\/span>W\u00e4hrend der zwei Wochen k\u00f6nnen Besucher hier verschiedene innovative Designs, Produkte und Gutscheine der jungen Unternehmen erstehen. Das Sortiment reicht hierbei von liebevoll gestalteten Schreibwaren \u00fcber personalisierbare Vollholz-Lautsprecher bis hin zu Modedesign und handgefertigtem Schmuck. Auch Gutscheine der Oltimer-Vermietung BlackBox sowie Naturkosmetik und Honig aus dem Garten von Villekula e.V. sind erh\u00e4ltlich. Erstmals sind auch zwei d\u00e4nische Start-Ups dabei; HeroicSport mit innovativer Sportausr\u00fcstung und Salvatio Push, ein Wearable Technology Unternehmen.<\/p>\n<p>Bei der Bandbreite an originellen Ideen ist ganz sicher f\u00fcr jeden ein potenzielles Weihnachtsgeschenk dabei!<\/p>\n<p><span style=\"color: #808000;\">Der Start-Up Laden wird t\u00e4glich von Montag bis Freitag ge\u00f6ffnet sein. Am Freitag, den 13. Dezember wird Bergfest gefeiert und die Gr\u00fcnder*innen laden hierzu alle herzlich ein, zwischen 15 und 18 Uhr auf einen Feierabend-Drink in entspannter Atmosph\u00e4re im MODUL1 vorbeizuschauen.\u00a0<\/span><span style=\"color: #993300;\"><i>Vom 09.-21. Dezember, Montag bis Samstag von 11 bis 18 Uhr ge\u00f6ffnet.<\/i><\/span><\/p>\n<p><i>Link zur Facebook-Veranstaltung:\u00a0<\/i><a href=\"https:\/\/www.facebook.com\/events\/438148250454212\/\" target=\"_blank\"><i>https:\/\/www.facebook.com\/events\/438148250454212\/<\/i><\/a><br \/>\nEine Kooperation des MODUL1 mit \u00a0<a href=\"https:\/\/venturewaerft.com\/de\/\" target=\"_blank\">Venturewaerft<\/a>\/Hochschule Flensburg<\/p>\n<p>&nbsp;<\/p>\n<div style=\"margin: 0; margin-right: 10px; border: 2px solid #dfdfdf; padding: 0em 1em 1em 1em; background-color: #ecffe4; text-align: left;\">\n<div id=\"attachment_2025\" style=\"width: 275px\" class=\"wp-caption alignleft\"><a href=\"https:\/\/modul1flensburg.eu\/wp-content\/uploads\/2019\/12\/K\u00f6hne_Clausen.jpg\"><img aria-describedby=\"caption-attachment-2025\" decoding=\"async\" loading=\"lazy\" class=\"wp-image-2025   \" alt=\"K\u00f6hne_Clausen\" src=\"https:\/\/modul1flensburg.eu\/wp-content\/uploads\/2019\/12\/K\u00f6hne_Clausen-1024x1021.jpg\" width=\"265\" height=\"265\" srcset=\"https:\/\/modul1flensburg.eu\/wp-content\/uploads\/2019\/12\/K\u00f6hne_Clausen-1024x1021.jpg 1024w, https:\/\/modul1flensburg.eu\/wp-content\/uploads\/2019\/12\/K\u00f6hne_Clausen-150x150.jpg 150w, https:\/\/modul1flensburg.eu\/wp-content\/uploads\/2019\/12\/K\u00f6hne_Clausen-300x300.jpg 300w\" sizes=\"(max-width: 265px) 100vw, 265px\" \/><\/a><p id=\"caption-attachment-2025\" class=\"wp-caption-text\">Salonmitarbeiter und Ausstellungskoordinator Kay Petersen \u00a0freut sich zusammen mit Victoria Clau\u00dfen \u00fcber das neue Werk in der &#8222;Eine-Wand-Galerie&#8220;.<\/p><\/div>\n<p><em><span style=\"color: #993300;\"><strong>&#8222;Untitled, Mischtechnik&#8220;<\/strong> <\/span><\/em>hei\u00dft das Werk von <em>Victoria Clau\u00dfen<\/em>, das ab sofort im Friseursalon von <em>Gunnar K\u00f6hne<\/em> in der Bismarckstra\u00dfe 54 in Flensburg zu betrachten ist. Der Friseurmeister kooperiert mit dem MODUL1 und bietet Kunststudierenden die M\u00f6glichkeit, jeweils ein Bild f\u00fcr einige Zeit in seiner &#8222;Eine-Wand-Galerie&#8220; auszustellen. &#8222;Malen bedeutet f\u00fcr mich Versenkung, das Sch\u00f6pfen von Ausdruck und die M\u00f6glichkeit der Transformation meiner pers\u00f6nlicher Erfahrungen.\u00a0Das einzelne Bild ist f\u00fcr mich hierbei ein Spiegel meiner Suche, das Abbild meiner Erkenntnis, ein letztlich festgehaltener Moment nach vielen Vorhergegangenen&#8220; so die K\u00fcnstlerin. <a href=\"mailto:victoria.claussen@icloud.com \">Kontaktaufnahme\u00a0<\/a><\/p>\n<p>&nbsp;<\/p>\n<p>&nbsp;<\/p>\n<\/div>\n","protected":false},"excerpt":{"rendered":"<p>Vom 09.-21. Dezember veranstalten 11 Gr\u00fcnderinnen und Gr\u00fcnder aus Flensburg und S\u00fcdd\u00e4nemark erneut einen Pop-Up Shop im MODUL1, Rote Stra\u00dfe.\u00a0W\u00e4hrend der zwei Wochen k\u00f6nnen Besucher hier verschiedene innovative Designs, Produkte und Gutscheine der jungen Unternehmen erstehen. Das Sortiment reicht hierbei von liebevoll gestalteten Schreibwaren \u00fcber personalisierbare Vollholz-Lautsprecher bis hin zu Modedesign und handgefertigtem Schmuck. Auch [&hellip;]<\/p>\n","protected":false},"author":2,"featured_media":0,"comment_status":"closed","ping_status":"closed","sticky":false,"template":"","format":"standard","meta":[],"categories":[1,36],"tags":[37,19],"_links":{"self":[{"href":"https:\/\/modul1flensburg.eu\/index.php?rest_route=\/wp\/v2\/posts\/2019"}],"collection":[{"href":"https:\/\/modul1flensburg.eu\/index.php?rest_route=\/wp\/v2\/posts"}],"about":[{"href":"https:\/\/modul1flensburg.eu\/index.php?rest_route=\/wp\/v2\/types\/post"}],"author":[{"embeddable":true,"href":"https:\/\/modul1flensburg.eu\/index.php?rest_route=\/wp\/v2\/users\/2"}],"replies":[{"embeddable":true,"href":"https:\/\/modul1flensburg.eu\/index.php?rest_route=%2Fwp%2Fv2%2Fcomments&post=2019"}],"version-history":[{"count":13,"href":"https:\/\/modul1flensburg.eu\/index.php?rest_route=\/wp\/v2\/posts\/2019\/revisions"}],"predecessor-version":[{"id":2034,"href":"https:\/\/modul1flensburg.eu\/index.php?rest_route=\/wp\/v2\/posts\/2019\/revisions\/2034"}],"wp:attachment":[{"href":"https:\/\/modul1flensburg.eu\/index.php?rest_route=%2Fwp%2Fv2%2Fmedia&parent=2019"}],"wp:term":[{"taxonomy":"category","embeddable":true,"href":"https:\/\/modul1flensburg.eu\/index.php?rest_route=%2Fwp%2Fv2%2Fcategories&post=2019"},{"taxonomy":"post_tag","embeddable":true,"href":"https:\/\/modul1flensburg.eu\/index.php?rest_route=%2Fwp%2Fv2%2Ftags&post=2019"}],"curies":[{"name":"wp","href":"https:\/\/api.w.org\/{rel}","templated":true}]}}