{"id":2075,"date":"2020-05-01T00:31:56","date_gmt":"2020-05-01T00:31:56","guid":{"rendered":"https:\/\/modul1flensburg.eu\/?p=2075"},"modified":"2020-05-01T15:42:22","modified_gmt":"2020-05-01T15:42:22","slug":"das-fenster-ins-modul1-victoria-clausen-malerei","status":"publish","type":"post","link":"https:\/\/modul1flensburg.eu\/?p=2075","title":{"rendered":"Das Fenster ins MODUL1 &#8211; Victoria Clau\u00dfen Malerei"},"content":{"rendered":"<p>Malerei virtuell abzubilden ist eine M\u00f6glichkeit in Zeiten von Corona, nur entspricht die Sinnlichkeit nicht dem Original \u2013 \u00a0oder hat eine andere. Nun ist im MODUL1, dem Ausstellung- und Begegnungsraum der Europa-Universit\u00e4t \u00a0Flensburg wieder Kunst im Original zu sehen, wenn auch aufgrund der Kontaktbeschr\u00e4nkungen lediglich durch die Fensterfl\u00e4chen. Doch dabei entfaltet die Malerei von <em>Victoria Clau\u00dfen<\/em> durch expressive Schichtungen von intensiver Farbkraft ihre Wirkung auch durch die Scheiben hindurch.<\/p>\n<p><em>Victoria Clau\u00dfen<\/em> studiert Kunst. und Philosophie an der EUF:\u00a0&#8222;Malen bedeutet f\u00fcr mich Versenkung und die M\u00f6glichkeit der Transformation meiner pers\u00f6nlicher Erfahrungen und Gedanken. Das einzelne Bild ist f\u00fcr mich hierbei Ausdruck meiner Suche und auch meiner Erkenntnis\u201c so die K\u00fcnstlerin. Es ist geplant, ihr beim beim Arbeiten im Galerieraum zuzusehen \u2013 dann allerdings nur durch die ge\u00f6ffnete T\u00fcr von der Roten Stra\u00dfe aus.<\/p>\n<p><span style=\"color: #993300;\"><em>Kontakt: victoria.claussen@icloud.com \/\u00a0+49 173 3963042<\/em><\/span><\/p>\n<p><span style=\"color: #808000;\">* Die Ausstellung- und Werkstattserie &#8222;Fenster ins MODUL1&#8220;<\/span><br \/>\n<span style=\"color: #808000;\"> findet statt in Zeiten der Corona-Pandemie bis wieder gewohnte<\/span><br \/>\n<span style=\"color: #808000;\"> Ausstellungsbesuche m\u00f6glich sind.<\/span><\/p>\n<div id=\"attachment_2082\" style=\"width: 153px\" class=\"wp-caption alignleft\"><a href=\"https:\/\/modul1flensburg.eu\/wp-content\/uploads\/2020\/05\/FullSizeRender.jpg\"><img aria-describedby=\"caption-attachment-2082\" decoding=\"async\" loading=\"lazy\" class=\"wp-image-2082 \" alt=\"Gedanken transformiert in expressiven Farbschichtungen\" src=\"https:\/\/modul1flensburg.eu\/wp-content\/uploads\/2020\/05\/FullSizeRender-584x1024.jpg\" width=\"143\" height=\"250\" srcset=\"https:\/\/modul1flensburg.eu\/wp-content\/uploads\/2020\/05\/FullSizeRender-584x1024.jpg 584w, https:\/\/modul1flensburg.eu\/wp-content\/uploads\/2020\/05\/FullSizeRender-171x300.jpg 171w, https:\/\/modul1flensburg.eu\/wp-content\/uploads\/2020\/05\/FullSizeRender.jpg 843w\" sizes=\"(max-width: 143px) 100vw, 143px\" \/><\/a><p id=\"caption-attachment-2082\" class=\"wp-caption-text\">Vom Atelier ins MODUL1: Die Malerin transformiert ihre Gedanken in expressive Farbschichtungen<\/p><\/div>\n<div id=\"attachment_2081\" style=\"width: 341px\" class=\"wp-caption alignnone\"><a href=\"https:\/\/modul1flensburg.eu\/wp-content\/uploads\/2020\/04\/Victoria-Modul1-2.jpg\"><img aria-describedby=\"caption-attachment-2081\" decoding=\"async\" loading=\"lazy\" class=\"wp-image-2081  \" alt=\"Victoria Clau\u00dfen l\u00e4dt ein, ihre Malerei im Schaufenster zu betrachten. \" src=\"https:\/\/modul1flensburg.eu\/wp-content\/uploads\/2020\/04\/Victoria-Modul1-2-1024x911.jpg\" width=\"331\" height=\"295\" srcset=\"https:\/\/modul1flensburg.eu\/wp-content\/uploads\/2020\/04\/Victoria-Modul1-2-1024x911.jpg 1024w, https:\/\/modul1flensburg.eu\/wp-content\/uploads\/2020\/04\/Victoria-Modul1-2-300x267.jpg 300w\" sizes=\"(max-width: 331px) 100vw, 331px\" \/><\/a><p id=\"caption-attachment-2081\" class=\"wp-caption-text\">Victoria Clau\u00dfen l\u00e4dt ein, ihre Malerei im Schaufenster zu betrachten.<\/p><\/div>\n","protected":false},"excerpt":{"rendered":"<p>Malerei virtuell abzubilden ist eine M\u00f6glichkeit in Zeiten von Corona, nur entspricht die Sinnlichkeit nicht dem Original \u2013 \u00a0oder hat eine andere. Nun ist im MODUL1, dem Ausstellung- und Begegnungsraum der Europa-Universit\u00e4t \u00a0Flensburg wieder Kunst im Original zu sehen, wenn auch aufgrund der Kontaktbeschr\u00e4nkungen lediglich durch die Fensterfl\u00e4chen. Doch dabei entfaltet die Malerei von Victoria [&hellip;]<\/p>\n","protected":false},"author":2,"featured_media":0,"comment_status":"closed","ping_status":"closed","sticky":false,"template":"","format":"standard","meta":[],"categories":[1,38],"tags":[39,19],"_links":{"self":[{"href":"https:\/\/modul1flensburg.eu\/index.php?rest_route=\/wp\/v2\/posts\/2075"}],"collection":[{"href":"https:\/\/modul1flensburg.eu\/index.php?rest_route=\/wp\/v2\/posts"}],"about":[{"href":"https:\/\/modul1flensburg.eu\/index.php?rest_route=\/wp\/v2\/types\/post"}],"author":[{"embeddable":true,"href":"https:\/\/modul1flensburg.eu\/index.php?rest_route=\/wp\/v2\/users\/2"}],"replies":[{"embeddable":true,"href":"https:\/\/modul1flensburg.eu\/index.php?rest_route=%2Fwp%2Fv2%2Fcomments&post=2075"}],"version-history":[{"count":16,"href":"https:\/\/modul1flensburg.eu\/index.php?rest_route=\/wp\/v2\/posts\/2075\/revisions"}],"predecessor-version":[{"id":2093,"href":"https:\/\/modul1flensburg.eu\/index.php?rest_route=\/wp\/v2\/posts\/2075\/revisions\/2093"}],"wp:attachment":[{"href":"https:\/\/modul1flensburg.eu\/index.php?rest_route=%2Fwp%2Fv2%2Fmedia&parent=2075"}],"wp:term":[{"taxonomy":"category","embeddable":true,"href":"https:\/\/modul1flensburg.eu\/index.php?rest_route=%2Fwp%2Fv2%2Fcategories&post=2075"},{"taxonomy":"post_tag","embeddable":true,"href":"https:\/\/modul1flensburg.eu\/index.php?rest_route=%2Fwp%2Fv2%2Ftags&post=2075"}],"curies":[{"name":"wp","href":"https:\/\/api.w.org\/{rel}","templated":true}]}}