{"id":2120,"date":"2020-07-26T22:05:02","date_gmt":"2020-07-26T22:05:02","guid":{"rendered":"https:\/\/modul1flensburg.eu\/?p=2120"},"modified":"2020-07-26T22:05:02","modified_gmt":"2020-07-26T22:05:02","slug":"modul1-amelie-schnaut-in-der-einbild-galerie","status":"publish","type":"post","link":"https:\/\/modul1flensburg.eu\/?p=2120","title":{"rendered":"Modul1: Amelie Schnaut in der &#8222;EinBild-Galerie&#8220;"},"content":{"rendered":"<p><span style=\"color: #993300;\">&#8222;Malen bietet mir die M\u00f6glichkeit, in Formen und Farben meine t\u00e4glichen Seeleneindr\u00fccke zu verarbeiten und meine eigene Wirklichkeit auf Papier und Leinwand zu erschaffen&#8220;<\/span>, formuliert <em>Amelie Schnaut<\/em>, Kunststudierende der EUF ihren k\u00fcnstlerischen Ansatz. Besonders Menschen und ihr Gesicht sind das bevorzugtes Motiv, die einzigartigen Gesichtsz\u00fcge in ihren individuellen Formen faszinieren sie. Mit sehr eigenem, gekonntem Schwung erzeugt <em>Amelie\u00a0Schnaut<\/em>\u00a0Pinselzeichnungen, deren Motive gelegentlich klassischen Erz\u00e4hlungen zu entspringen scheinen. Auff\u00e4llig ist die Leichtigkeit in der Anmutung der Bilder. Schon sehr fr\u00fch hat sie sich mit Fragen der Trinit\u00e4t als Basis ihrer Arbeit besch\u00e4ftigt und speziell mit Aspekten von K\u00f6rper, Geist und Seele, die sie in ihren Arbeiten umzusetzen versucht Ihre bevorzugte Farbe ist das Blau, die ihr breiten gedanklichen Raum bietet. Derzeit pr\u00e4sentiert sie zwei Werke in der &#8222;EinBild-Galerie&#8220; bei Gunnar K\u00f6hne.<br \/>\nZu besichtigen w\u00e4hrend der \u00d6ffnungszeiten des <a href=\"https:\/\/www.fris\u00f6r-k\u00f6hne.de\/start.htm\" target=\"_blank\">Friseursalons<\/a>.<\/p>\n<p><span style=\"color: #993300;\"> Kontakt zu Amelie Schnaut<\/span><br \/>\n<span style=\"color: #808000;\"> Instagram: kunst.der.amelie<\/span><br \/>\n<span style=\"color: #808000;\"> Email: amelieschnaut@t-online.de<\/span><\/p>\n<p><span style=\"color: #333399;\"><strong>Die &#8222;EinBild-Galerie&#8220; ist eine Kooperation des MODUL1 mit dem Friseursalon <em>Gunnar K\u00f6hne<\/em> <\/strong>in der Bismarckstra\u00dfe 54 Flensburg. Der Friseurmeister hat bereits sehr beachtete Zeichnungen und Aquarelle im MODUL1 ausgestellt, im Gegenzug haben Studierende die M\u00f6glichkeit, Werke in seinem Salon auszustellen. Die jetzige Pr\u00e4sentation ist bereits die vierte Ausstellung in Kooperation. <em>Amelie Schnaut<\/em> zeigt die Aquarelle \u201eMeerlos\u201c und \u201cBlumenkraft\u201c.<\/span><\/p>\n<div id=\"attachment_2136\" style=\"width: 305px\" class=\"wp-caption alignleft\"><a href=\"https:\/\/modul1flensburg.eu\/wp-content\/uploads\/2020\/07\/Amelie-bei-K\u00f6hne.jpg\"><img aria-describedby=\"caption-attachment-2136\" decoding=\"async\" loading=\"lazy\" class=\" wp-image-2136        \" alt=\"Amelie Schnaut und Kay Petersen (Salon K\u00f6hne) zeigen die neuen Werke f\u00fcr die Galerie\" src=\"https:\/\/modul1flensburg.eu\/wp-content\/uploads\/2020\/07\/Amelie-bei-K\u00f6hne-987x1024.jpg\" width=\"295\" height=\"307\" srcset=\"https:\/\/modul1flensburg.eu\/wp-content\/uploads\/2020\/07\/Amelie-bei-K\u00f6hne-987x1024.jpg 987w, https:\/\/modul1flensburg.eu\/wp-content\/uploads\/2020\/07\/Amelie-bei-K\u00f6hne-289x300.jpg 289w, https:\/\/modul1flensburg.eu\/wp-content\/uploads\/2020\/07\/Amelie-bei-K\u00f6hne.jpg 1862w\" sizes=\"(max-width: 295px) 100vw, 295px\" \/><\/a><p id=\"caption-attachment-2136\" class=\"wp-caption-text\">Amelie Schnaut und Kay Petersen (Salon K\u00f6hne) zeigen die neuen Werke f\u00fcr die Galerie<\/p><\/div>\n<div id=\"attachment_2138\" style=\"width: 224px\" class=\"wp-caption alignleft\"><a href=\"https:\/\/modul1flensburg.eu\/wp-content\/uploads\/2020\/07\/Zeichnung.jpg\"><img aria-describedby=\"caption-attachment-2138\" decoding=\"async\" loading=\"lazy\" class=\"wp-image-2138   \" alt=\"Aus der Serie \u201cSeelentraum\u201d\" src=\"https:\/\/modul1flensburg.eu\/wp-content\/uploads\/2020\/07\/Zeichnung-300x203.jpg\" width=\"214\" height=\"145\" srcset=\"https:\/\/modul1flensburg.eu\/wp-content\/uploads\/2020\/07\/Zeichnung-300x203.jpg 300w, https:\/\/modul1flensburg.eu\/wp-content\/uploads\/2020\/07\/Zeichnung.jpg 810w\" sizes=\"(max-width: 214px) 100vw, 214px\" \/><\/a><p id=\"caption-attachment-2138\" class=\"wp-caption-text\">Aus der Serie \u201cSeelentraum&#8220;<\/p><\/div>\n<div id=\"attachment_2137\" style=\"width: 162px\" class=\"wp-caption alignleft\"><a href=\"https:\/\/modul1flensburg.eu\/wp-content\/uploads\/2020\/07\/Amelie-working.jpg\"><img aria-describedby=\"caption-attachment-2137\" decoding=\"async\" loading=\"lazy\" class=\" wp-image-2137        \" alt=\"Amelie Schnaut arbeitet gerne im Freien bei nat\u00fcrlichen Lichteinfl\u00fcssen\" src=\"https:\/\/modul1flensburg.eu\/wp-content\/uploads\/2020\/07\/Amelie-working-768x1024.jpg\" width=\"152\" height=\"202\" srcset=\"https:\/\/modul1flensburg.eu\/wp-content\/uploads\/2020\/07\/Amelie-working-768x1024.jpg 768w, https:\/\/modul1flensburg.eu\/wp-content\/uploads\/2020\/07\/Amelie-working-225x300.jpg 225w\" sizes=\"(max-width: 152px) 100vw, 152px\" \/><\/a><p id=\"caption-attachment-2137\" class=\"wp-caption-text\">Amelie Schnaut arbeitet gerne \u00a0bei nat\u00fcrlichen Lichteinfl\u00fcssen<\/p><\/div>\n<p>&nbsp;<\/p>\n<p>&nbsp;<\/p>\n<p>&nbsp;<\/p>\n<p>&nbsp;<\/p>\n<p>&nbsp;<\/p>\n<p>&nbsp;<\/p>\n<p>&nbsp;<\/p>\n<p>&nbsp;<\/p>\n<p>&nbsp;<\/p>\n<p>&nbsp;<\/p>\n<p>&nbsp;<\/p>\n<p>&nbsp;<\/p>\n<p>&nbsp;<\/p>\n<p>&nbsp;<\/p>\n<p>&nbsp;<\/p>\n<p>&nbsp;<\/p>\n<div style=\"margin: 0; margin-right: 10px; border: 2px solid #dfdfdf; padding: 0em 1em 1em 1em; background-color: #ecffe4; text-align: left;\">\n<p style=\"text-align: left;\"><span style=\"color: #993300;\"><strong>MODUL1-Edition &#8211; Erste Auflage erschienen<\/strong><\/span><\/p>\n<p style=\"text-align: left;\"><strong>Die Ergebnisse von Ausstellungen im MODUL1 oder qualitativ hochwertige Arbeiten und Projekte von Kunst-Studierenden<\/strong> geraten all zu h\u00e4ufig aus dem Blickfeld, obwohl sie es wert w\u00e4ren, publiziert zu werden. Aus diesem Grunde entstand die Idee, eine <em>MODUL1-Edition<\/em> aufzulegen. Kleine Kataloge oder Magazine sollen einen Blick auf spannende Arbeiten und Themen lenken.\u00a0<strong><br \/>\nDie MODUL1-Edition<\/strong> startet mit \u00a0<em>\u201cSilent Talks &#8211; Finding Resonance\u201d<\/em>. Das Projekt von Studierenden des B.A. European Cultures and Society ist im Rahmen des\u00a0\u201eArt and Scenography\u201c Seminars im Herbstsemester 2019\/2020 entstanden. Unter der Leitung von <em>Svea Bischoff<\/em> und <em>Werner F\u00fctterer<\/em> setzten sich die Studierenden mit szenografischen Ph\u00e4nomenen in Theorie und Praxis auseinander und komponierten ihr eigenes performatives Ausstellungsdesign. Auf einer manuellen Schreibmaschine haben Studierende und Ausstellungsbesuchende einen anonymen, fortlaufenden Dialog miteinander begonnen.\u00a0Einen Einblick und eine Erinnerung an die viel beachtete Ausstellung <a href=\"https:\/\/modul1flensburg.eu\/?p=2003\" target=\"_blank\">&#8222;Silent Talks&#8220; vom Dezember 2019<\/a> gibt das animierte Online-Magazin. Durch einen Klick in die rechte obere Ecke kann ein Vollbild-Men\u00fc aufgerufen werden. \u00a0Auskunft zu Printexemplaren geben<em id=\"__mceDel\"> <a href=\"mailto:svea.bischoff@uni-flensburg.de\" target=\"_blank\">Svea Bischoff<\/a> <\/em>und<em id=\"__mceDel\"> <a href=\"mailto:modul1@uni-flensburg.de\" target=\"_blank\">Werner F\u00fctterer<\/a>.<\/em><\/p>\n<p><iframe loading=\"lazy\" src=\"https:\/\/www.yumpu.com\/de\/embed\/view\/xDXrVvFdSoNjuyeb\" height=\"365\" width=\"300\" allowfullscreen=\"true\" frameborder=\"0\"><\/iframe><\/p>\n<\/div>\n<p><span style=\"color: #993300;\"><strong>Druckgrafik in Zeiten von Corona.\u00a0<\/strong>\u00a0<\/span>Kunststudierende haben sich in einigen Pr\u00e4senzveranstaltungen zwischen der Online-Lehre an\u00a0der Europa-Universit\u00e4t Flensburg\u00a0mit dem Thema &#8222;Maske&#8220; &#8211; einem notwendigen Accessoire w\u00e4hrend er COVID-19-Pandemie \u2013 auseinander gesetzt. Zu sehen sind die Arbeiten zun\u00e4chst auf dem Kunstflur im 6. Stock der EUF, \u00a0Geb\u00e4ude OSLO, Auf dem Campus 1 \u2013 und wenn es wieder m\u00f6glich ist, auch im MODUL 1.<\/p>\n<p><a href=\"https:\/\/modul1flensburg.eu\/wp-content\/uploads\/2020\/07\/Druckgrafik-im-Flur_Masken.jpg\"><img decoding=\"async\" loading=\"lazy\" class=\"alignleft  wp-image-2195\" alt=\"Druckgrafik im Flur_Masken\" src=\"https:\/\/modul1flensburg.eu\/wp-content\/uploads\/2020\/07\/Druckgrafik-im-Flur_Masken-225x300.jpg\" width=\"203\" height=\"270\" srcset=\"https:\/\/modul1flensburg.eu\/wp-content\/uploads\/2020\/07\/Druckgrafik-im-Flur_Masken-225x300.jpg 225w, https:\/\/modul1flensburg.eu\/wp-content\/uploads\/2020\/07\/Druckgrafik-im-Flur_Masken-768x1024.jpg 768w\" sizes=\"(max-width: 203px) 100vw, 203px\" \/><\/a><a href=\"https:\/\/modul1flensburg.eu\/wp-content\/uploads\/2020\/07\/An-der-Presse.jpg\"><img decoding=\"async\" loading=\"lazy\" class=\"wp-image-2196 alignleft\" alt=\"An der Presse\" src=\"https:\/\/modul1flensburg.eu\/wp-content\/uploads\/2020\/07\/An-der-Presse-300x224.jpg\" width=\"240\" height=\"179\" srcset=\"https:\/\/modul1flensburg.eu\/wp-content\/uploads\/2020\/07\/An-der-Presse-300x224.jpg 300w, https:\/\/modul1flensburg.eu\/wp-content\/uploads\/2020\/07\/An-der-Presse-1024x767.jpg 1024w\" sizes=\"(max-width: 240px) 100vw, 240px\" \/><\/a><\/p>\n","protected":false},"excerpt":{"rendered":"<p>&#8222;Malen bietet mir die M\u00f6glichkeit, in Formen und Farben meine t\u00e4glichen Seeleneindr\u00fccke zu verarbeiten und meine eigene Wirklichkeit auf Papier und Leinwand zu erschaffen&#8220;, formuliert Amelie Schnaut, Kunststudierende der EUF ihren k\u00fcnstlerischen Ansatz. Besonders Menschen und ihr Gesicht sind das bevorzugtes Motiv, die einzigartigen Gesichtsz\u00fcge in ihren individuellen Formen faszinieren sie. Mit sehr eigenem, gekonntem [&hellip;]<\/p>\n","protected":false},"author":2,"featured_media":0,"comment_status":"closed","ping_status":"closed","sticky":false,"template":"","format":"standard","meta":[],"categories":[1,38],"tags":[39,19],"_links":{"self":[{"href":"https:\/\/modul1flensburg.eu\/index.php?rest_route=\/wp\/v2\/posts\/2120"}],"collection":[{"href":"https:\/\/modul1flensburg.eu\/index.php?rest_route=\/wp\/v2\/posts"}],"about":[{"href":"https:\/\/modul1flensburg.eu\/index.php?rest_route=\/wp\/v2\/types\/post"}],"author":[{"embeddable":true,"href":"https:\/\/modul1flensburg.eu\/index.php?rest_route=\/wp\/v2\/users\/2"}],"replies":[{"embeddable":true,"href":"https:\/\/modul1flensburg.eu\/index.php?rest_route=%2Fwp%2Fv2%2Fcomments&post=2120"}],"version-history":[{"count":77,"href":"https:\/\/modul1flensburg.eu\/index.php?rest_route=\/wp\/v2\/posts\/2120\/revisions"}],"predecessor-version":[{"id":2205,"href":"https:\/\/modul1flensburg.eu\/index.php?rest_route=\/wp\/v2\/posts\/2120\/revisions\/2205"}],"wp:attachment":[{"href":"https:\/\/modul1flensburg.eu\/index.php?rest_route=%2Fwp%2Fv2%2Fmedia&parent=2120"}],"wp:term":[{"taxonomy":"category","embeddable":true,"href":"https:\/\/modul1flensburg.eu\/index.php?rest_route=%2Fwp%2Fv2%2Fcategories&post=2120"},{"taxonomy":"post_tag","embeddable":true,"href":"https:\/\/modul1flensburg.eu\/index.php?rest_route=%2Fwp%2Fv2%2Ftags&post=2120"}],"curies":[{"name":"wp","href":"https:\/\/api.w.org\/{rel}","templated":true}]}}