{"id":2207,"date":"2020-08-19T22:14:56","date_gmt":"2020-08-19T22:14:56","guid":{"rendered":"https:\/\/modul1flensburg.eu\/?p=2207"},"modified":"2020-08-20T11:41:48","modified_gmt":"2020-08-20T11:41:48","slug":"modul1-neues-schaufenster-pimp-the-pink","status":"publish","type":"post","link":"https:\/\/modul1flensburg.eu\/?p=2207","title":{"rendered":"MODUL1- Neue Schaufenster-Kunst: Pimp the Pink"},"content":{"rendered":"<p>Die Pr\u00e4senz von Kunst und Kultur in Zeiten von Corona ist eine besondere Herausforderung und erfordert immer wieder kreative\u00a0Ideen und L\u00f6sungen, dies gilt nat\u00fcrlich auch beim Pr\u00e4sentieren einer Ausstellung.<\/p>\n<p><strong>Das MODUL1<\/strong> als kleine Galerie, darf derzeit keine Besucher begr\u00fc\u00dfen. Daher k\u00f6nnen die Passanten in Flensburgs Roter Stra\u00dfe seit einiger Zeit Kunstwerke durch das Schaufenster betrachten. Aktuell sind Arbeiten von <em>Prof. Dr. K\u00e4the Wenzel<\/em> auf der Eingangst\u00fcr des MODUL1 zu sehen. Knallige pinkfarbene Piktogramme in surrealer Anmutung ziehen die Besucher an. Die\u00a0Professorin f\u00fcr \u00c4sthetische Praxis\u00a0an der Europa-Universit\u00e4t Flensburg zeigt Arbeiten aus ihrer Serie <strong style=\"color: #993300;\">&#8222;UrBane\u00a0KleBe-Kits&#8220;.\u00a0Titel f\u00fcr das MODUL1 &#8222;Pimp the Pink&#8220;.\u00a0<\/strong><span style=\"color: #000000;\">Die in Berlin lebende K\u00fcnstlerin erl\u00e4utert:<\/span>\u00a0<span style=\"color: #808000;\"><em>Schilder im \u00f6ffentlichen Raum dirigieren und erteilen Anweisungen. Dabei benutzen sie h\u00e4ufig Stereotype. Ich schlage eine Reihe neuer, an der Realit\u00e4t orientierter Schilder und Piktogramme vor. Die Urbanen Klebe-Kits bieten Aufkleber f\u00fcr die Erweiterung von visuellen Stereotypen und von gedanklich verengten R\u00e4umen zur freien Anwendung an die Hand. Die Kits stehen Open Source zum Herunterladen im Internet zur Verf\u00fcgung unter<\/em><span><a href=\"https:\/\/www.kaethewenzel.de\/index.html\" target=\"_blank\">\u00a0www.kaethewenzel.de<\/a><\/span><\/span><\/p>\n<p><span style=\"color: #808000;\"><span style=\"color: #808000;\"><span style=\"color: #000000;\">K\u00e4the Wenzel \u00a0besch\u00e4ftigt sich mit Utopie,\u00a0Zukunft und alternativen Weltentw\u00fcrfen. Dazu infiltriert sie st\u00e4dtische Systeme und Service-Leistungen. Interventionen im Stadtraum sind auch Teil ihrer Arbeit mit den Kunststudierenden an der EUF.\u00a0<\/span><\/span><\/span><br \/>\n<span style=\"color: #808000;\"><span style=\"color: #808000;\"><span style=\"color: #000000;\">Die\u00a0<\/span><\/span><\/span><span style=\"color: #000000;\">Urban Sticker Kits wurden u.a. in die Sammlung des LWL Museums f\u00fcr Kunst und Kultur &#8211; Westf\u00e4lisches Landesmuseum aufgenommen.<\/span><\/p>\n<div id=\"attachment_2211\" style=\"width: 262px\" class=\"wp-caption alignleft\"><a href=\"https:\/\/modul1flensburg.eu\/wp-content\/uploads\/2020\/08\/B4E3F72B-B1D3-40AE-9DCC-92FA847EE410_1_201_a.jpeg\"><img aria-describedby=\"caption-attachment-2211\" decoding=\"async\" loading=\"lazy\" class=\" wp-image-2211  \" alt=\"Leuchten die Passanten an. Die Urban-Sticker Kits von K\u00e4the Wenzel\" src=\"https:\/\/modul1flensburg.eu\/wp-content\/uploads\/2020\/08\/B4E3F72B-B1D3-40AE-9DCC-92FA847EE410_1_201_a-525x1024.jpeg\" width=\"252\" height=\"491\" srcset=\"https:\/\/modul1flensburg.eu\/wp-content\/uploads\/2020\/08\/B4E3F72B-B1D3-40AE-9DCC-92FA847EE410_1_201_a-525x1024.jpeg 525w, https:\/\/modul1flensburg.eu\/wp-content\/uploads\/2020\/08\/B4E3F72B-B1D3-40AE-9DCC-92FA847EE410_1_201_a-154x300.jpeg 154w, https:\/\/modul1flensburg.eu\/wp-content\/uploads\/2020\/08\/B4E3F72B-B1D3-40AE-9DCC-92FA847EE410_1_201_a.jpeg 1874w\" sizes=\"(max-width: 252px) 100vw, 252px\" \/><\/a><p id=\"caption-attachment-2211\" class=\"wp-caption-text\">Leuchten die Passanten an. Die Urban-Sticker Kits von K\u00e4the Wenzel.<\/p><\/div>\n<div id=\"attachment_2213\" style=\"width: 253px\" class=\"wp-caption alignnone\"><a href=\"https:\/\/modul1flensburg.eu\/wp-content\/uploads\/2020\/08\/881B6543-6FDC-4705-B40F-79BD2EFE06D0_1_201_a.jpeg\"><img aria-describedby=\"caption-attachment-2213\" decoding=\"async\" loading=\"lazy\" class=\"wp-image-2213    \" alt=\"Werner F\u00fctterer vom MODUL1 bringt die knalligen   Piktogramme an.\" src=\"https:\/\/modul1flensburg.eu\/wp-content\/uploads\/2020\/08\/881B6543-6FDC-4705-B40F-79BD2EFE06D0_1_201_a-640x1024.jpeg\" width=\"243\" height=\"388\" srcset=\"https:\/\/modul1flensburg.eu\/wp-content\/uploads\/2020\/08\/881B6543-6FDC-4705-B40F-79BD2EFE06D0_1_201_a-640x1024.jpeg 640w, https:\/\/modul1flensburg.eu\/wp-content\/uploads\/2020\/08\/881B6543-6FDC-4705-B40F-79BD2EFE06D0_1_201_a-187x300.jpeg 187w, https:\/\/modul1flensburg.eu\/wp-content\/uploads\/2020\/08\/881B6543-6FDC-4705-B40F-79BD2EFE06D0_1_201_a.jpeg 2024w\" sizes=\"(max-width: 243px) 100vw, 243px\" \/><\/a><p id=\"caption-attachment-2213\" class=\"wp-caption-text\">Werner F\u00fctterer \u00a0initiiert die Reihe &#8222;Blick ins MODUL1&#8220; und legt auch selber Hand an.<\/p><\/div>\n<p><a href=\"https:\/\/modul1flensburg.eu\/wp-content\/uploads\/2020\/08\/FEA0C815-74B4-425A-A62A-3FAB74AFDD35.jpeg\"><img decoding=\"async\" loading=\"lazy\" class=\"alignleft  wp-image-2215\" alt=\"FEA0C815-74B4-425A-A62A-3FAB74AFDD35\" src=\"https:\/\/modul1flensburg.eu\/wp-content\/uploads\/2020\/08\/FEA0C815-74B4-425A-A62A-3FAB74AFDD35.jpeg\" width=\"388\" height=\"426\" srcset=\"https:\/\/modul1flensburg.eu\/wp-content\/uploads\/2020\/08\/FEA0C815-74B4-425A-A62A-3FAB74AFDD35.jpeg 646w, https:\/\/modul1flensburg.eu\/wp-content\/uploads\/2020\/08\/FEA0C815-74B4-425A-A62A-3FAB74AFDD35-272x300.jpeg 272w\" sizes=\"(max-width: 388px) 100vw, 388px\" \/><\/a><\/p>\n","protected":false},"excerpt":{"rendered":"<p>Die Pr\u00e4senz von Kunst und Kultur in Zeiten von Corona ist eine besondere Herausforderung und erfordert immer wieder kreative\u00a0Ideen und L\u00f6sungen, dies gilt nat\u00fcrlich auch beim Pr\u00e4sentieren einer Ausstellung. Das MODUL1 als kleine Galerie, darf derzeit keine Besucher begr\u00fc\u00dfen. Daher k\u00f6nnen die Passanten in Flensburgs Roter Stra\u00dfe seit einiger Zeit Kunstwerke durch das Schaufenster betrachten. [&hellip;]<\/p>\n","protected":false},"author":2,"featured_media":0,"comment_status":"closed","ping_status":"closed","sticky":false,"template":"","format":"standard","meta":[],"categories":[1,38],"tags":[39,19],"_links":{"self":[{"href":"https:\/\/modul1flensburg.eu\/index.php?rest_route=\/wp\/v2\/posts\/2207"}],"collection":[{"href":"https:\/\/modul1flensburg.eu\/index.php?rest_route=\/wp\/v2\/posts"}],"about":[{"href":"https:\/\/modul1flensburg.eu\/index.php?rest_route=\/wp\/v2\/types\/post"}],"author":[{"embeddable":true,"href":"https:\/\/modul1flensburg.eu\/index.php?rest_route=\/wp\/v2\/users\/2"}],"replies":[{"embeddable":true,"href":"https:\/\/modul1flensburg.eu\/index.php?rest_route=%2Fwp%2Fv2%2Fcomments&post=2207"}],"version-history":[{"count":17,"href":"https:\/\/modul1flensburg.eu\/index.php?rest_route=\/wp\/v2\/posts\/2207\/revisions"}],"predecessor-version":[{"id":2223,"href":"https:\/\/modul1flensburg.eu\/index.php?rest_route=\/wp\/v2\/posts\/2207\/revisions\/2223"}],"wp:attachment":[{"href":"https:\/\/modul1flensburg.eu\/index.php?rest_route=%2Fwp%2Fv2%2Fmedia&parent=2207"}],"wp:term":[{"taxonomy":"category","embeddable":true,"href":"https:\/\/modul1flensburg.eu\/index.php?rest_route=%2Fwp%2Fv2%2Fcategories&post=2207"},{"taxonomy":"post_tag","embeddable":true,"href":"https:\/\/modul1flensburg.eu\/index.php?rest_route=%2Fwp%2Fv2%2Ftags&post=2207"}],"curies":[{"name":"wp","href":"https:\/\/api.w.org\/{rel}","templated":true}]}}