{"id":2248,"date":"2020-11-01T18:56:46","date_gmt":"2020-11-01T18:56:46","guid":{"rendered":"https:\/\/modul1flensburg.eu\/?p=2248"},"modified":"2020-11-01T22:32:45","modified_gmt":"2020-11-01T22:32:45","slug":"modul1-aktivitaten-in-corona-zeiten","status":"publish","type":"post","link":"https:\/\/modul1flensburg.eu\/?p=2248","title":{"rendered":"MODUL1: Aktivit\u00e4ten in Corona-Zeiten"},"content":{"rendered":"<div id=\"attachment_2251\" style=\"width: 280px\" class=\"wp-caption alignleft\"><a href=\"https:\/\/modul1flensburg.eu\/wp-content\/uploads\/2020\/10\/A1BFCD71-4431-42DB-9C62-2D7D1915C1EF_1_201_a.jpeg\"><img aria-describedby=\"caption-attachment-2251\" decoding=\"async\" loading=\"lazy\" class=\" wp-image-2251 \" alt=\"Gunnar K\u00f6hne und Bente Ziegenbeinmit den neuen Arbeiten f\u00fcr die Galerie im Friseursalon. Foto:K.Prtersen\" src=\"https:\/\/modul1flensburg.eu\/wp-content\/uploads\/2020\/10\/A1BFCD71-4431-42DB-9C62-2D7D1915C1EF_1_201_a-300x300.jpeg\" width=\"270\" height=\"270\" srcset=\"https:\/\/modul1flensburg.eu\/wp-content\/uploads\/2020\/10\/A1BFCD71-4431-42DB-9C62-2D7D1915C1EF_1_201_a-300x300.jpeg 300w, https:\/\/modul1flensburg.eu\/wp-content\/uploads\/2020\/10\/A1BFCD71-4431-42DB-9C62-2D7D1915C1EF_1_201_a-150x150.jpeg 150w, https:\/\/modul1flensburg.eu\/wp-content\/uploads\/2020\/10\/A1BFCD71-4431-42DB-9C62-2D7D1915C1EF_1_201_a-1024x1024.jpeg 1024w\" sizes=\"(max-width: 270px) 100vw, 270px\" \/><\/a><p id=\"caption-attachment-2251\" class=\"wp-caption-text\">Gunnar K\u00f6hne und Bente Ziegenbein mit den neuen Arbeiten f\u00fcr die Galerie im Friseursalon. Foto: Kay Petersen<\/p><\/div>\n<p>&nbsp;<\/p>\n<h3><span style=\"color: #993300;\">Tanzende Schatten und Emotionsgitter<\/span><\/h3>\n<p>Grade lag ein zarter Hauch von Hoffnung f\u00fcr \u00f6ffentliche Ausstellungen im MODUL1 in der Luft, da kam die zweite Corona-Welle und damit die verbundenen Einschr\u00e4nkungen f\u00fcr Alle. Trotzdem war die Kunst in der letzten Zeit sehr pr\u00e4sent durch Schaufenster-Ausstellungen oder Pr\u00e4sentationen im Rahmen von BA-Abschlussarbeiten \u2013 nat\u00fcrlich ohne Besucher. Ein Einblick in letzte Aktivit\u00e4ten soll hier gezeigt werden<\/p>\n<p>Gut dass \u2013 besonders in der Corona-Phase \u2013 seit \u00a0l\u00e4ngerer Zeit eine Kooperation mit der <em>Einewand-Galerie<\/em> von Frieseurmeister <em>Gunnar K\u00f6hne<\/em> in der Bismarckstra\u00dfe in Flensburg besteht. Studierende der Kunst k\u00f6nnen dort eine Wand im Eingangsbereich mit Bildern best\u00fccken.<\/p>\n<p>Aktuell stellt dort die Kunststudierende <em>Bente Ziegenbein<\/em> aus. Seit ihrem\u00a0Internatsaufenthalt in England (Eastbourne), besch\u00e4ftigt sie sich mit der Thematik \u201eMenschen und ihre Gesichter\u201c. In ihrer neuen Foto-Serie geht es darum, in den Portr\u00e4ts den Motiven \u00a0mit Hilfe von Licht und Schattenmustern eine Art Schleier zu geben. So wirken die Modelle durch ihre individuellen Schattenmuster geheimnisvoll und gleichzeitig gesch\u00fctzt.<\/p>\n<p>&nbsp;<\/p>\n<div id=\"attachment_2254\" style=\"width: 310px\" class=\"wp-caption alignleft\"><a href=\"https:\/\/modul1flensburg.eu\/wp-content\/uploads\/2020\/10\/Hanna_Skater.jpg\"><img aria-describedby=\"caption-attachment-2254\" decoding=\"async\" loading=\"lazy\" class=\"size-medium wp-image-2254\" alt=\"Hanna Bonkat: Skater's letzte Ruh\" src=\"https:\/\/modul1flensburg.eu\/wp-content\/uploads\/2020\/10\/Hanna_Skater-300x198.jpg\" width=\"300\" height=\"198\" srcset=\"https:\/\/modul1flensburg.eu\/wp-content\/uploads\/2020\/10\/Hanna_Skater-300x198.jpg 300w, https:\/\/modul1flensburg.eu\/wp-content\/uploads\/2020\/10\/Hanna_Skater-1024x677.jpg 1024w, https:\/\/modul1flensburg.eu\/wp-content\/uploads\/2020\/10\/Hanna_Skater.jpg 1059w\" sizes=\"(max-width: 300px) 100vw, 300px\" \/><\/a><p id=\"caption-attachment-2254\" class=\"wp-caption-text\">Hanna Bonkat: Skater&#8217;s letzte Ruh<\/p><\/div>\n<p><strong><span style=\"color: #993300;\">Skater\u00b4s letzte Ruh\u201c im \u201eModul1\u201c \u2013 noch ist keine Ruh!\u00a0<\/span><\/strong><\/p>\n<p><em>Hanna Bonkats<\/em> separat angelegtes Badezimmer im Ausstellungsraum \u201eModul1\u201c scheint nicht mehr notwendig zu sein \u2013 \u201eSkater\u00b4s letzte Ruh\u201c beinhaltet alles, was das Herz der hygienischen Ausstattung begehrt: ein vollfunktionsf\u00e4higes Badezimmer samt Toilette, Waschbecken und Dusche. Einzig die \u201eHei\u00dfduscher\u201c<br \/>\nkommen hier nicht ganz auf Ihre Kosten. Aber Corona-freundlich ist das Kunstwerk mit seinem Waschbecken allemal, obwohl die Grundsteine f\u00fcr das mobile Badezimmer weitaus vor Zeiten von Corona gelegt worden sind. Begonnen im heimischen Badezimmer mit einem Duschgang in vollst\u00e4ndiger Regenwetter-Montur inklusive Regenschirm, \u00fcber einen mobilen Wassertank mit angeschlossener Handbrause bis hin zu einem voll funktionst\u00fcchtigen, (nahezu) vollst\u00e4ndigen Badezimmer auf R\u00e4dern hat sich das Projekt vollzogen. <a href=\"https:\/\/modul1flensburg.eu\/wp-content\/uploads\/2020\/10\/Text-u.-Bild-f\u00fcr-Modul-1-Ausstellung.pdf\">Weitere Infos<\/a><\/p>\n<p>&nbsp;<\/p>\n<div id=\"attachment_2270\" style=\"width: 274px\" class=\"wp-caption alignleft\"><a href=\"https:\/\/modul1flensburg.eu\/wp-content\/uploads\/2020\/11\/Nellesen.jpg\"><img aria-describedby=\"caption-attachment-2270\" decoding=\"async\" loading=\"lazy\" class=\" wp-image-2270    \" alt=\"Imke Nellesen vor ihrer Projektion im Schaufenster des MODUL1\" src=\"https:\/\/modul1flensburg.eu\/wp-content\/uploads\/2020\/11\/Nellesen-293x300.jpg\" width=\"264\" height=\"270\" srcset=\"https:\/\/modul1flensburg.eu\/wp-content\/uploads\/2020\/11\/Nellesen-293x300.jpg 293w, https:\/\/modul1flensburg.eu\/wp-content\/uploads\/2020\/11\/Nellesen-1002x1024.jpg 1002w, https:\/\/modul1flensburg.eu\/wp-content\/uploads\/2020\/11\/Nellesen.jpg 1276w\" sizes=\"(max-width: 264px) 100vw, 264px\" \/><\/a><p id=\"caption-attachment-2270\" class=\"wp-caption-text\">Imke Nellesen vor ihrer Projektion im Schaufenster des MODUL1<\/p><\/div>\n<h3><span style=\"color: #993300;\">Skulpturelle Projektionen\u00a0<\/span><\/h3>\n<p>zeigte <em>Imke Nellesen<\/em> im Fenster des MODUL1. Eine ausget\u00fcftelte Projektionsanlage im Innenraum des Moduls vergr\u00f6\u00dferte das Objekt und zeigte es aus einer anderen Perspektive.\u00a0Im Innenraum konnten die Pr\u00fcfer*innen der MA-Arbeit weitere Entwicklungen, Skizzen und das Arrangement der Installation betrachten.<\/p>\n<p>&nbsp;<\/p>\n","protected":false},"excerpt":{"rendered":"<p>&nbsp; Tanzende Schatten und Emotionsgitter Grade lag ein zarter Hauch von Hoffnung f\u00fcr \u00f6ffentliche Ausstellungen im MODUL1 in der Luft, da kam die zweite Corona-Welle und damit die verbundenen Einschr\u00e4nkungen f\u00fcr Alle. Trotzdem war die Kunst in der letzten Zeit sehr pr\u00e4sent durch Schaufenster-Ausstellungen oder Pr\u00e4sentationen im Rahmen von BA-Abschlussarbeiten \u2013 nat\u00fcrlich ohne Besucher. Ein [&hellip;]<\/p>\n","protected":false},"author":2,"featured_media":0,"comment_status":"closed","ping_status":"closed","sticky":false,"template":"","format":"standard","meta":[],"categories":[1],"tags":[39,19],"_links":{"self":[{"href":"https:\/\/modul1flensburg.eu\/index.php?rest_route=\/wp\/v2\/posts\/2248"}],"collection":[{"href":"https:\/\/modul1flensburg.eu\/index.php?rest_route=\/wp\/v2\/posts"}],"about":[{"href":"https:\/\/modul1flensburg.eu\/index.php?rest_route=\/wp\/v2\/types\/post"}],"author":[{"embeddable":true,"href":"https:\/\/modul1flensburg.eu\/index.php?rest_route=\/wp\/v2\/users\/2"}],"replies":[{"embeddable":true,"href":"https:\/\/modul1flensburg.eu\/index.php?rest_route=%2Fwp%2Fv2%2Fcomments&post=2248"}],"version-history":[{"count":34,"href":"https:\/\/modul1flensburg.eu\/index.php?rest_route=\/wp\/v2\/posts\/2248\/revisions"}],"predecessor-version":[{"id":2281,"href":"https:\/\/modul1flensburg.eu\/index.php?rest_route=\/wp\/v2\/posts\/2248\/revisions\/2281"}],"wp:attachment":[{"href":"https:\/\/modul1flensburg.eu\/index.php?rest_route=%2Fwp%2Fv2%2Fmedia&parent=2248"}],"wp:term":[{"taxonomy":"category","embeddable":true,"href":"https:\/\/modul1flensburg.eu\/index.php?rest_route=%2Fwp%2Fv2%2Fcategories&post=2248"},{"taxonomy":"post_tag","embeddable":true,"href":"https:\/\/modul1flensburg.eu\/index.php?rest_route=%2Fwp%2Fv2%2Ftags&post=2248"}],"curies":[{"name":"wp","href":"https:\/\/api.w.org\/{rel}","templated":true}]}}