{"id":2292,"date":"2020-12-12T20:11:32","date_gmt":"2020-12-12T20:11:32","guid":{"rendered":"https:\/\/modul1flensburg.eu\/?p=2292"},"modified":"2020-12-13T09:58:11","modified_gmt":"2020-12-13T09:58:11","slug":"ideenreich-im-modul1","status":"publish","type":"post","link":"https:\/\/modul1flensburg.eu\/?p=2292","title":{"rendered":"IDEENREICH im MODUL1"},"content":{"rendered":"<p><span style=\"color: #993300;\"><strong>In Kooperation mit dem MODUL1 zeigt die Hochschule Flensburg, Fachbereich1 eine anregende Pr\u00e4sentation im Rahmen der Aktion &#8222;Schaufenster ins MODUL1&#8220;.<\/strong><\/span><\/p>\n<p>Was steckt eigentlich hinter dem\u00a0<b>Fachbereich 1 Maschinenbau, Verfahrenstechnik und Maritime Technologien der innovativen Hochschule Flensburg<\/b>? Die Antwort ist einfach: Technik, Geschick, Ideenreichtum, Forschergeist und vor allem ein engagiertes Team! Das IDEENREICH zeigt im MODUL1\u00a0in den kommenden Wochen \u00a0\u2013 der Covid-19-Situation angepasst \u2013 eine Schaufensterpr\u00e4sentation unseres Tuns.<\/p>\n<p>Filme- und Fotos und praktische Umsetzungen, sind hier bereits seit Anfang Dezember ausgestellt,\u00a0zusammen mit einer Auswahl der technologischen M\u00f6glichkeiten des FabLabs.\u00a0Es gibt einen live 3D-Druck der Flensburger Sehensw\u00fcrdigkeit \u201eNordertor\u201c; wir zeigen einen Imagefilm, der durch das Schaufenster verfolgt werden kann und stellen einige Exponate, die in unseren R\u00e4umlichkeiten entwickelt wurden, aus. Dazu geh\u00f6ren unter anderem ein Au\u00dfenborder aus dem 3D-Drucker und ein SmartCar, ein selbstfahrendes Auto. Es gibt auch ein Quiz mit Gewinnm\u00f6glichkeit, an dem Interessierte teilnehmen k\u00f6nnen \u2013 und das alles ohne direkten Kontakt.\u00a0<em id=\"__mceDel\">Weiterhin zeigen Industriephotographien Vorbereitungen, Ankunft und den millimetergenauen Einbau eines 12,6 Tonnen schweren Gasmotors am Forschungsstandort Kielseng \u2013 ab Januar 2021 wird der Gasmotor wesentlicher Bestandteil der Energiewendebegleitforschung an der innovativen Hochschule Flensburg sein.\u00a0Abgerundet wird die Pr\u00e4sentation im Schaufenster durch Foto zu Ausstellungen im MODUL1 seit 2012. (<em>Beatrice Richter-Bethge<\/em>).<\/em><\/p>\n<p><span style=\"color: #808000;\">Schaufenster MODUL1 \u2022 Rote Stra\u00dfe 17 \u2022 Flensburg<\/span><\/p>\n<p>&nbsp;<\/p>\n\n\t\t<style type=\"text\/css\">\n\t\t\t#gallery-1 {\n\t\t\t\tmargin: auto;\n\t\t\t}\n\t\t\t#gallery-1 .gallery-item {\n\t\t\t\tfloat: left;\n\t\t\t\tmargin-top: 10px;\n\t\t\t\ttext-align: center;\n\t\t\t\twidth: 33%;\n\t\t\t}\n\t\t\t#gallery-1 img {\n\t\t\t\tborder: 2px solid #cfcfcf;\n\t\t\t}\n\t\t\t#gallery-1 .gallery-caption {\n\t\t\t\tmargin-left: 0;\n\t\t\t}\n\t\t\t\/* see gallery_shortcode() in wp-includes\/media.php *\/\n\t\t<\/style>\n\t\t<div id='gallery-1' class='gallery galleryid-2292 gallery-columns-3 gallery-size-thumbnail'><dl class='gallery-item'>\n\t\t\t<dt class='gallery-icon landscape'>\n\t\t\t\t<a href='https:\/\/modul1flensburg.eu\/?attachment_id=2296'><img width=\"150\" height=\"150\" src=\"https:\/\/modul1flensburg.eu\/wp-content\/uploads\/2020\/12\/IMG_5852-150x150.jpg\" class=\"attachment-thumbnail size-thumbnail\" alt=\"\" decoding=\"async\" loading=\"lazy\" \/><\/a>\n\t\t\t<\/dt><\/dl><dl class='gallery-item'>\n\t\t\t<dt class='gallery-icon landscape'>\n\t\t\t\t<a href='https:\/\/modul1flensburg.eu\/?attachment_id=2298'><img width=\"150\" height=\"150\" src=\"https:\/\/modul1flensburg.eu\/wp-content\/uploads\/2020\/12\/DSC_9194-150x150.jpg\" class=\"attachment-thumbnail size-thumbnail\" alt=\"\" decoding=\"async\" loading=\"lazy\" \/><\/a>\n\t\t\t<\/dt><\/dl><dl class='gallery-item'>\n\t\t\t<dt class='gallery-icon portrait'>\n\t\t\t\t<a href='https:\/\/modul1flensburg.eu\/?attachment_id=2300'><img width=\"150\" height=\"150\" src=\"https:\/\/modul1flensburg.eu\/wp-content\/uploads\/2020\/12\/IMG_5834-150x150.jpg\" class=\"attachment-thumbnail size-thumbnail\" alt=\"\" decoding=\"async\" loading=\"lazy\" \/><\/a>\n\t\t\t<\/dt><\/dl><br style=\"clear: both\" \/>\n\t\t<\/div>\n\n<p>&nbsp;<\/p>\n<p><span style=\"color: #993300;\"><strong>Da Studierende der EUF coronabedingt \u00a0nicht im MODUL1 ausstellen k\u00f6nnen, werden Alternativen gesucht und auch gefunden.<\/strong><\/span><br \/>\nDerzeit zeigt\u00a0<em>Stacy Weber<\/em> ein k\u00fcnstlerisches Werk im Geb\u00e4ude Helsinki auf dem Campus der EUF. Die Arbeit ist aus einer BA-Arbeit in der Abteilung Kunst&amp;visuelle Medien entstanden und wurde von Prof. Dr. K<em>\u00e4the Wenzel<\/em> und <em>Werner F\u00fctterer<\/em> betreut.<br \/>\nDas 2,10m hohe plastische Werk aus Holzplatten ist auch innen begehbar und fasst die Ergebnisse einer &#8222;Selbstvermessung&#8220; der Studierenden zusammen. <em>Stacy Weber<\/em> erkl\u00e4rt dazu:\u00a0&#8222;Das Selbstbildnis hat die Form des russischen Buchstabens <strong>\u201e\u042f\u201c<\/strong>, was \u00fcbersetzt \u201eIch\u201c bedeutet. Es ist eine Verk\u00f6rperung meiner Person. Mit der \u00e4u\u00dferen Gestaltung des Raumes strebte ich an, diejenigen Merkmale von mir aufzuzeigen, welche sich auf eine Beschreibung bzw. Darstellung meines \u00e4u\u00dferen Ichs beschr\u00e4nken, w\u00e4hrend sich der Innenraum meiner Pers\u00f6nlichkeit wie auch meinen Gef\u00fchlen widmen soll. Um einen Bezug zu meinem Zweitfach Mathematik herzustellen, beschloss ich, den Raum von au\u00dfen in Form von Zahlen, Formeln,\u00a0mathematischen Aufgaben, geometrischen Formen wie auch Diagrammen zu gestalten. Hierbei hat jede einzelne mathematische Darstellung eine Bedeutung. \u00d6ffnet man den Raum, so sieht man auf dem Fu\u00dfboden Fu\u00dfspuren von Personen, die mir viel bedeuten und mein Leben pr\u00e4gen \u2013 sie bilden das Fundament meiner Pers\u00f6nlichkeit.\u00a0Schaut man beim Betreten geradeaus, so erh\u00e4lt man einen Einblick auf\u00a0Spiegelst\u00fccke, diese \u201eGef\u00fchlsbilder\u201c symbolisieren die Reflexion meiner Gef\u00fchle\u201c.<\/p>\n<p><span style=\"color: #808000;\">Europa-Universit\u00e4t Flensburg \u2022 Geb\u00e4ude Helsinki \u2022 Auf dem Campus 1a<\/span><\/p>\n\n\t\t<style type=\"text\/css\">\n\t\t\t#gallery-2 {\n\t\t\t\tmargin: auto;\n\t\t\t}\n\t\t\t#gallery-2 .gallery-item {\n\t\t\t\tfloat: left;\n\t\t\t\tmargin-top: 10px;\n\t\t\t\ttext-align: center;\n\t\t\t\twidth: 33%;\n\t\t\t}\n\t\t\t#gallery-2 img {\n\t\t\t\tborder: 2px solid #cfcfcf;\n\t\t\t}\n\t\t\t#gallery-2 .gallery-caption {\n\t\t\t\tmargin-left: 0;\n\t\t\t}\n\t\t\t\/* see gallery_shortcode() in wp-includes\/media.php *\/\n\t\t<\/style>\n\t\t<div id='gallery-2' class='gallery galleryid-2292 gallery-columns-3 gallery-size-thumbnail'><dl class='gallery-item'>\n\t\t\t<dt class='gallery-icon portrait'>\n\t\t\t\t<a href='https:\/\/modul1flensburg.eu\/?attachment_id=2306'><img width=\"150\" height=\"150\" src=\"https:\/\/modul1flensburg.eu\/wp-content\/uploads\/2020\/12\/IMG_5718-150x150.jpeg\" class=\"attachment-thumbnail size-thumbnail\" alt=\"\" decoding=\"async\" loading=\"lazy\" srcset=\"https:\/\/modul1flensburg.eu\/wp-content\/uploads\/2020\/12\/IMG_5718-150x150.jpeg 150w, https:\/\/modul1flensburg.eu\/wp-content\/uploads\/2020\/12\/IMG_5718-1015x1024.jpeg 1015w\" sizes=\"(max-width: 150px) 100vw, 150px\" \/><\/a>\n\t\t\t<\/dt><\/dl><dl class='gallery-item'>\n\t\t\t<dt class='gallery-icon portrait'>\n\t\t\t\t<a href='https:\/\/modul1flensburg.eu\/?attachment_id=2307'><img width=\"150\" height=\"150\" src=\"https:\/\/modul1flensburg.eu\/wp-content\/uploads\/2020\/12\/IMG_5720-150x150.jpeg\" class=\"attachment-thumbnail size-thumbnail\" alt=\"\" decoding=\"async\" loading=\"lazy\" \/><\/a>\n\t\t\t<\/dt><\/dl><dl class='gallery-item'>\n\t\t\t<dt class='gallery-icon portrait'>\n\t\t\t\t<a href='https:\/\/modul1flensburg.eu\/?attachment_id=2308'><img width=\"150\" height=\"150\" src=\"https:\/\/modul1flensburg.eu\/wp-content\/uploads\/2020\/12\/IMG_5723-150x150.jpeg\" class=\"attachment-thumbnail size-thumbnail\" alt=\"\" decoding=\"async\" loading=\"lazy\" \/><\/a>\n\t\t\t<\/dt><\/dl><br style=\"clear: both\" \/>\n\t\t<\/div>\n\n","protected":false},"excerpt":{"rendered":"<p>In Kooperation mit dem MODUL1 zeigt die Hochschule Flensburg, Fachbereich1 eine anregende Pr\u00e4sentation im Rahmen der Aktion &#8222;Schaufenster ins MODUL1&#8220;. Was steckt eigentlich hinter dem\u00a0Fachbereich 1 Maschinenbau, Verfahrenstechnik und Maritime Technologien der innovativen Hochschule Flensburg? Die Antwort ist einfach: Technik, Geschick, Ideenreichtum, Forschergeist und vor allem ein engagiertes Team! Das IDEENREICH zeigt im MODUL1\u00a0in den [&hellip;]<\/p>\n","protected":false},"author":2,"featured_media":0,"comment_status":"closed","ping_status":"closed","sticky":false,"template":"","format":"standard","meta":[],"categories":[1,38],"tags":[39,19],"_links":{"self":[{"href":"https:\/\/modul1flensburg.eu\/index.php?rest_route=\/wp\/v2\/posts\/2292"}],"collection":[{"href":"https:\/\/modul1flensburg.eu\/index.php?rest_route=\/wp\/v2\/posts"}],"about":[{"href":"https:\/\/modul1flensburg.eu\/index.php?rest_route=\/wp\/v2\/types\/post"}],"author":[{"embeddable":true,"href":"https:\/\/modul1flensburg.eu\/index.php?rest_route=\/wp\/v2\/users\/2"}],"replies":[{"embeddable":true,"href":"https:\/\/modul1flensburg.eu\/index.php?rest_route=%2Fwp%2Fv2%2Fcomments&post=2292"}],"version-history":[{"count":16,"href":"https:\/\/modul1flensburg.eu\/index.php?rest_route=\/wp\/v2\/posts\/2292\/revisions"}],"predecessor-version":[{"id":2303,"href":"https:\/\/modul1flensburg.eu\/index.php?rest_route=\/wp\/v2\/posts\/2292\/revisions\/2303"}],"wp:attachment":[{"href":"https:\/\/modul1flensburg.eu\/index.php?rest_route=%2Fwp%2Fv2%2Fmedia&parent=2292"}],"wp:term":[{"taxonomy":"category","embeddable":true,"href":"https:\/\/modul1flensburg.eu\/index.php?rest_route=%2Fwp%2Fv2%2Fcategories&post=2292"},{"taxonomy":"post_tag","embeddable":true,"href":"https:\/\/modul1flensburg.eu\/index.php?rest_route=%2Fwp%2Fv2%2Ftags&post=2292"}],"curies":[{"name":"wp","href":"https:\/\/api.w.org\/{rel}","templated":true}]}}