{"id":2381,"date":"2021-06-27T16:18:55","date_gmt":"2021-06-27T16:18:55","guid":{"rendered":"https:\/\/modul1flensburg.eu\/?p=2381"},"modified":"2021-06-28T22:39:38","modified_gmt":"2021-06-28T22:39:38","slug":"modul1-start-in-die-prasenz-mit-malereien-zur-korperlichkeit","status":"publish","type":"post","link":"https:\/\/modul1flensburg.eu\/?p=2381","title":{"rendered":"MODUL1 &#8211; Start in die Pr\u00e4senz mit Malereien zur K\u00f6rperlichkeit"},"content":{"rendered":"<h3><span style=\"color: #993300;\">Lula Heppner \u2013 Malereien zur K\u00f6rperlichkeit<\/span><\/h3>\n<p>Erst frei, dann f\u00fcr die Bachelorarbeit und dann wieder frei: Seit fast einem Jahr arbeitet\u00a0<strong><em>Lula Heppner<\/em><\/strong>\u00a0an immer gr\u00f6\u00dfer werdenden Malereien, kleinen graphischen Arbeiten und schnellen Skizzen die sich mit Farbgebung, Fl\u00e4che und Raum aber vor allem dem eigenen K\u00f6rper besch\u00e4ftigen. Mithilfe von Acrylfarbe, Kohlestiften und Pastellkreide wurden intensive Betrachtungen zu Papier gebracht und ins Malerische \u00fcbersetzt. Um irgendwo einen Startpunkt zu setzen, befasste sich\u00a0<strong><em>Lula Heppner<\/em><\/strong>\u00a0mit den Werken von K\u00fcnstler*innen bis sich eine eigene Arbeitsweise und ein eigener Ausdruck fand. \u201cIn der Malerei finde ich eine M\u00f6glichkeit, Ungesehenes sichtbar zu machen und mich frei auszudr\u00fccken. Gerade die eigene K\u00f6rperlichkeit l\u00e4sst sich so v\u00f6llig ungehemmt abbilden, erforschen, finden und reflektieren. Schlussendlich bieten meine Bilder aber auch f\u00fcr Betrachter*innen gen\u00fcgend Spielraum ihre eigenen Erfahrungen und Vorstellungen in den Werken zu verorten\u201d, so die K\u00fcnstlerin.<\/p>\n<p>Die Arbeiten dieser Entwicklung werden nun im MODUL 1 pr\u00e4sentiert. Die Ausstellung markiert einen Startpunkt in eine hoffentlich coranafreie Ausstellungssaison.<\/p>\n<p><strong><span style=\"color: #808000;\">\u00d6ffnungszeiten:<\/span><\/strong><br \/>\n<span style=\"color: #808000;\"> Donnerstag, 1. Juli 14-18 Uhr<\/span><br \/>\n<span style=\"color: #808000;\"> Freitag, Samstag 2.\/3. Juli 13-16 Uhr<\/span><br \/>\n<span style=\"color: #808000;\"> und nach Vereinbarung<\/span><\/p>\n<p><strong><span style=\"color: #808000;\">Kontakt zu Lula:<\/span><\/strong><br \/>\n<span style=\"color: #808000;\"> Instagram: vielleicht_kunst<\/span><br \/>\n<span style=\"color: #808000;\"> E-Mail: Lula.Heppner@gmx.de<\/span><\/p>\n<p><strong><span style=\"color: #808000;\">MODUL1<\/span><\/strong><br \/>\n<span style=\"color: #808000;\"> Rote Stra\u00dfe 17<\/span><br \/>\n<span style=\"color: #808000;\"> Flensburg<\/span><\/p>\n<pre><\/pre>\n<pre><span style=\"color: #3366ff;\">* Das MODUL1 kann nur unter Einhaltung der aktuellen Hygienevorschriften betreten werden. \r\nEin QR-Code zur Luca-App ist installiert, bzw. eine Liste liegt aus. Im Ausstellungsraum wird \r\nHanddesinfektion bereit gestellt, es gelten die Abstandsregeln und es ist ein\r\nvorgeschriebener Mund-Nasen-Schutz zu tragen.<\/span><\/pre>\n<pre><\/pre>\n<pre><\/pre>\n<div id=\"attachment_2388\" style=\"width: 342px\" class=\"wp-caption alignleft\"><a href=\"https:\/\/modul1flensburg.eu\/wp-content\/uploads\/2021\/06\/Bild-1-Heppner-Kopie1.jpg\"><img aria-describedby=\"caption-attachment-2388\" decoding=\"async\" loading=\"lazy\" class=\" wp-image-2388   \" alt=\"Vielf\u00e4ltige expressive K\u00f6rperansichten sind im Atelier entstanden\" src=\"https:\/\/modul1flensburg.eu\/wp-content\/uploads\/2021\/06\/Bild-1-Heppner-Kopie1-768x1024.jpg\" width=\"332\" height=\"442\" srcset=\"https:\/\/modul1flensburg.eu\/wp-content\/uploads\/2021\/06\/Bild-1-Heppner-Kopie1-768x1024.jpg 768w, https:\/\/modul1flensburg.eu\/wp-content\/uploads\/2021\/06\/Bild-1-Heppner-Kopie1-225x300.jpg 225w, https:\/\/modul1flensburg.eu\/wp-content\/uploads\/2021\/06\/Bild-1-Heppner-Kopie1.jpg 960w\" sizes=\"(max-width: 332px) 100vw, 332px\" \/><\/a><p id=\"caption-attachment-2388\" class=\"wp-caption-text\">Vielf\u00e4ltige expressive K\u00f6rperansichten sind im Atelier entstanden<\/p><\/div>\n<div id=\"attachment_2389\" style=\"width: 346px\" class=\"wp-caption alignleft\"><a href=\"https:\/\/modul1flensburg.eu\/wp-content\/uploads\/2021\/06\/Bild-2-Heppner-Kopie.jpg\"><img aria-describedby=\"caption-attachment-2389\" decoding=\"async\" loading=\"lazy\" class=\" wp-image-2389   \" alt=\"Lula Heppner vor einer der gr\u00f6\u00dferen Arbeiten\" src=\"https:\/\/modul1flensburg.eu\/wp-content\/uploads\/2021\/06\/Bild-2-Heppner-Kopie-778x1024.jpg\" width=\"336\" height=\"442\" srcset=\"https:\/\/modul1flensburg.eu\/wp-content\/uploads\/2021\/06\/Bild-2-Heppner-Kopie-778x1024.jpg 778w, https:\/\/modul1flensburg.eu\/wp-content\/uploads\/2021\/06\/Bild-2-Heppner-Kopie-228x300.jpg 228w\" sizes=\"(max-width: 336px) 100vw, 336px\" \/><\/a><p id=\"caption-attachment-2389\" class=\"wp-caption-text\">Lula Heppner vor einer der gr\u00f6\u00dferen Arbeiten<\/p><\/div>\n<pre><span style=\"color: #3366ff;\">\u00a0<\/span><\/pre>\n","protected":false},"excerpt":{"rendered":"<p>Lula Heppner \u2013 Malereien zur K\u00f6rperlichkeit Erst frei, dann f\u00fcr die Bachelorarbeit und dann wieder frei: Seit fast einem Jahr arbeitet\u00a0Lula Heppner\u00a0an immer gr\u00f6\u00dfer werdenden Malereien, kleinen graphischen Arbeiten und schnellen Skizzen die sich mit Farbgebung, Fl\u00e4che und Raum aber vor allem dem eigenen K\u00f6rper besch\u00e4ftigen. Mithilfe von Acrylfarbe, Kohlestiften und Pastellkreide wurden intensive Betrachtungen [&hellip;]<\/p>\n","protected":false},"author":2,"featured_media":0,"comment_status":"closed","ping_status":"closed","sticky":false,"template":"","format":"standard","meta":[],"categories":[1,40],"tags":[41,19],"_links":{"self":[{"href":"https:\/\/modul1flensburg.eu\/index.php?rest_route=\/wp\/v2\/posts\/2381"}],"collection":[{"href":"https:\/\/modul1flensburg.eu\/index.php?rest_route=\/wp\/v2\/posts"}],"about":[{"href":"https:\/\/modul1flensburg.eu\/index.php?rest_route=\/wp\/v2\/types\/post"}],"author":[{"embeddable":true,"href":"https:\/\/modul1flensburg.eu\/index.php?rest_route=\/wp\/v2\/users\/2"}],"replies":[{"embeddable":true,"href":"https:\/\/modul1flensburg.eu\/index.php?rest_route=%2Fwp%2Fv2%2Fcomments&post=2381"}],"version-history":[{"count":12,"href":"https:\/\/modul1flensburg.eu\/index.php?rest_route=\/wp\/v2\/posts\/2381\/revisions"}],"predecessor-version":[{"id":2395,"href":"https:\/\/modul1flensburg.eu\/index.php?rest_route=\/wp\/v2\/posts\/2381\/revisions\/2395"}],"wp:attachment":[{"href":"https:\/\/modul1flensburg.eu\/index.php?rest_route=%2Fwp%2Fv2%2Fmedia&parent=2381"}],"wp:term":[{"taxonomy":"category","embeddable":true,"href":"https:\/\/modul1flensburg.eu\/index.php?rest_route=%2Fwp%2Fv2%2Fcategories&post=2381"},{"taxonomy":"post_tag","embeddable":true,"href":"https:\/\/modul1flensburg.eu\/index.php?rest_route=%2Fwp%2Fv2%2Ftags&post=2381"}],"curies":[{"name":"wp","href":"https:\/\/api.w.org\/{rel}","templated":true}]}}