{"id":2469,"date":"2021-09-23T11:11:44","date_gmt":"2021-09-23T11:11:44","guid":{"rendered":"https:\/\/modul1flensburg.eu\/?p=2469"},"modified":"2021-09-23T17:34:07","modified_gmt":"2021-09-23T17:34:07","slug":"black-out-poetry-zur-bundestagswahl-im-modul1","status":"publish","type":"post","link":"https:\/\/modul1flensburg.eu\/?p=2469","title":{"rendered":"Black Out Poetry zur Bundestagswahl im MODUL1"},"content":{"rendered":"<h3><span style=\"color: #993300;\"><strong>\u201eAusw\u00e4hlen und Zusammenf\u00fcgen\u201c\u00a0<\/strong><\/span><\/h3>\n<p>Rund um den Bundestagswahltag wird das Modul1 f\u00fcr Aktivit\u00e4ten mit\u00a0<strong>Black Out Poetry<\/strong>\u00a0anhand verschiedener, tagesaktueller Zeitungen ge\u00f6ffnet werden. Unter dem Titel \u201eAusw\u00e4hlen und Zusammenf\u00fcgen\u201c k\u00f6nnen beteiligungswillige Besucher mit Edding und Schere in Aktion treten und mit verschiedenen Seiten von Zeitungen experimentieren. Die W\u00e4nde des Modul1 werden dabei \u00fcber den Tag hinweg zu einer sich entwickelnden Ausstellungsfl\u00e4che, einer neuen Artikulationen durch die Zeitungen genutzt werden \u2014 vor, am, nach dem Wahltag. Die Abbildung des Tagesgeschehens durch die Zeitungen wird dabei in ihren urspr\u00fcnglichen Aussagen verfremdet oder auch in neue Beziehungen zueinander gesetzt. Es geht sozusagen um Experimente bezogen auf das Ausw\u00e4hlen und Zusammenf\u00fcgen von Inhalten und damit um eine neue Ausdrucksform zum Wahlgeschehen. Die Aktion wird von\u00a0<em>Victoria Clausen<\/em>\u00a0und\u00a0<em>Linn Hachmann,<\/em>\u00a0Kunststudierende der EUF<em>\u00a0<\/em>\u00a0initiiert.<\/p>\n<p><strong><span style=\"color: #808000;\">DAS MODUL1 ist f\u00fcr die Aktion ge\u00f6ffnet am Wahlwochenende<\/span><\/strong><br \/>\n<strong><span style=\"color: #808000;\">Sonnabend, Sonntag und zum Nachklapp am Montag<\/span><\/strong><br \/>\n<strong> <span style=\"color: #808000;\">von jeweils 11-16 Uhr<\/span><\/strong><\/p>\n<div id=\"attachment_2472\" style=\"width: 468px\" class=\"wp-caption alignleft\"><a href=\"https:\/\/modul1flensburg.eu\/wp-content\/uploads\/2021\/09\/Poetry.jpg\"><img aria-describedby=\"caption-attachment-2472\" decoding=\"async\" loading=\"lazy\" class=\" wp-image-2472   \" alt=\"Black Out Poetry Beispiel\" src=\"https:\/\/modul1flensburg.eu\/wp-content\/uploads\/2021\/09\/Poetry-1024x184.jpg\" width=\"458\" height=\"83\" srcset=\"https:\/\/modul1flensburg.eu\/wp-content\/uploads\/2021\/09\/Poetry-1024x184.jpg 1024w, https:\/\/modul1flensburg.eu\/wp-content\/uploads\/2021\/09\/Poetry-300x54.jpg 300w\" sizes=\"(max-width: 458px) 100vw, 458px\" \/><\/a><p id=\"caption-attachment-2472\" class=\"wp-caption-text\">Black Out Poetry Beispiel<\/p><\/div>\n<p>&nbsp;<\/p>\n<p><a href=\"https:\/\/modul1flensburg.eu\/wp-content\/uploads\/2021\/09\/PHOTO-2021-09-19-19-59-12.jpg\"><img decoding=\"async\" loading=\"lazy\" class=\"wp-image-2473 alignnone\" alt=\"PHOTO-2021-09-19-19-59-12\" src=\"https:\/\/modul1flensburg.eu\/wp-content\/uploads\/2021\/09\/PHOTO-2021-09-19-19-59-12.jpg\" width=\"277\" height=\"368\" srcset=\"https:\/\/modul1flensburg.eu\/wp-content\/uploads\/2021\/09\/PHOTO-2021-09-19-19-59-12.jpg 768w, https:\/\/modul1flensburg.eu\/wp-content\/uploads\/2021\/09\/PHOTO-2021-09-19-19-59-12-225x300.jpg 225w\" sizes=\"(max-width: 277px) 100vw, 277px\" \/><\/a><\/p>\n","protected":false},"excerpt":{"rendered":"<p>\u201eAusw\u00e4hlen und Zusammenf\u00fcgen\u201c\u00a0 Rund um den Bundestagswahltag wird das Modul1 f\u00fcr Aktivit\u00e4ten mit\u00a0Black Out Poetry\u00a0anhand verschiedener, tagesaktueller Zeitungen ge\u00f6ffnet werden. Unter dem Titel \u201eAusw\u00e4hlen und Zusammenf\u00fcgen\u201c k\u00f6nnen beteiligungswillige Besucher mit Edding und Schere in Aktion treten und mit verschiedenen Seiten von Zeitungen experimentieren. Die W\u00e4nde des Modul1 werden dabei \u00fcber den Tag hinweg zu einer [&hellip;]<\/p>\n","protected":false},"author":2,"featured_media":0,"comment_status":"open","ping_status":"closed","sticky":false,"template":"","format":"standard","meta":[],"categories":[1,15],"tags":[41,19],"_links":{"self":[{"href":"https:\/\/modul1flensburg.eu\/index.php?rest_route=\/wp\/v2\/posts\/2469"}],"collection":[{"href":"https:\/\/modul1flensburg.eu\/index.php?rest_route=\/wp\/v2\/posts"}],"about":[{"href":"https:\/\/modul1flensburg.eu\/index.php?rest_route=\/wp\/v2\/types\/post"}],"author":[{"embeddable":true,"href":"https:\/\/modul1flensburg.eu\/index.php?rest_route=\/wp\/v2\/users\/2"}],"replies":[{"embeddable":true,"href":"https:\/\/modul1flensburg.eu\/index.php?rest_route=%2Fwp%2Fv2%2Fcomments&post=2469"}],"version-history":[{"count":14,"href":"https:\/\/modul1flensburg.eu\/index.php?rest_route=\/wp\/v2\/posts\/2469\/revisions"}],"predecessor-version":[{"id":2483,"href":"https:\/\/modul1flensburg.eu\/index.php?rest_route=\/wp\/v2\/posts\/2469\/revisions\/2483"}],"wp:attachment":[{"href":"https:\/\/modul1flensburg.eu\/index.php?rest_route=%2Fwp%2Fv2%2Fmedia&parent=2469"}],"wp:term":[{"taxonomy":"category","embeddable":true,"href":"https:\/\/modul1flensburg.eu\/index.php?rest_route=%2Fwp%2Fv2%2Fcategories&post=2469"},{"taxonomy":"post_tag","embeddable":true,"href":"https:\/\/modul1flensburg.eu\/index.php?rest_route=%2Fwp%2Fv2%2Ftags&post=2469"}],"curies":[{"name":"wp","href":"https:\/\/api.w.org\/{rel}","templated":true}]}}