{"id":2488,"date":"2021-10-24T10:29:50","date_gmt":"2021-10-24T10:29:50","guid":{"rendered":"https:\/\/modul1flensburg.eu\/?p=2488"},"modified":"2021-11-11T17:23:49","modified_gmt":"2021-11-11T17:23:49","slug":"body-frames-korperfotografien-im-modul1","status":"publish","type":"post","link":"https:\/\/modul1flensburg.eu\/?p=2488","title":{"rendered":"BODY-Frames K\u00f6rperfotografien im MODUL1"},"content":{"rendered":"<p><span style=\"color: #008080;\"><strong>Der Blick auf den menschlichen K\u00f6rper<\/strong><\/span> spielt in der Kunst seit jeher eine wesentliche Rolle, wobei die k\u00fcnstlerische Sicht-und Darstellungsweise parallel zur kulturellen Entwicklung\u00a0 ver\u00e4nderbar ist oder sein kann. Die pr\u00e4sentierten Themen sind oft pers\u00f6nlicher und intimer geworden, eigene Sch\u00f6nheits- und Lebensentw\u00fcrfe werden aufgegriffen, Trends und K\u00f6rperbilder in social-medialen Szenografien entworfen, denen viele nachh\u00e4ngen.<br \/>\nUnter dem Titel \u201eBODY-FRAMES\u201c stellen Kunststudierende der Europa-Universit\u00e4t Flensburg im MODUL1\u00a0 Fotografien zum Thema K\u00f6rper und Selbstinszenierung aus,\u00a0greifen Tabuthemen, die \u201eWesenheit des K\u00f6rpers\u201c oder \u00a0Aspekte von\u00a0\u201eBody-Positivity\u201c auf.\u00a0<span style=\"color: #008080;\"><em style=\"font-weight: bold;\">Ben Freidanck, Lisann Hansen, Birte Maria Kl\u00f6cking, Carla Petersen, Amelie Schnaut und Elisabeth Schweyher<\/em><b>\u00a0<\/b><span style=\"color: #000000;\">finden in\u00a0<\/span><\/span>unterschiedlichen Ausdrucksformen jeweils ganz eigene Rahmungen.<\/p>\n<p><span style=\"color: #808000;\"><b>\u00d6ffnungszeiten<\/b><\/span><br \/>\n<span style=\"color: #808000;\"> <b>29.10.<\/b><\/span><br \/>\n<span style=\"color: #808000;\"> <b>30.10.<\/b><\/span><br \/>\n<span style=\"color: #808000;\"> <b>31.10\u00a0<\/b><\/span><br \/>\n<span style=\"color: #808000;\"> <b>10 &#8211; 16 Uhr<\/b> (u.n.V.)<\/span><br \/>\n<span style=\"color: #808000;\"> <b>FINISSAGE<\/b><\/span><br \/>\n<span style=\"color: #808000;\"> <b>Mittwoch 3. 11.<\/b><\/span><br \/>\n<span style=\"color: #808000;\"> <b>19:00 Uhr\u00a0 <\/b>(3-G)<\/span><br \/>\n<span style=\"color: #808000;\"> \u00a0<\/span><br \/>\n<span style=\"color: #808000;\"> <b>MODUL1<\/b><\/span><br \/>\n<span style=\"color: #808000;\"> <b>Galerieraum\u00a0<\/b><\/span><br \/>\n<span style=\"color: #808000;\"> <b>der Europa-Universit\u00e4t<\/b><\/span><br \/>\n<span style=\"color: #808000;\"> <b>Flensburg \u00a0<\/b><\/span><br \/>\n<span style=\"color: #808000;\"> <b>Rote Stra\u00dfe 17<\/b><\/span><\/p>\n<p><a href=\"https:\/\/modul1flensburg.eu\/wp-content\/uploads\/2021\/10\/Body-Frames_Flyer-Poster.png\"><img decoding=\"async\" loading=\"lazy\" class=\"alignleft  wp-image-2509\" alt=\"Body-Frames_Flyer-Poster\" src=\"https:\/\/modul1flensburg.eu\/wp-content\/uploads\/2021\/10\/Body-Frames_Flyer-Poster-729x1024.png\" width=\"437\" height=\"614\" srcset=\"https:\/\/modul1flensburg.eu\/wp-content\/uploads\/2021\/10\/Body-Frames_Flyer-Poster-729x1024.png 729w, https:\/\/modul1flensburg.eu\/wp-content\/uploads\/2021\/10\/Body-Frames_Flyer-Poster-213x300.png 213w, https:\/\/modul1flensburg.eu\/wp-content\/uploads\/2021\/10\/Body-Frames_Flyer-Poster.png 1249w\" sizes=\"(max-width: 437px) 100vw, 437px\" \/><\/a><\/p>\n","protected":false},"excerpt":{"rendered":"<p>Der Blick auf den menschlichen K\u00f6rper spielt in der Kunst seit jeher eine wesentliche Rolle, wobei die k\u00fcnstlerische Sicht-und Darstellungsweise parallel zur kulturellen Entwicklung\u00a0 ver\u00e4nderbar ist oder sein kann. Die pr\u00e4sentierten Themen sind oft pers\u00f6nlicher und intimer geworden, eigene Sch\u00f6nheits- und Lebensentw\u00fcrfe werden aufgegriffen, Trends und K\u00f6rperbilder in social-medialen Szenografien entworfen, denen viele nachh\u00e4ngen. Unter [&hellip;]<\/p>\n","protected":false},"author":2,"featured_media":0,"comment_status":"open","ping_status":"closed","sticky":false,"template":"","format":"standard","meta":[],"categories":[1],"tags":[41,19],"_links":{"self":[{"href":"https:\/\/modul1flensburg.eu\/index.php?rest_route=\/wp\/v2\/posts\/2488"}],"collection":[{"href":"https:\/\/modul1flensburg.eu\/index.php?rest_route=\/wp\/v2\/posts"}],"about":[{"href":"https:\/\/modul1flensburg.eu\/index.php?rest_route=\/wp\/v2\/types\/post"}],"author":[{"embeddable":true,"href":"https:\/\/modul1flensburg.eu\/index.php?rest_route=\/wp\/v2\/users\/2"}],"replies":[{"embeddable":true,"href":"https:\/\/modul1flensburg.eu\/index.php?rest_route=%2Fwp%2Fv2%2Fcomments&post=2488"}],"version-history":[{"count":30,"href":"https:\/\/modul1flensburg.eu\/index.php?rest_route=\/wp\/v2\/posts\/2488\/revisions"}],"predecessor-version":[{"id":2526,"href":"https:\/\/modul1flensburg.eu\/index.php?rest_route=\/wp\/v2\/posts\/2488\/revisions\/2526"}],"wp:attachment":[{"href":"https:\/\/modul1flensburg.eu\/index.php?rest_route=%2Fwp%2Fv2%2Fmedia&parent=2488"}],"wp:term":[{"taxonomy":"category","embeddable":true,"href":"https:\/\/modul1flensburg.eu\/index.php?rest_route=%2Fwp%2Fv2%2Fcategories&post=2488"},{"taxonomy":"post_tag","embeddable":true,"href":"https:\/\/modul1flensburg.eu\/index.php?rest_route=%2Fwp%2Fv2%2Ftags&post=2488"}],"curies":[{"name":"wp","href":"https:\/\/api.w.org\/{rel}","templated":true}]}}