{"id":2527,"date":"2021-11-12T11:16:48","date_gmt":"2021-11-12T11:16:48","guid":{"rendered":"https:\/\/modul1flensburg.eu\/?p=2527"},"modified":"2021-11-12T11:37:15","modified_gmt":"2021-11-12T11:37:15","slug":"das-filmburo-gastiert-im-modul1","status":"publish","type":"post","link":"https:\/\/modul1flensburg.eu\/?p=2527","title":{"rendered":"Das Filmb\u00fcro gastiert im MODUL1"},"content":{"rendered":"<div id=\"sidebar\"><\/div>\n<div>\n<div id=\"attachment_2530\" style=\"width: 440px\" class=\"wp-caption alignnone\"><a href=\"https:\/\/modul1flensburg.eu\/wp-content\/uploads\/2021\/11\/csm_Slider_FlensburgerKurzfilmtage_Website.jpeg\"><img aria-describedby=\"caption-attachment-2530\" decoding=\"async\" loading=\"lazy\" class=\"wp-image-2530 \" alt=\"csm_Slider_FlensburgerKurzfilmtage_Website\" src=\"https:\/\/modul1flensburg.eu\/wp-content\/uploads\/2021\/11\/csm_Slider_FlensburgerKurzfilmtage_Website-1024x533.jpeg\" width=\"430\" height=\"224\" srcset=\"https:\/\/modul1flensburg.eu\/wp-content\/uploads\/2021\/11\/csm_Slider_FlensburgerKurzfilmtage_Website-1024x533.jpeg 1024w, https:\/\/modul1flensburg.eu\/wp-content\/uploads\/2021\/11\/csm_Slider_FlensburgerKurzfilmtage_Website-300x156.jpeg 300w, https:\/\/modul1flensburg.eu\/wp-content\/uploads\/2021\/11\/csm_Slider_FlensburgerKurzfilmtage_Website.jpeg 1170w\" sizes=\"(max-width: 430px) 100vw, 430px\" \/><\/a><p id=\"caption-attachment-2530\" class=\"wp-caption-text\">Plakatmotiv \u00a0von Celina Johannsen<\/p><\/div>\n<p><strong><em>Bis zum 20. November ist das MODUL 1 wieder zum Festivalb\u00fcro der Flensburger Kurzfilmtage umgewandelt worden, mit<\/em><\/strong><\/p>\n<ul>\n<li>Kartenvorverkauf<\/li>\n<li>Programminformationen<\/li>\n<li>Infos und Gespr\u00e4chen<\/li>\n<\/ul>\n<p><span style=\"font-family: Verdana; font-size: small;\">Traditionell orientiert sich die Gestaltung der Inneneinrichtung im MODUL1 an das Festival-Plakat. Vorherrschendes Motiv der diesj\u00e4hrigen Kurzfilmtage ist die M\u00d6WE.<br \/>\nStudierende der Europa-Universit\u00e4t Flensburg, Abt. Kunst&amp;visuelle Medien haben im Seminar Szenografie die Raumgestaltung entwickelt und dieses in Kooperation mit der Hochschule Flensburg im MODUL1 umgesetzt. An Konzept und Aufbau mitgearbeitet haben<em>\u00a0Maja Petersen, Celina Johannsen, Philip Drenckhahn (Hochschule Flensburg); Julia Bohnhoff, Nele Hansen, Karina Lange, Amelie Schnaut, Elisabeth Schweyher, Kira Sommer, Jette Summek, Anne-Cathrine von Binzer, Werner F\u00fctterer (Europa-Universit\u00e4t Flensburg)<\/em>.<\/span><\/p>\n<p><span style=\"font-family: Verdana; font-size: small;\">W\u00e4hrend des Festivals vom 17. bis 21.11. 2021 dient das B\u00fcro im MODUL1 zudem als Treffpunkt f\u00fcr Filmschaffende und G\u00e4ste. Karten k\u00f6nnen ab sofort erworben werden.<\/span><\/p>\n<p><em><strong>\u00d6ffnungszeiten:<\/strong><\/em><br \/>\nMo.-Fr. 10.00 bis 18.00 Uhr<br \/>\nSa. 10.00 bis 14.00 Uhr<br \/>\nim MODUL 1, Rote Stra\u00dfe 17<\/p>\n<p>Eintritt ins MODUL1 nach geltenden Corona-Regeln\/SH<\/p>\n<p><strong><a href=\"https:\/\/www.flensburger-kurzfilmtage.de\/\" target=\"_blank\">Weitere Infos<\/a><\/strong><\/p>\n<p><img decoding=\"async\" loading=\"lazy\" class=\"wp-image-2541 \" alt=\"Amelie_Modul1-Fenster\" src=\"https:\/\/modul1flensburg.eu\/wp-content\/uploads\/2021\/11\/Amelie_Modul1-Fenster-704x1024.jpg\" width=\"202\" height=\"294\" srcset=\"https:\/\/modul1flensburg.eu\/wp-content\/uploads\/2021\/11\/Amelie_Modul1-Fenster-704x1024.jpg 704w, https:\/\/modul1flensburg.eu\/wp-content\/uploads\/2021\/11\/Amelie_Modul1-Fenster-206x300.jpg 206w\" sizes=\"(max-width: 202px) 100vw, 202px\" \/><a href=\"https:\/\/modul1flensburg.eu\/wp-content\/uploads\/2021\/11\/IMG_8021.jpeg\"><img decoding=\"async\" loading=\"lazy\" class=\" wp-image-2542\" alt=\"IMG_8021\" src=\"https:\/\/modul1flensburg.eu\/wp-content\/uploads\/2021\/11\/IMG_8021-768x1024.jpeg\" width=\"221\" height=\"294\" srcset=\"https:\/\/modul1flensburg.eu\/wp-content\/uploads\/2021\/11\/IMG_8021-768x1024.jpeg 768w, https:\/\/modul1flensburg.eu\/wp-content\/uploads\/2021\/11\/IMG_8021-225x300.jpeg 225w\" sizes=\"(max-width: 221px) 100vw, 221px\" \/><\/a><\/p>\n<\/div>\n<div>\n<div id=\"attachment_2531\" style=\"width: 624px\" class=\"wp-caption alignleft\"><a href=\"https:\/\/modul1flensburg.eu\/wp-content\/uploads\/2021\/11\/883a9b18-7dc2-4cb2-acf4-12c403555df3.jpeg\"><img aria-describedby=\"caption-attachment-2531\" decoding=\"async\" loading=\"lazy\" class=\" wp-image-2531  \" alt=\"883a9b18-7dc2-4cb2-acf4-12c403555df3\" src=\"https:\/\/modul1flensburg.eu\/wp-content\/uploads\/2021\/11\/883a9b18-7dc2-4cb2-acf4-12c403555df3.jpeg\" width=\"614\" height=\"461\" srcset=\"https:\/\/modul1flensburg.eu\/wp-content\/uploads\/2021\/11\/883a9b18-7dc2-4cb2-acf4-12c403555df3.jpeg 1024w, https:\/\/modul1flensburg.eu\/wp-content\/uploads\/2021\/11\/883a9b18-7dc2-4cb2-acf4-12c403555df3-300x225.jpeg 300w\" sizes=\"(max-width: 614px) 100vw, 614px\" \/><\/a><p id=\"caption-attachment-2531\" class=\"wp-caption-text\">Atmosph\u00e4risch auf die M\u00f6we ausgerichtet: Das B\u00fcro der Kurzfilmtage im MODUL 1. Amelie Schnaut verziert kunstvoll die Fensterfl\u00e4che (oben links), \u00a0Philip Drenckhahn installiert M\u00f6wenmodelle (oben rechts)<\/p><\/div>\n<p>&nbsp;<\/p>\n<p>&nbsp;<\/p>\n<p>&nbsp;<\/p>\n<p>&nbsp;<\/p>\n<p>&nbsp;<\/p>\n<p>&nbsp;<\/p>\n<\/div>\n","protected":false},"excerpt":{"rendered":"<p>Bis zum 20. November ist das MODUL 1 wieder zum Festivalb\u00fcro der Flensburger Kurzfilmtage umgewandelt worden, mit Kartenvorverkauf Programminformationen Infos und Gespr\u00e4chen Traditionell orientiert sich die Gestaltung der Inneneinrichtung im MODUL1 an das Festival-Plakat. Vorherrschendes Motiv der diesj\u00e4hrigen Kurzfilmtage ist die M\u00d6WE. Studierende der Europa-Universit\u00e4t Flensburg, Abt. Kunst&amp;visuelle Medien haben im Seminar Szenografie die Raumgestaltung [&hellip;]<\/p>\n","protected":false},"author":2,"featured_media":0,"comment_status":"open","ping_status":"closed","sticky":false,"template":"","format":"standard","meta":[],"categories":[1,40],"tags":[41,19],"_links":{"self":[{"href":"https:\/\/modul1flensburg.eu\/index.php?rest_route=\/wp\/v2\/posts\/2527"}],"collection":[{"href":"https:\/\/modul1flensburg.eu\/index.php?rest_route=\/wp\/v2\/posts"}],"about":[{"href":"https:\/\/modul1flensburg.eu\/index.php?rest_route=\/wp\/v2\/types\/post"}],"author":[{"embeddable":true,"href":"https:\/\/modul1flensburg.eu\/index.php?rest_route=\/wp\/v2\/users\/2"}],"replies":[{"embeddable":true,"href":"https:\/\/modul1flensburg.eu\/index.php?rest_route=%2Fwp%2Fv2%2Fcomments&post=2527"}],"version-history":[{"count":27,"href":"https:\/\/modul1flensburg.eu\/index.php?rest_route=\/wp\/v2\/posts\/2527\/revisions"}],"predecessor-version":[{"id":2557,"href":"https:\/\/modul1flensburg.eu\/index.php?rest_route=\/wp\/v2\/posts\/2527\/revisions\/2557"}],"wp:attachment":[{"href":"https:\/\/modul1flensburg.eu\/index.php?rest_route=%2Fwp%2Fv2%2Fmedia&parent=2527"}],"wp:term":[{"taxonomy":"category","embeddable":true,"href":"https:\/\/modul1flensburg.eu\/index.php?rest_route=%2Fwp%2Fv2%2Fcategories&post=2527"},{"taxonomy":"post_tag","embeddable":true,"href":"https:\/\/modul1flensburg.eu\/index.php?rest_route=%2Fwp%2Fv2%2Ftags&post=2527"}],"curies":[{"name":"wp","href":"https:\/\/api.w.org\/{rel}","templated":true}]}}