{"id":2562,"date":"2021-12-07T09:22:58","date_gmt":"2021-12-07T09:22:58","guid":{"rendered":"https:\/\/modul1flensburg.eu\/?p=2562"},"modified":"2021-12-07T14:29:58","modified_gmt":"2021-12-07T14:29:58","slug":"untitled-victoria-clausen-zeigt-malerei","status":"publish","type":"post","link":"https:\/\/modul1flensburg.eu\/?p=2562","title":{"rendered":"&#8222;Untitled&#8220; &#8211; Victoria Clau\u00dfen zeigt Malerei"},"content":{"rendered":"<p><span style=\"color: #993300;\">In den kommenden Tagen ist im MODUL1, dem Ausstellungs- und Begegnungsraum der Europa-Universit\u00e4t Flensburg wieder Kunst im Original zu sehen.<\/span>\u00a0Nach dem Erfolg von \u201cBody Frames\u201d folgt nun die zweite Ausstellung in Pr\u00e4senz.\u00a0<i><b><span style=\"color: #7a7a7a;\">Victoria Clau\u00dfen<\/span><\/b><\/i>\u00a0zeigt eine Auswahl von Bildern, die in den vergangenen Monaten entstanden sind. Die gro\u00dfformatigen Werke der Malerin entfalten mittels expressiver Schichtungen, kraftvoller Schw\u00fcnge und einer intensiven Farbkraft ihre Wirkung. Victoria Clau\u00dfen studiert Kunst und Philosophie an der EUF.<\/p>\n<p>Mit Beginn der neuen Jahres und mit Blick auf die Corona-Lage, planen Kunststudierende der Europa-Universit\u00e4t Flensburg verst\u00e4rkt Ausstellungen in Pr\u00e4senz, um damit die Kultur in dieser schwierigen Zeit weiterhin sichtbar zu machen.<\/p>\n<p style=\"text-align: left;\"><em>Kontakt: <a href=\"mailto:victoria.claussen@icloud.com\" target=\"_blank\">victoria.claussen@icloud.com<\/a> \/\u00a0+49 173 3963042<\/em><\/p>\n<p><strong><span style=\"color: #008000;\">MODUL1 <\/span><\/strong><strong><span style=\"color: #008000;\">Rote Stra\u00dfe 17, Flensburg<\/span><\/strong><br \/>\n<strong><span style=\"color: #008000;\">10. \u2013 15. Dezember 2021<\/span><\/strong><br \/>\n<span style=\"color: #008000;\"><strong>Sa 11-16, Mo, Di 16-18<\/strong><\/span><br \/>\n<strong><span style=\"color: #008000;\"><span style=\"color: #ff6600;\">Vernissage<\/span>\u00a0<\/span><\/strong><strong><span style=\"color: #008000;\">Freitag, 10. Dezember 19:00 Uhr<\/span><\/strong><br \/>\n<strong><span style=\"color: #008000;\">\u00a0MI ab 16 Uhr <span style=\"color: #ff6600;\">Open End Finissage<\/span><\/span><\/strong><\/p>\n<p><strong><\/strong><span style=\"color: #008000;\"><strong>Es gilt 2-G und Maske im Innenraum<\/strong><\/span><br \/>\n<em id=\"__mceDel\"> <span style=\"color: #008000;\"> <strong>\u00a0<\/strong><\/span><\/em><\/p>\n<div id=\"attachment_2577\" style=\"width: 512px\" class=\"wp-caption alignleft\"><a href=\"https:\/\/modul1flensburg.eu\/wp-content\/uploads\/2021\/12\/Victoria-Clau\u00dfen.jpg\"><img aria-describedby=\"caption-attachment-2577\" decoding=\"async\" loading=\"lazy\" class=\" wp-image-2577 \" alt=\"Victoria-Clau\u00dfen\" src=\"https:\/\/modul1flensburg.eu\/wp-content\/uploads\/2021\/12\/Victoria-Clau\u00dfen-1024x836.jpg\" width=\"502\" height=\"410\" srcset=\"https:\/\/modul1flensburg.eu\/wp-content\/uploads\/2021\/12\/Victoria-Clau\u00dfen-1024x836.jpg 1024w, https:\/\/modul1flensburg.eu\/wp-content\/uploads\/2021\/12\/Victoria-Clau\u00dfen-300x244.jpg 300w, https:\/\/modul1flensburg.eu\/wp-content\/uploads\/2021\/12\/Victoria-Clau\u00dfen.jpg 1358w\" sizes=\"(max-width: 502px) 100vw, 502px\" \/><\/a><p id=\"caption-attachment-2577\" class=\"wp-caption-text\">&#8222;Untitled&#8220; &#8211; kraftvolle Malerei von Victoria Clau\u00dfenl<\/p><\/div>\n<p>&nbsp;<\/p>\n<p>&nbsp;<\/p>\n<p>&nbsp;<\/p>\n<p>&nbsp;<\/p>\n<p>&nbsp;<\/p>\n<p>&nbsp;<\/p>\n<p>&nbsp;<\/p>\n","protected":false},"excerpt":{"rendered":"<p>In den kommenden Tagen ist im MODUL1, dem Ausstellungs- und Begegnungsraum der Europa-Universit\u00e4t Flensburg wieder Kunst im Original zu sehen.\u00a0Nach dem Erfolg von \u201cBody Frames\u201d folgt nun die zweite Ausstellung in Pr\u00e4senz.\u00a0Victoria Clau\u00dfen\u00a0zeigt eine Auswahl von Bildern, die in den vergangenen Monaten entstanden sind. Die gro\u00dfformatigen Werke der Malerin entfalten mittels expressiver Schichtungen, kraftvoller Schw\u00fcnge [&hellip;]<\/p>\n","protected":false},"author":2,"featured_media":0,"comment_status":"open","ping_status":"closed","sticky":false,"template":"","format":"standard","meta":[],"categories":[1],"tags":[41,19],"_links":{"self":[{"href":"https:\/\/modul1flensburg.eu\/index.php?rest_route=\/wp\/v2\/posts\/2562"}],"collection":[{"href":"https:\/\/modul1flensburg.eu\/index.php?rest_route=\/wp\/v2\/posts"}],"about":[{"href":"https:\/\/modul1flensburg.eu\/index.php?rest_route=\/wp\/v2\/types\/post"}],"author":[{"embeddable":true,"href":"https:\/\/modul1flensburg.eu\/index.php?rest_route=\/wp\/v2\/users\/2"}],"replies":[{"embeddable":true,"href":"https:\/\/modul1flensburg.eu\/index.php?rest_route=%2Fwp%2Fv2%2Fcomments&post=2562"}],"version-history":[{"count":30,"href":"https:\/\/modul1flensburg.eu\/index.php?rest_route=\/wp\/v2\/posts\/2562\/revisions"}],"predecessor-version":[{"id":2593,"href":"https:\/\/modul1flensburg.eu\/index.php?rest_route=\/wp\/v2\/posts\/2562\/revisions\/2593"}],"wp:attachment":[{"href":"https:\/\/modul1flensburg.eu\/index.php?rest_route=%2Fwp%2Fv2%2Fmedia&parent=2562"}],"wp:term":[{"taxonomy":"category","embeddable":true,"href":"https:\/\/modul1flensburg.eu\/index.php?rest_route=%2Fwp%2Fv2%2Fcategories&post=2562"},{"taxonomy":"post_tag","embeddable":true,"href":"https:\/\/modul1flensburg.eu\/index.php?rest_route=%2Fwp%2Fv2%2Ftags&post=2562"}],"curies":[{"name":"wp","href":"https:\/\/api.w.org\/{rel}","templated":true}]}}