{"id":2784,"date":"2022-05-26T17:41:29","date_gmt":"2022-05-26T17:41:29","guid":{"rendered":"https:\/\/modul1flensburg.eu\/?p=2784"},"modified":"2022-05-26T17:58:56","modified_gmt":"2022-05-26T17:58:56","slug":"work-in-process-thore-bernstein-im-modul1","status":"publish","type":"post","link":"https:\/\/modul1flensburg.eu\/?p=2784","title":{"rendered":"Work in Process &#8211; Thore Bernstein im MODUL1"},"content":{"rendered":"<p><span style=\"color: #993300;\"><strong>Und weiter gehts mit den Ausstellungen im MODUL1. Zu Gast ist THORE BERNSTEIN.<\/strong><\/span>\u00a0Bei der Ausstellung &#8222;work in process&#8220; handelt es sich um gro\u00dfformatige Acrylbilder.\u00a0Nahezu alle Arbeiten folgen einem experimentellen, assoziativen Ansatz. \u00a0Die \u00fcber Monate w\u00e4hrend der Pandemie hinweg entstandenen abstrakten Bilder sind bestimmt durch ein Spiel aus flie\u00dfenden \u00dcberg\u00e4ngen und \u00dcberlagerungen der einzelnen Farbschichten, sowie formgebenden Elementen. Der junge K\u00fcnstler ist \u00fcber zwei Wochen im MODUL1 anwesend und hat eine gem\u00fctliche Sitzecke zum Verweilen und Gedankenaustausch eingerichtet.<\/p>\n<p>Weitere Infos finden sich auf dem Instagram-Account des MODUL1<\/p>\n<p><a href=\"https:\/\/www.instagram.com\/modul1flensburg\" target=\"_blank\">https:\/\/www.instagram.com\/modul1flensburg<\/a>\/<\/p>\n<div><span style=\"color: #808000;\"><em id=\"__mceDel\"><em id=\"__mceDel\"><em id=\"__mceDel\"><em id=\"__mceDel\">Die Ausstellung ist vom 27.5. &#8211; 9.6. zu sehen.<br \/>\nGe\u00f6ffnet ist sie<br \/>\nMi: 13:00 &#8211; 17:00<br \/>\nFr: 17:00 &#8211; 21 :00<br \/>\nSa, So: 12:00 &#8211; 15:00<br \/>\n<strong>Finissage 9.6. ab 18:00<\/strong><\/em><\/em><\/em><\/em><\/span><\/div>\n<div><a href=\"https:\/\/modul1flensburg.eu\/wp-content\/uploads\/2022\/05\/Thore-1-e1653584562185.jpg\"><img decoding=\"async\" loading=\"lazy\" class=\"alignleft  wp-image-2789\" alt=\"Thore 1\" src=\"https:\/\/modul1flensburg.eu\/wp-content\/uploads\/2022\/05\/Thore-1-e1653584562185.jpg\" width=\"301\" height=\"298\" \/><\/a><\/div>\n<div><a href=\"https:\/\/modul1flensburg.eu\/wp-content\/uploads\/2022\/05\/poster-modul1-thore.jpg\"><img decoding=\"async\" loading=\"lazy\" class=\"alignleft  wp-image-2785\" alt=\"poster modul1 thore\" src=\"https:\/\/modul1flensburg.eu\/wp-content\/uploads\/2022\/05\/poster-modul1-thore-682x1024.jpg\" width=\"200\" height=\"301\" srcset=\"https:\/\/modul1flensburg.eu\/wp-content\/uploads\/2022\/05\/poster-modul1-thore-682x1024.jpg 682w, https:\/\/modul1flensburg.eu\/wp-content\/uploads\/2022\/05\/poster-modul1-thore-200x300.jpg 200w\" sizes=\"(max-width: 200px) 100vw, 200px\" \/><\/a><\/div>\n<p>&nbsp;<\/p>\n<p>&nbsp;<\/p>\n<p>&nbsp;<\/p>\n<p>&nbsp;<\/p>\n<p>&nbsp;<\/p>\n<p>&nbsp;<\/p>\n<p>&nbsp;<\/p>\n<p>&nbsp;<\/p>\n<p>&nbsp;<\/p>\n<p>&nbsp;<\/p>\n<p>&nbsp;<\/p>\n<div style=\"margin: 0px 10px 0px 0px; border: 2px solid #dfdfdf; padding: 0em 1em 1em; background-color: #ecffe4; width: 500px; height: 400px; text-align: left;\"><span style=\"color: #993300;\"><br \/>\n<strong>Kooperation mit Kunsthaus Heider in Galmsb\u00fcll.<\/strong><\/span> Viele Besucher des MODUL1 werden sich noch an die vielbeachtete Ausstellung von <a href=\"https:\/\/modul1flensburg.eu\/?p=2693\" target=\"_blank\"><em>Maria Deters<\/em> <\/a>erinnern. Unter dem Titel &#8222;Verbindungen&#8220; stellt sie nun vom 27.Mai bis 19.Juni 2022 bei Eva und Fried Heider, Norderster Weg 5, 25899 Galmsb\u00fcll aus. \u00a0Zu sehen sind die Werke, die von Flensburg nun nach Nordfriesland gewandert sind Fr 18-20 Uhr \u2022 Sa\/S0 14-18 Uhr. Zur Besichtigung und m\u00f6gliche Gespr\u00e4che \u00fcber die Arbeiten bitte anmelden unter \u00a00170 79 48 777<br \/>\n<a href=\"https:\/\/modul1flensburg.eu\/wp-content\/uploads\/2022\/05\/Maria-in-Galmsb\u00fcll-3.jpg\"><img decoding=\"async\" loading=\"lazy\" class=\" wp-image-2803 alignright\" alt=\"Maria in Galmsb\u00fcll 3\" src=\"https:\/\/modul1flensburg.eu\/wp-content\/uploads\/2022\/05\/Maria-in-Galmsb\u00fcll-3-204x300.jpg\" width=\"142\" height=\"208\" \/><\/a><img decoding=\"async\" loading=\"lazy\" class=\" wp-image-2793 alignright\" alt=\"Maria in Galmsb\u00fcll2\" src=\"https:\/\/modul1flensburg.eu\/wp-content\/uploads\/2022\/05\/Maria-in-Galmsb\u00fcll2-248x300.jpg\" width=\"174\" height=\"210\" srcset=\"https:\/\/modul1flensburg.eu\/wp-content\/uploads\/2022\/05\/Maria-in-Galmsb\u00fcll2-248x300.jpg 248w, https:\/\/modul1flensburg.eu\/wp-content\/uploads\/2022\/05\/Maria-in-Galmsb\u00fcll2-848x1024.jpg 848w, https:\/\/modul1flensburg.eu\/wp-content\/uploads\/2022\/05\/Maria-in-Galmsb\u00fcll2.jpg 1243w\" sizes=\"(max-width: 174px) 100vw, 174px\" \/><\/div>\n<p>&nbsp;<\/p>\n","protected":false},"excerpt":{"rendered":"<p>Und weiter gehts mit den Ausstellungen im MODUL1. Zu Gast ist THORE BERNSTEIN.\u00a0Bei der Ausstellung &#8222;work in process&#8220; handelt es sich um gro\u00dfformatige Acrylbilder.\u00a0Nahezu alle Arbeiten folgen einem experimentellen, assoziativen Ansatz. \u00a0Die \u00fcber Monate w\u00e4hrend der Pandemie hinweg entstandenen abstrakten Bilder sind bestimmt durch ein Spiel aus flie\u00dfenden \u00dcberg\u00e4ngen und \u00dcberlagerungen der einzelnen Farbschichten, sowie [&hellip;]<\/p>\n","protected":false},"author":2,"featured_media":0,"comment_status":"open","ping_status":"closed","sticky":false,"template":"","format":"standard","meta":[],"categories":[1,43],"tags":[44,19],"_links":{"self":[{"href":"https:\/\/modul1flensburg.eu\/index.php?rest_route=\/wp\/v2\/posts\/2784"}],"collection":[{"href":"https:\/\/modul1flensburg.eu\/index.php?rest_route=\/wp\/v2\/posts"}],"about":[{"href":"https:\/\/modul1flensburg.eu\/index.php?rest_route=\/wp\/v2\/types\/post"}],"author":[{"embeddable":true,"href":"https:\/\/modul1flensburg.eu\/index.php?rest_route=\/wp\/v2\/users\/2"}],"replies":[{"embeddable":true,"href":"https:\/\/modul1flensburg.eu\/index.php?rest_route=%2Fwp%2Fv2%2Fcomments&post=2784"}],"version-history":[{"count":13,"href":"https:\/\/modul1flensburg.eu\/index.php?rest_route=\/wp\/v2\/posts\/2784\/revisions"}],"predecessor-version":[{"id":2802,"href":"https:\/\/modul1flensburg.eu\/index.php?rest_route=\/wp\/v2\/posts\/2784\/revisions\/2802"}],"wp:attachment":[{"href":"https:\/\/modul1flensburg.eu\/index.php?rest_route=%2Fwp%2Fv2%2Fmedia&parent=2784"}],"wp:term":[{"taxonomy":"category","embeddable":true,"href":"https:\/\/modul1flensburg.eu\/index.php?rest_route=%2Fwp%2Fv2%2Fcategories&post=2784"},{"taxonomy":"post_tag","embeddable":true,"href":"https:\/\/modul1flensburg.eu\/index.php?rest_route=%2Fwp%2Fv2%2Ftags&post=2784"}],"curies":[{"name":"wp","href":"https:\/\/api.w.org\/{rel}","templated":true}]}}