{"id":28,"date":"2011-12-21T23:46:47","date_gmt":"2011-12-21T23:46:47","guid":{"rendered":"https:\/\/modul1flensburg.eu\/?p=28"},"modified":"2012-03-03T10:59:12","modified_gmt":"2012-03-03T10:59:12","slug":"kunst-oblaten-zur-weihnachtszeit","status":"publish","type":"post","link":"https:\/\/modul1flensburg.eu\/?p=28","title":{"rendered":"Galerie Modul 1 \u2022 2011"},"content":{"rendered":"<hr align=\"left\" noshade=\"noshade\" size=\"05\" width=\"186\" \/>\n<h1><\/h1>\n<p>&nbsp;<br \/>\n&nbsp;<br \/>\n<span class=\"Apple-style-span\" style=\"color: #b43104; font-size: 20px; font-weight: bold;\"><strong>Kunst-Oblaten zur Weihnachtszeit<\/strong><\/span><\/p>\n<p><strong>Er\u00f6ffnung Sonntag, 11.12.2011 von 15.00-17.30 Uhr<\/strong><em>.<\/em>\u00a0Im Rahmen der Aktion &#8222;M\u00e4rchenhafte Rote Stra\u00dfe&#8220; von der <span style=\"color: #333333;\"><a href=\"https:\/\/www.rotestrasse.de\/themen\/termine\/\"><span style=\"color: #333333;\">Interessengemeinschaft Rote Stra\u00dfe e.V.<\/span><\/a><\/span>,\u00a0werden Erstsemesterstudierende \u00a0der Kunst im Modul 1 Ihre k\u00fcnstlerischen Interpretation von Weihnachtsoblaten ausstellen. \u00a0Nach der Vernissage wird immer wieder zwischendurch ge\u00f6ffnet sein, um Besucher zu begr\u00fc\u00dfen.<\/p>\n<div id=\"attachment_115\" style=\"width: 310px\" class=\"wp-caption alignnone\"><a href=\"https:\/\/vimeo.com\/m\/33580645\"><img aria-describedby=\"caption-attachment-115\" decoding=\"async\" loading=\"lazy\" class=\"size-medium wp-image-115\" title=\"Bildschirmfoto 2011-12-22 um 18.34.47\" src=\"https:\/\/modul1flensburg.eu\/wp-content\/uploads\/2011\/12\/Bildschirmfoto-2011-12-22-um-18.34.47-300x169.png\" alt=\"\" width=\"300\" height=\"169\" srcset=\"https:\/\/modul1flensburg.eu\/wp-content\/uploads\/2011\/12\/Bildschirmfoto-2011-12-22-um-18.34.47-300x169.png 300w, https:\/\/modul1flensburg.eu\/wp-content\/uploads\/2011\/12\/Bildschirmfoto-2011-12-22-um-18.34.47.png 628w\" sizes=\"(max-width: 300px) 100vw, 300px\" \/><\/a><p id=\"caption-attachment-115\" class=\"wp-caption-text\">Filmische Ausstellungsimpressionen - &quot;click&quot; aufs Bild<\/p><\/div>\n<hr \/>\n<p><span class=\"Apple-style-span\" style=\"color: #b43104; font-size: 20px; font-weight: bold;\"><strong>Ph\u00e4nomentale Lichtweihnacht am Nordertor<\/strong><\/span><\/p>\n<p><strong><\/strong>Im Schaufenster vom Modul 1 ist eine Pr\u00e4sentation von Studierenden zur &#8222;Alternativen Lichtweihnacht&#8220; am Nordertor zu sehen. In Kooperation mit der <span style=\"color: #333333;\"><a href=\"https:\/\/www.phaenomenta-flensburg.de\/\"><span style=\"color: #333333;\">Ph\u00e4nomenta<\/span><\/a><\/span>-Sience Center Schleswig-Holstein, wurde das historische <span style=\"color: #333333;\"><a href=\"https:\/\/www.flensburg-online.de\/az\/nordertor.html\"><span style=\"color: #333333;\">Nordertor<\/span><\/a><\/span><span style=\"color: #333333;\"><span style=\"color: #333333;\">\u00a0alternativ weihnachtlich geschm\u00fcckt, auch, um das Wahrzeichen der Stadt Flensburg und den umliegenden Platz wieder etwas mehr ins &#8222;rechte Licht&#8220; zu r\u00fccken. \u00a0Eindr\u00fccke bietet die filmische Dokumentation mit &#8222;click&#8220; aufs Bild.<\/span><\/span><\/p>\n<div id=\"attachment_59\" style=\"width: 310px\" class=\"wp-caption alignnone\"><a href=\"https:\/\/vimeo.com\/34048453\"><img aria-describedby=\"caption-attachment-59\" decoding=\"async\" loading=\"lazy\" class=\"size-medium wp-image-59 \" title=\"Bildschirmfoto 2011-12-22 um 10.10.31\" src=\"https:\/\/modul1flensburg.eu\/wp-content\/uploads\/2011\/12\/Bildschirmfoto-2011-12-22-um-10.10.31-300x225.png\" alt=\"\" width=\"300\" height=\"225\" srcset=\"https:\/\/modul1flensburg.eu\/wp-content\/uploads\/2011\/12\/Bildschirmfoto-2011-12-22-um-10.10.31-300x225.png 300w, https:\/\/modul1flensburg.eu\/wp-content\/uploads\/2011\/12\/Bildschirmfoto-2011-12-22-um-10.10.31.png 635w\" sizes=\"(max-width: 300px) 100vw, 300px\" \/><\/a><p id=\"caption-attachment-59\" class=\"wp-caption-text\">Beleuchtetes Nordertor<\/p><\/div>\n<p>&nbsp;<\/p>\n","protected":false},"excerpt":{"rendered":"<p>&nbsp; &nbsp; Kunst-Oblaten zur Weihnachtszeit Er\u00f6ffnung Sonntag, 11.12.2011 von 15.00-17.30 Uhr.\u00a0Im Rahmen der Aktion &#8222;M\u00e4rchenhafte Rote Stra\u00dfe&#8220; von der Interessengemeinschaft Rote Stra\u00dfe e.V.,\u00a0werden Erstsemesterstudierende \u00a0der Kunst im Modul 1 Ihre k\u00fcnstlerischen Interpretation von Weihnachtsoblaten ausstellen. \u00a0Nach der Vernissage wird immer wieder zwischendurch ge\u00f6ffnet sein, um Besucher zu begr\u00fc\u00dfen. Ph\u00e4nomentale Lichtweihnacht am Nordertor Im Schaufenster vom [&hellip;]<\/p>\n","protected":false},"author":2,"featured_media":0,"comment_status":"open","ping_status":"open","sticky":false,"template":"","format":"standard","meta":[],"categories":[15],"tags":[18,19],"_links":{"self":[{"href":"https:\/\/modul1flensburg.eu\/index.php?rest_route=\/wp\/v2\/posts\/28"}],"collection":[{"href":"https:\/\/modul1flensburg.eu\/index.php?rest_route=\/wp\/v2\/posts"}],"about":[{"href":"https:\/\/modul1flensburg.eu\/index.php?rest_route=\/wp\/v2\/types\/post"}],"author":[{"embeddable":true,"href":"https:\/\/modul1flensburg.eu\/index.php?rest_route=\/wp\/v2\/users\/2"}],"replies":[{"embeddable":true,"href":"https:\/\/modul1flensburg.eu\/index.php?rest_route=%2Fwp%2Fv2%2Fcomments&post=28"}],"version-history":[{"count":54,"href":"https:\/\/modul1flensburg.eu\/index.php?rest_route=\/wp\/v2\/posts\/28\/revisions"}],"predecessor-version":[{"id":323,"href":"https:\/\/modul1flensburg.eu\/index.php?rest_route=\/wp\/v2\/posts\/28\/revisions\/323"}],"wp:attachment":[{"href":"https:\/\/modul1flensburg.eu\/index.php?rest_route=%2Fwp%2Fv2%2Fmedia&parent=28"}],"wp:term":[{"taxonomy":"category","embeddable":true,"href":"https:\/\/modul1flensburg.eu\/index.php?rest_route=%2Fwp%2Fv2%2Fcategories&post=28"},{"taxonomy":"post_tag","embeddable":true,"href":"https:\/\/modul1flensburg.eu\/index.php?rest_route=%2Fwp%2Fv2%2Ftags&post=28"}],"curies":[{"name":"wp","href":"https:\/\/api.w.org\/{rel}","templated":true}]}}