{"id":2824,"date":"2022-06-20T09:40:24","date_gmt":"2022-06-20T09:40:24","guid":{"rendered":"https:\/\/modul1flensburg.eu\/?p=2824"},"modified":"2022-06-20T09:44:58","modified_gmt":"2022-06-20T09:44:58","slug":"werkstattwoche-druck-im-modul1","status":"publish","type":"post","link":"https:\/\/modul1flensburg.eu\/?p=2824","title":{"rendered":"Werkstattwoche Druck im MODUL1"},"content":{"rendered":"<h3><span style=\"color: #993300;\">MIT DRUCK \u2013 Anna Boelmann und Nele Carstensen drucken im Modul 1<\/span><\/h3>\n<p>Ab dem 20.06 2022 k\u00f6nnen Besuchende des MODUL1, dem Ausstellungs- und Begegnungsraum der Europa-Universit\u00e4t Flensburg, Einblicke in die Werkprozesse zweier junger K\u00fcnstlerinnen bekommen. <em>Anna Boelmann<\/em> und <em>Nele Carstensen<\/em> werden das MODUL 1 eine Woche lang als offenes Atelier betreiben.<br \/>\nZiel der beiden Druckerinnen ist die Erschaffung einer privaten Begegnungszone, in der Interessierte Einblicke in den Werkprozess erhalten und mit den Akteurinnen ins Gespr\u00e4ch kommen k\u00f6nnen.<br \/>\nSeit Jahren verbindet die beiden ihre Passion f\u00fcr die Druckgrafik, entsprechend werden auch druckgrafische Werke der letzten Jahre ausgestellt. Eine gem\u00fctliche Atmosph\u00e4re im MODUL1 1 soll zum Austausch oder gar zum Mitmachen anregen.<\/p>\n<p><span style=\"color: #808000;\"><strong>MODUL 1 Rote Stra\u00dfe 17, Flensburg<\/strong><\/span><br \/>\n<span style=\"color: #808000;\">\u00d6ffnungszeiten:\u00a0<\/span><br \/>\n<span style=\"color: #808000;\">Mo: 12-16h<\/span><br \/>\n<span style=\"color: #808000;\">Di: 10-13h, 17-20h<\/span><br \/>\n<span style=\"color: #808000;\">Mi: 16-19h<\/span><br \/>\n<span style=\"color: #808000;\">Do: 10-12h, 14-16h<\/span><br \/>\n<span style=\"color: #808000;\">Fr: 10-12h, 14-16<\/span><br \/>\n<span style=\"color: #808000;\"><strong>Finissage: Sa 25.06, 19h<\/strong><\/span><\/p>\n<p><a href=\"https:\/\/modul1flensburg.eu\/wp-content\/uploads\/2022\/06\/Werkstattwoche_Poster1.jpg\"><img decoding=\"async\" loading=\"lazy\" class=\"alignleft  wp-image-2836\" alt=\"Werkstattwoche_Poster\" src=\"https:\/\/modul1flensburg.eu\/wp-content\/uploads\/2022\/06\/Werkstattwoche_Poster1-937x1024.jpg\" width=\"562\" height=\"614\" srcset=\"https:\/\/modul1flensburg.eu\/wp-content\/uploads\/2022\/06\/Werkstattwoche_Poster1-937x1024.jpg 937w, https:\/\/modul1flensburg.eu\/wp-content\/uploads\/2022\/06\/Werkstattwoche_Poster1-274x300.jpg 274w, https:\/\/modul1flensburg.eu\/wp-content\/uploads\/2022\/06\/Werkstattwoche_Poster1.jpg 1520w\" sizes=\"(max-width: 562px) 100vw, 562px\" \/><\/a><\/p>\n","protected":false},"excerpt":{"rendered":"<p>MIT DRUCK \u2013 Anna Boelmann und Nele Carstensen drucken im Modul 1 Ab dem 20.06 2022 k\u00f6nnen Besuchende des MODUL1, dem Ausstellungs- und Begegnungsraum der Europa-Universit\u00e4t Flensburg, Einblicke in die Werkprozesse zweier junger K\u00fcnstlerinnen bekommen. Anna Boelmann und Nele Carstensen werden das MODUL 1 eine Woche lang als offenes Atelier betreiben. Ziel der beiden Druckerinnen [&hellip;]<\/p>\n","protected":false},"author":2,"featured_media":0,"comment_status":"open","ping_status":"closed","sticky":false,"template":"","format":"standard","meta":[],"categories":[1,43],"tags":[44,19],"_links":{"self":[{"href":"https:\/\/modul1flensburg.eu\/index.php?rest_route=\/wp\/v2\/posts\/2824"}],"collection":[{"href":"https:\/\/modul1flensburg.eu\/index.php?rest_route=\/wp\/v2\/posts"}],"about":[{"href":"https:\/\/modul1flensburg.eu\/index.php?rest_route=\/wp\/v2\/types\/post"}],"author":[{"embeddable":true,"href":"https:\/\/modul1flensburg.eu\/index.php?rest_route=\/wp\/v2\/users\/2"}],"replies":[{"embeddable":true,"href":"https:\/\/modul1flensburg.eu\/index.php?rest_route=%2Fwp%2Fv2%2Fcomments&post=2824"}],"version-history":[{"count":16,"href":"https:\/\/modul1flensburg.eu\/index.php?rest_route=\/wp\/v2\/posts\/2824\/revisions"}],"predecessor-version":[{"id":2839,"href":"https:\/\/modul1flensburg.eu\/index.php?rest_route=\/wp\/v2\/posts\/2824\/revisions\/2839"}],"wp:attachment":[{"href":"https:\/\/modul1flensburg.eu\/index.php?rest_route=%2Fwp%2Fv2%2Fmedia&parent=2824"}],"wp:term":[{"taxonomy":"category","embeddable":true,"href":"https:\/\/modul1flensburg.eu\/index.php?rest_route=%2Fwp%2Fv2%2Fcategories&post=2824"},{"taxonomy":"post_tag","embeddable":true,"href":"https:\/\/modul1flensburg.eu\/index.php?rest_route=%2Fwp%2Fv2%2Ftags&post=2824"}],"curies":[{"name":"wp","href":"https:\/\/api.w.org\/{rel}","templated":true}]}}