{"id":2863,"date":"2022-07-06T09:39:19","date_gmt":"2022-07-06T09:39:19","guid":{"rendered":"https:\/\/modul1flensburg.eu\/?p=2863"},"modified":"2022-07-06T09:42:38","modified_gmt":"2022-07-06T09:42:38","slug":"iko-chu-no-kimono-modenschau-im-modul1","status":"publish","type":"post","link":"https:\/\/modul1flensburg.eu\/?p=2863","title":{"rendered":"Ik\u014d-ch\u016b no &#8211; Kimono Modenschau im MODUL1"},"content":{"rendered":"<p><strong><span style=\"color: #808000;\">Studierende des Studiengangs Textil&amp;Mode der Europa-Univerit\u00e4t Flensburg laden ein zu einer sehenswerten Modenschau im MODUL1, \u2013 ein Sommerevent, das man sich nicht entgehen lassen sollte.<\/span><\/strong><\/p>\n<p><span style=\"color: #993300;\"><em><strong> Am 15. Juli um 19:00 Uhr<\/strong>, wollen wir euch zu der Ik\u014d-ch\u016b no Kimono Modenschau einladen.<\/em><\/span><\/p>\n<p><span style=\"color: #993300;\"><em>Das Thema der Pr\u00e4sentation soll in der Wandelbarkeit des traditionell japanischen Kimonos liegen.<\/em><\/span><\/p>\n<p><span style=\"color: #993300;\"><em>Dieses Event ist Teil des Studiengangs Textil &amp; Mode &#8211; genauer aus dem Kurs der Performativ-vestiment\u00e4ren Textilpraxis und deren Pr\u00e4sentationsformen.<\/em><\/span><\/p>\n<p><span style=\"color: #993300;\"><em>Euch erwartet freier Eintritt, ein Sektempfang und die M\u00f6glichkeit mit den Studierenden nach der Modenschau ins Gespr\u00e4ch zu kommen.<\/em><\/span><\/p>\n<p><span style=\"color: #993300;\"><em>Wir freuen uns auf euch!<\/em><\/span><\/p>\n<p><span style=\"color: #808000;\"><strong>MODUL1 Rote Stra\u00dfe Flensburg<\/strong><\/span><\/p>\n<p><a href=\"https:\/\/modul1flensburg.eu\/wp-content\/uploads\/2022\/05\/MODUL1-QR-Code.png\"><img decoding=\"async\" loading=\"lazy\" class=\"wp-image-2779 alignnone\" alt=\"MODUL1 QR-Code\" src=\"https:\/\/modul1flensburg.eu\/wp-content\/uploads\/2022\/05\/MODUL1-QR-Code.png\" width=\"78\" height=\"78\" \/><\/a><\/p>\n<p><a href=\"https:\/\/modul1flensburg.eu\/wp-content\/uploads\/2022\/07\/Kimono.jpg\"><img decoding=\"async\" loading=\"lazy\" class=\"alignleft  wp-image-2864\" alt=\"Kimono\" src=\"https:\/\/modul1flensburg.eu\/wp-content\/uploads\/2022\/07\/Kimono-1024x1024.jpg\" width=\"430\" height=\"430\" srcset=\"https:\/\/modul1flensburg.eu\/wp-content\/uploads\/2022\/07\/Kimono-1024x1024.jpg 1024w, https:\/\/modul1flensburg.eu\/wp-content\/uploads\/2022\/07\/Kimono-150x150.jpg 150w, https:\/\/modul1flensburg.eu\/wp-content\/uploads\/2022\/07\/Kimono-300x300.jpg 300w, https:\/\/modul1flensburg.eu\/wp-content\/uploads\/2022\/07\/Kimono.jpg 1080w\" sizes=\"(max-width: 430px) 100vw, 430px\" \/><\/a><\/p>\n","protected":false},"excerpt":{"rendered":"<p>Studierende des Studiengangs Textil&amp;Mode der Europa-Univerit\u00e4t Flensburg laden ein zu einer sehenswerten Modenschau im MODUL1, \u2013 ein Sommerevent, das man sich nicht entgehen lassen sollte. Am 15. Juli um 19:00 Uhr, wollen wir euch zu der Ik\u014d-ch\u016b no Kimono Modenschau einladen. Das Thema der Pr\u00e4sentation soll in der Wandelbarkeit des traditionell japanischen Kimonos liegen. Dieses [&hellip;]<\/p>\n","protected":false},"author":2,"featured_media":0,"comment_status":"open","ping_status":"closed","sticky":false,"template":"","format":"standard","meta":[],"categories":[1,43],"tags":[44,19],"_links":{"self":[{"href":"https:\/\/modul1flensburg.eu\/index.php?rest_route=\/wp\/v2\/posts\/2863"}],"collection":[{"href":"https:\/\/modul1flensburg.eu\/index.php?rest_route=\/wp\/v2\/posts"}],"about":[{"href":"https:\/\/modul1flensburg.eu\/index.php?rest_route=\/wp\/v2\/types\/post"}],"author":[{"embeddable":true,"href":"https:\/\/modul1flensburg.eu\/index.php?rest_route=\/wp\/v2\/users\/2"}],"replies":[{"embeddable":true,"href":"https:\/\/modul1flensburg.eu\/index.php?rest_route=%2Fwp%2Fv2%2Fcomments&post=2863"}],"version-history":[{"count":9,"href":"https:\/\/modul1flensburg.eu\/index.php?rest_route=\/wp\/v2\/posts\/2863\/revisions"}],"predecessor-version":[{"id":2872,"href":"https:\/\/modul1flensburg.eu\/index.php?rest_route=\/wp\/v2\/posts\/2863\/revisions\/2872"}],"wp:attachment":[{"href":"https:\/\/modul1flensburg.eu\/index.php?rest_route=%2Fwp%2Fv2%2Fmedia&parent=2863"}],"wp:term":[{"taxonomy":"category","embeddable":true,"href":"https:\/\/modul1flensburg.eu\/index.php?rest_route=%2Fwp%2Fv2%2Fcategories&post=2863"},{"taxonomy":"post_tag","embeddable":true,"href":"https:\/\/modul1flensburg.eu\/index.php?rest_route=%2Fwp%2Fv2%2Ftags&post=2863"}],"curies":[{"name":"wp","href":"https:\/\/api.w.org\/{rel}","templated":true}]}}