{"id":2876,"date":"2022-07-23T09:20:30","date_gmt":"2022-07-23T09:20:30","guid":{"rendered":"https:\/\/modul1flensburg.eu\/?p=2876"},"modified":"2022-07-23T10:16:33","modified_gmt":"2022-07-23T10:16:33","slug":"mit-druck-ii-anna-boelmann-und-nele-carstensen-drucken-im-modul-1","status":"publish","type":"post","link":"https:\/\/modul1flensburg.eu\/?p=2876","title":{"rendered":"MIT DRUCK II &#8211; Anna Boelmann und Nele Carstensen drucken im Modul 1"},"content":{"rendered":"<p>&nbsp;<\/p>\n<p><a href=\"https:\/\/modul1flensburg.eu\/wp-content\/uploads\/2022\/07\/Drucken_1Anna-Neele.jpg\"><img decoding=\"async\" loading=\"lazy\" class=\"wp-image-2881 alignnone\" alt=\"Drucken_1Anna-Neele\" src=\"https:\/\/modul1flensburg.eu\/wp-content\/uploads\/2022\/07\/Drucken_1Anna-Neele-1024x771.jpg\" width=\"368\" height=\"278\" srcset=\"https:\/\/modul1flensburg.eu\/wp-content\/uploads\/2022\/07\/Drucken_1Anna-Neele-1024x771.jpg 1024w, https:\/\/modul1flensburg.eu\/wp-content\/uploads\/2022\/07\/Drucken_1Anna-Neele.jpg 1654w\" sizes=\"(max-width: 368px) 100vw, 368px\" \/><\/a><\/p>\n<p>&nbsp;<\/p>\n<p><strong style=\"color: #993300;\">\u201eMIT DRUCK\u201c geht in die zweite Runde. Nach einer erfolgreichen druckgrafischen Werkstattwoche im Juni, wird es eine Fortsetzung geben.\u00a0<\/strong><\/p>\n<p><b>Ab dem 23.07.22 wird es im MODUL1,\u00a0<\/b>dem Ausstellungs- und Begegnungsraum der Europa-Universit\u00e4t Flensburg, weitere Einblicke in die Werkprozesse zwei junger K\u00fcnstlerinnen geben. Anna Boelmann und Nele Carstensen verwandeln das MODUL 1 dieses Mal f\u00fcr zwei Wochen in ein gem\u00fctliches und offenes Atelier, das zum Austausch und Mitmachen anregt.<\/p>\n<p>W\u00e4hrend Nele sich unter anderem in kleinen quadratischen Linolschnitten thematisch mit der \u201eUnendlichkeit\u201c auseinandersetzen wird, erprobt Anna sich performativ in \u201ebodyprints\u201c \u2013 K\u00f6rperdruckformen.<\/p>\n<p>Gegen eine kleine Spende laden die beiden zum Mitdrucken ein! Sowohl der Linol- als auch der Holzschnitt stehen zur Auswahl bereit. \u00a0Seit Jahren verbindet die beiden ihre Passion f\u00fcr die Druckgrafik, entsprechend werden auch druckgrafische Werke der letzten Jahre ausgestellt.<\/p>\n<p><span style=\"color: #808000;\"><strong>MODUL 1 Rote Stra\u00dfe 17, Flensburg<\/strong><\/span><\/p>\n<p><span style=\"color: #808000;\"><b><span style=\"text-decoration: underline;\">\u00d6ffnungszeiten:\u00a0<\/span><\/b><b><\/b><\/span><\/p>\n<p><span style=\"color: #808000;\"><b>23.07.22 \u2013 05.08.22<\/b><b><\/b><\/span><\/p>\n<p><span style=\"color: #808000;\">Er\u00f6ffnung<b><i>:<\/i><\/b>\u00a0Samstag 23.07. 12:00 \u2013 18 Uhr<\/span><\/p>\n<p><span style=\"color: #808000;\">Dienstags bis Samstag von 12:00 \u2013 18:00 Uhr<\/span><\/p>\n<p><span style=\"color: #808000;\"><b>Finissage: Freitag 05.08. 19h Uhr<\/b><\/span><b><\/b><\/p>\n<p><a href=\"https:\/\/modul1flensburg.eu\/wp-content\/uploads\/2022\/07\/Drucken_2Anna-Neele.jpg\"><img decoding=\"async\" loading=\"lazy\" class=\"alignleft size-medium wp-image-2879\" alt=\"Drucken_2Anna-Neele\" src=\"https:\/\/modul1flensburg.eu\/wp-content\/uploads\/2022\/07\/Drucken_2Anna-Neele-225x300.jpg\" width=\"225\" height=\"300\" srcset=\"https:\/\/modul1flensburg.eu\/wp-content\/uploads\/2022\/07\/Drucken_2Anna-Neele-225x300.jpg 225w, https:\/\/modul1flensburg.eu\/wp-content\/uploads\/2022\/07\/Drucken_2Anna-Neele-770x1024.jpg 770w, https:\/\/modul1flensburg.eu\/wp-content\/uploads\/2022\/07\/Drucken_2Anna-Neele.jpg 1654w\" sizes=\"(max-width: 225px) 100vw, 225px\" \/><\/a> <a href=\"https:\/\/modul1flensburg.eu\/wp-content\/uploads\/2022\/07\/Drucken_3Anna-Neele.jpg\"><img decoding=\"async\" loading=\"lazy\" class=\"alignleft size-medium wp-image-2880\" alt=\"Drucken_3Anna-Neele\" src=\"https:\/\/modul1flensburg.eu\/wp-content\/uploads\/2022\/07\/Drucken_3Anna-Neele-224x300.jpg\" width=\"224\" height=\"300\" srcset=\"https:\/\/modul1flensburg.eu\/wp-content\/uploads\/2022\/07\/Drucken_3Anna-Neele-224x300.jpg 224w, https:\/\/modul1flensburg.eu\/wp-content\/uploads\/2022\/07\/Drucken_3Anna-Neele-764x1024.jpg 764w, https:\/\/modul1flensburg.eu\/wp-content\/uploads\/2022\/07\/Drucken_3Anna-Neele.jpg 1654w\" sizes=\"(max-width: 224px) 100vw, 224px\" \/><\/a><\/p>\n","protected":false},"excerpt":{"rendered":"<p>&nbsp; &nbsp; \u201eMIT DRUCK\u201c geht in die zweite Runde. Nach einer erfolgreichen druckgrafischen Werkstattwoche im Juni, wird es eine Fortsetzung geben.\u00a0 Ab dem 23.07.22 wird es im MODUL1,\u00a0dem Ausstellungs- und Begegnungsraum der Europa-Universit\u00e4t Flensburg, weitere Einblicke in die Werkprozesse zwei junger K\u00fcnstlerinnen geben. Anna Boelmann und Nele Carstensen verwandeln das MODUL 1 dieses Mal f\u00fcr [&hellip;]<\/p>\n","protected":false},"author":2,"featured_media":0,"comment_status":"open","ping_status":"closed","sticky":false,"template":"","format":"standard","meta":[],"categories":[1,43],"tags":[44,19],"_links":{"self":[{"href":"https:\/\/modul1flensburg.eu\/index.php?rest_route=\/wp\/v2\/posts\/2876"}],"collection":[{"href":"https:\/\/modul1flensburg.eu\/index.php?rest_route=\/wp\/v2\/posts"}],"about":[{"href":"https:\/\/modul1flensburg.eu\/index.php?rest_route=\/wp\/v2\/types\/post"}],"author":[{"embeddable":true,"href":"https:\/\/modul1flensburg.eu\/index.php?rest_route=\/wp\/v2\/users\/2"}],"replies":[{"embeddable":true,"href":"https:\/\/modul1flensburg.eu\/index.php?rest_route=%2Fwp%2Fv2%2Fcomments&post=2876"}],"version-history":[{"count":12,"href":"https:\/\/modul1flensburg.eu\/index.php?rest_route=\/wp\/v2\/posts\/2876\/revisions"}],"predecessor-version":[{"id":2891,"href":"https:\/\/modul1flensburg.eu\/index.php?rest_route=\/wp\/v2\/posts\/2876\/revisions\/2891"}],"wp:attachment":[{"href":"https:\/\/modul1flensburg.eu\/index.php?rest_route=%2Fwp%2Fv2%2Fmedia&parent=2876"}],"wp:term":[{"taxonomy":"category","embeddable":true,"href":"https:\/\/modul1flensburg.eu\/index.php?rest_route=%2Fwp%2Fv2%2Fcategories&post=2876"},{"taxonomy":"post_tag","embeddable":true,"href":"https:\/\/modul1flensburg.eu\/index.php?rest_route=%2Fwp%2Fv2%2Ftags&post=2876"}],"curies":[{"name":"wp","href":"https:\/\/api.w.org\/{rel}","templated":true}]}}