{"id":2908,"date":"2022-11-10T14:41:34","date_gmt":"2022-11-10T14:41:34","guid":{"rendered":"https:\/\/modul1flensburg.eu\/?p=2908"},"modified":"2022-11-10T14:41:49","modified_gmt":"2022-11-10T14:41:49","slug":"flensburger-kurzfilmtage-modul1-wieder-festivalburo","status":"publish","type":"post","link":"https:\/\/modul1flensburg.eu\/?p=2908","title":{"rendered":"Flensburger Kurzfilmtage 22 &#8211; MODUL1 wieder Festivalb\u00fcro"},"content":{"rendered":"<p><span style=\"color: #993300;\"><b>Das MODUL 1\u00a0<\/b><b>ist bis zum 20. November DAS Festivalb\u00fcro der Flensburger Kurzfilmtage. Hier gibt es Programmhefte und Tickets, Gespr\u00e4che \u00fcber Filme und die Welt und die M\u00f6glichkeit, w\u00e4hrend des Festivals auf Filmemacherinnen und Filmemacher zu treffen.<\/b><\/span><b><\/b><\/p>\n<p>Die Verwandlung vom MODUL1 zum Festivalb\u00fcro erfolgte in Zusammenarbeit mit dem Seminar \u201e\u00c4sthetische Szenographien\u201c unter der Leitung von\u00a0<i>Nadja Driller<\/i>. Die Gestaltung und Dekoration ist ausgerichtet an den Plakaten und Programmheften, die\u00a0<i>Alicia Hartwig<\/i>, Studierende\u00a0an der Hochschule Flensburg, gestaltet hat. MODUL1-Manager\u00a0<i>Werner F\u00fctterer<\/i>\u00a0bezeichnet das Festival-B\u00fcro der Kurzfilmtage mittlerweile als feste Gr\u00f6\u00dfe im Kooperations-Konzept mit der Hochschule Flensburg und besonders die kreative Ausgestaltung des B\u00fcros als wichtigen Baustein mit attraktiver Anziehungskraft.<\/p>\n<p><span style=\"color: #808000;\"><strong>MODUL1 Rote Stra\u00dfe Flensburg \u2022 \u00d6ffnungszeiten Mo bis Fr von 10 bis 18 Uhr<\/strong><\/span><\/p>\n<p>&nbsp;<\/p>\n<p><a href=\"https:\/\/modul1flensburg.eu\/wp-content\/uploads\/2022\/11\/Kurzfilmtage21.jpeg\"><img decoding=\"async\" loading=\"lazy\" class=\"wp-image-2913 alignleft\" alt=\"Kurzfilmtage2\" src=\"https:\/\/modul1flensburg.eu\/wp-content\/uploads\/2022\/11\/Kurzfilmtage21-199x300.jpeg\" width=\"139\" height=\"234\" \/><\/a><\/p>\n<p><a href=\"https:\/\/modul1flensburg.eu\/wp-content\/uploads\/2022\/11\/Kurzfilmtage1.jpeg\"><img decoding=\"async\" loading=\"lazy\" class=\"alignleft  wp-image-2911\" alt=\"Kurzfilmtage1\" src=\"https:\/\/modul1flensburg.eu\/wp-content\/uploads\/2022\/11\/Kurzfilmtage1-225x300.jpeg\" width=\"225\" height=\"234\" \/><\/a><\/p>\n<p>&nbsp;<\/p>\n<p>&nbsp;<\/p>\n<p>&nbsp;<\/p>\n<p>&nbsp;<\/p>\n<p>&nbsp;<\/p>\n<p>&nbsp;<\/p>\n<p>&nbsp;<\/p>\n<p>&nbsp;<\/p>\n<p>&nbsp;<\/p>\n<p><a href=\"https:\/\/modul1flensburg.eu\/wp-content\/uploads\/2022\/11\/Kurzfilmtage3.jpeg\"><img decoding=\"async\" loading=\"lazy\" class=\"alignleft  wp-image-2910\" alt=\"Kurzfilmtage3\" src=\"https:\/\/modul1flensburg.eu\/wp-content\/uploads\/2022\/11\/Kurzfilmtage3-1024x389.jpeg\" width=\"368\" height=\"140\" srcset=\"https:\/\/modul1flensburg.eu\/wp-content\/uploads\/2022\/11\/Kurzfilmtage3-1024x389.jpeg 1024w, https:\/\/modul1flensburg.eu\/wp-content\/uploads\/2022\/11\/Kurzfilmtage3-300x114.jpeg 300w\" sizes=\"(max-width: 368px) 100vw, 368px\" \/><\/a><\/p>\n<p>&nbsp;<\/p>\n<h3><span style=\"color: #993300;\"><b>\u00a0<\/b><\/span><\/h3>\n<p>&nbsp;<\/p>\n<p>&nbsp;<\/p>\n<p>&nbsp;<\/p>\n<h3><span style=\"color: #993300;\"><b><\/b><b>Flensburger Kurzfilmtage 2022 \u2013 Einfach mal fallenlassen\u00a0<\/b><\/span><\/h3>\n<p>Vom 16. bis zum 20. November werden im Deutschen Haus und in der Theaterwerkstatt Pilkentafel die Flensburger Kurzfilmtage gefeiert. Zw\u00f6lf Programmbl\u00f6cke mit insgesamt 70 Kurzfilmen bieten eine atemberaubende F\u00fclle an Bildern und Kl\u00e4ngen, Geschichten und Beobachtungen in gro\u00dfer Vielfalt und hoher Qualit\u00e4t. Jeder Film ist eine Besonderheit \u2013inhaltlich l\u00e4sst sich jedoch eine klare Tendenz feststellen, denn Kurzfilme spiegeln Stimmungen in der Gesellschaft schneller und direkter als andere Kunstformen. Und so ist es nicht verwunderlich, dass Unsicherheit ein gro\u00dfes Thema auch innerhalb der Kurzfilme ist. Bei den Flensburger Kurzfilmtagen sind sie so zusammengefasst, dass die Programme Anregungen geben, die Perspektive zu wechseln, Humor zu bewahren, unvermutete Ursachen und positive Aspekte bestehender Krisen zu entdecken.Jedes Programm l\u00e4dt ein, sich fallen und ein St\u00fcndchen treiben zu lassen durch kurze schaurige, lustige, poetische, rebellische, reale und fantastische Filme und ihre Perspektive auf die Welt.<\/p>\n<p>&nbsp;<\/p>\n","protected":false},"excerpt":{"rendered":"<p>Das MODUL 1\u00a0ist bis zum 20. November DAS Festivalb\u00fcro der Flensburger Kurzfilmtage. Hier gibt es Programmhefte und Tickets, Gespr\u00e4che \u00fcber Filme und die Welt und die M\u00f6glichkeit, w\u00e4hrend des Festivals auf Filmemacherinnen und Filmemacher zu treffen. Die Verwandlung vom MODUL1 zum Festivalb\u00fcro erfolgte in Zusammenarbeit mit dem Seminar \u201e\u00c4sthetische Szenographien\u201c unter der Leitung von\u00a0Nadja Driller. [&hellip;]<\/p>\n","protected":false},"author":2,"featured_media":0,"comment_status":"open","ping_status":"closed","sticky":false,"template":"","format":"standard","meta":[],"categories":[1,43],"tags":[44,19],"_links":{"self":[{"href":"https:\/\/modul1flensburg.eu\/index.php?rest_route=\/wp\/v2\/posts\/2908"}],"collection":[{"href":"https:\/\/modul1flensburg.eu\/index.php?rest_route=\/wp\/v2\/posts"}],"about":[{"href":"https:\/\/modul1flensburg.eu\/index.php?rest_route=\/wp\/v2\/types\/post"}],"author":[{"embeddable":true,"href":"https:\/\/modul1flensburg.eu\/index.php?rest_route=\/wp\/v2\/users\/2"}],"replies":[{"embeddable":true,"href":"https:\/\/modul1flensburg.eu\/index.php?rest_route=%2Fwp%2Fv2%2Fcomments&post=2908"}],"version-history":[{"count":6,"href":"https:\/\/modul1flensburg.eu\/index.php?rest_route=\/wp\/v2\/posts\/2908\/revisions"}],"predecessor-version":[{"id":2918,"href":"https:\/\/modul1flensburg.eu\/index.php?rest_route=\/wp\/v2\/posts\/2908\/revisions\/2918"}],"wp:attachment":[{"href":"https:\/\/modul1flensburg.eu\/index.php?rest_route=%2Fwp%2Fv2%2Fmedia&parent=2908"}],"wp:term":[{"taxonomy":"category","embeddable":true,"href":"https:\/\/modul1flensburg.eu\/index.php?rest_route=%2Fwp%2Fv2%2Fcategories&post=2908"},{"taxonomy":"post_tag","embeddable":true,"href":"https:\/\/modul1flensburg.eu\/index.php?rest_route=%2Fwp%2Fv2%2Ftags&post=2908"}],"curies":[{"name":"wp","href":"https:\/\/api.w.org\/{rel}","templated":true}]}}