{"id":2935,"date":"2022-12-05T15:57:46","date_gmt":"2022-12-05T15:57:46","guid":{"rendered":"https:\/\/modul1flensburg.eu\/?p=2935"},"modified":"2022-12-05T15:57:46","modified_gmt":"2022-12-05T15:57:46","slug":"weihnachtswerkstatt-im-modul1","status":"publish","type":"post","link":"https:\/\/modul1flensburg.eu\/?p=2935","title":{"rendered":"Weihnachtswerkstatt im MODUL1"},"content":{"rendered":"<h3><span style=\"color: #993300;\">Weihnachtswerkstatt \u2013 Das FabLab der Hochschule Flensburg wandert ins MODUL1<\/span><\/h3>\n<p><span style=\"color: #993300;\"><b><a href=\"https:\/\/modul1flensburg.eu\/wp-content\/uploads\/2022\/12\/Weihnachtsmotiv.jpg\"><img decoding=\"async\" loading=\"lazy\" class=\" wp-image-2939 alignleft\" alt=\"some\" src=\"https:\/\/modul1flensburg.eu\/wp-content\/uploads\/2022\/12\/Weihnachtsmotiv-300x300.jpg\" width=\"158\" height=\"158\" srcset=\"https:\/\/modul1flensburg.eu\/wp-content\/uploads\/2022\/12\/Weihnachtsmotiv-300x300.jpg 300w, https:\/\/modul1flensburg.eu\/wp-content\/uploads\/2022\/12\/Weihnachtsmotiv-150x150.jpg 150w, https:\/\/modul1flensburg.eu\/wp-content\/uploads\/2022\/12\/Weihnachtsmotiv-1024x1024.jpg 1024w\" sizes=\"(max-width: 158px) 100vw, 158px\" \/><\/a><\/b><\/span><\/p>\n<p>In der Vorweihnachtszeit werden die Maschinen und Werkzeuge im FabLab gerne genutzt, um Weihnachtsdekoration oder auch Geschenke zu gestalten. Da der Weg auf den Campus f\u00fcr viele aber zu lang ist, haben wir uns etwas \u00fcberlegt:<br \/>\n<strong><span style=\"color: #008000;\">Wir er\u00f6ffnen eine Weihnachtswerkstatt im MODUL1 in der Roten Stra\u00dfe 17. Von Donnerstag (8.12.) bis Samstag (10.12.) k\u00f6nnt ihr t\u00e4glich von 12-17 Uhr zum T\u00fcfteln, Basteln und Werkeln vorbei kommen.<\/span><\/strong><\/p>\n<p>Mit Lasercutter und 3D-Drucker entstehen verschiedene Dinge perfekt f\u00fcr die Weihnachtszeit.\u00a0Von selbst gestalteten Dekorationen \u00fcber individuelle Ausstechformen f\u00fcr Pl\u00e4tzchen zu Windlichter \u2013 wir haben verschiedene \u201eMaking\u201c-Projekte f\u00fcr euch vorbereitet.<br \/>\nDas T\u00fcfteln und Basteln in unserer Weihnachtswerkstatt ist kostenfrei und alle sind herzlich willkommen.<br \/>\nUnsere Spendenbox freut sich \u00fcber eine kleine Zugabe, um auch in Zukunft neue Materialien kaufen zu k\u00f6nnen.<\/p>\n<p>&nbsp;<\/p>\n<p><strong><span style=\"color: #808000;\">Weihnachtswerkstatt FabLab<\/span><\/strong><br \/>\n<strong><span style=\"color: #808000;\"> MODUL1<\/span><\/strong><br \/>\n<strong><span style=\"color: #808000;\"> Rote Stra\u00dfe 17\u00a0Flensburg<\/span><\/strong><\/p>\n<p><a href=\"https:\/\/modul1flensburg.eu\/wp-content\/uploads\/2022\/12\/Weihnachtswerkstatt.jpeg\"><img decoding=\"async\" loading=\"lazy\" class=\"alignleft  wp-image-2940\" alt=\"some\" src=\"https:\/\/modul1flensburg.eu\/wp-content\/uploads\/2022\/12\/Weihnachtswerkstatt-1024x1024.jpeg\" width=\"368\" height=\"368\" srcset=\"https:\/\/modul1flensburg.eu\/wp-content\/uploads\/2022\/12\/Weihnachtswerkstatt-1024x1024.jpeg 1024w, https:\/\/modul1flensburg.eu\/wp-content\/uploads\/2022\/12\/Weihnachtswerkstatt-150x150.jpeg 150w, https:\/\/modul1flensburg.eu\/wp-content\/uploads\/2022\/12\/Weihnachtswerkstatt-300x300.jpeg 300w\" sizes=\"(max-width: 368px) 100vw, 368px\" \/><\/a><\/p>\n<p>&nbsp;<\/p>\n","protected":false},"excerpt":{"rendered":"<p>Weihnachtswerkstatt \u2013 Das FabLab der Hochschule Flensburg wandert ins MODUL1 In der Vorweihnachtszeit werden die Maschinen und Werkzeuge im FabLab gerne genutzt, um Weihnachtsdekoration oder auch Geschenke zu gestalten. Da der Weg auf den Campus f\u00fcr viele aber zu lang ist, haben wir uns etwas \u00fcberlegt: Wir er\u00f6ffnen eine Weihnachtswerkstatt im MODUL1 in der Roten [&hellip;]<\/p>\n","protected":false},"author":2,"featured_media":0,"comment_status":"open","ping_status":"closed","sticky":false,"template":"","format":"standard","meta":[],"categories":[1,43],"tags":[44,19],"_links":{"self":[{"href":"https:\/\/modul1flensburg.eu\/index.php?rest_route=\/wp\/v2\/posts\/2935"}],"collection":[{"href":"https:\/\/modul1flensburg.eu\/index.php?rest_route=\/wp\/v2\/posts"}],"about":[{"href":"https:\/\/modul1flensburg.eu\/index.php?rest_route=\/wp\/v2\/types\/post"}],"author":[{"embeddable":true,"href":"https:\/\/modul1flensburg.eu\/index.php?rest_route=\/wp\/v2\/users\/2"}],"replies":[{"embeddable":true,"href":"https:\/\/modul1flensburg.eu\/index.php?rest_route=%2Fwp%2Fv2%2Fcomments&post=2935"}],"version-history":[{"count":18,"href":"https:\/\/modul1flensburg.eu\/index.php?rest_route=\/wp\/v2\/posts\/2935\/revisions"}],"predecessor-version":[{"id":2956,"href":"https:\/\/modul1flensburg.eu\/index.php?rest_route=\/wp\/v2\/posts\/2935\/revisions\/2956"}],"wp:attachment":[{"href":"https:\/\/modul1flensburg.eu\/index.php?rest_route=%2Fwp%2Fv2%2Fmedia&parent=2935"}],"wp:term":[{"taxonomy":"category","embeddable":true,"href":"https:\/\/modul1flensburg.eu\/index.php?rest_route=%2Fwp%2Fv2%2Fcategories&post=2935"},{"taxonomy":"post_tag","embeddable":true,"href":"https:\/\/modul1flensburg.eu\/index.php?rest_route=%2Fwp%2Fv2%2Ftags&post=2935"}],"curies":[{"name":"wp","href":"https:\/\/api.w.org\/{rel}","templated":true}]}}