{"id":3098,"date":"2023-06-24T09:33:45","date_gmt":"2023-06-24T09:33:45","guid":{"rendered":"https:\/\/modul1flensburg.eu\/?p=3098"},"modified":"2023-06-24T09:33:45","modified_gmt":"2023-06-24T09:33:45","slug":"outside-culture-couch-projekt","status":"publish","type":"post","link":"https:\/\/modul1flensburg.eu\/?p=3098","title":{"rendered":"outside culture -> Couch Projekt"},"content":{"rendered":"\n<pre class=\"wp-block-preformatted\" style=\"font-size:15px;font-style:normal;font-weight:400;letter-spacing:0px\"><mark style=\"background-color:rgba(0, 0, 0, 0);color:#0a5a88\" class=\"has-inline-color\"><strong>Die Ausstellung \u201eoutside culture -> Couch Projekt\u201c<\/strong> ist ein fotografischer R\u00fcckblick von <em>Prof. Angela Clemens<\/em>, welcher die Entwicklung ihres langj\u00e4hrigen Kunst- und Forschungsprojekts von den Anf\u00e4ngen im Jahr 2007 bis 2017 zeigt. W\u00e4hrend ihres Aufenthalts in Neuseeland hatte die K\u00fcnstlerin und Designerin das Fremde und Andersartige im Allt\u00e4glichen gefunden. Ihr fotografisches Portr\u00e4t umfasst sch\u00e4big schicke, teilweise verwitterte M\u00f6bel, die von den Neuseel\u00e4ndern mit auf Hausd\u00e4cher, Veranden, in G\u00e4rten und an Str\u00e4nde genommen wurden. Diese wurden f\u00fcr sie zu einem zentralen Ausdruck des Easy-Going-Lifestyles. Seitdem ist es ihr Anliegen, diesen Aspekt der neuseel\u00e4ndischen Kultur f\u00fcr Deutsche zug\u00e4nglich und erfahrbar zu machen, zumal die Idee, Sofas nach dem Leben drinnen ein Leben draussen zu schenken, auch eine sehr nachhaltige ist. Die parallel im Rahmen des maritimen Kulturfests \"Flensburg AH\u00d8J\" stattfindende Sitzm\u00f6bel-Installation \u201eCouch Projekt\u201c kann demnach auch als Hommage an die spezielle Angewohnheit der Neuseel\u00e4nder verstanden werden, Polsterm\u00f6bel mit nach draussen und an ungew\u00f6hnliche Orte zu nehmen.<\/mark><mark style=\"background-color:rgba(0, 0, 0, 0);color:#076eaa\" class=\"has-inline-color\"> <\/mark><\/pre>\n\n\n\n<pre id=\"block-7ed698fc-db2d-411b-889c-6caf7397edf4\" class=\"wp-block-preformatted\" style=\"font-size:15px;font-style:normal;font-weight:400;letter-spacing:0px\"><mark style=\"background-color:rgba(0, 0, 0, 0)\" class=\"has-inline-color has-vivid-red-color\">Mi 28.6. 15.30-18.00 Uhr, Do 29.6.-So 2.7. 14-17 Uhr <\/mark>\n<mark style=\"background-color:rgba(0, 0, 0, 0)\" class=\"has-inline-color has-vivid-red-color\"><strong>Vernissage: Di 27.6. ab 18.00 Uhr <\/strong><\/mark>\n<mark style=\"background-color:rgba(0, 0, 0, 0)\" class=\"has-inline-color has-vivid-red-color\">Modul1, Rote Stra\u00dfe 17, Flensburg<\/mark><\/pre>\n\n\n\n<p><strong><sup>Historie des Projekts<\/sup><\/strong><\/p>\n\n\n\n<p><a href=\"https:\/\/couch-projekt.de\/\">https:\/\/couch-projekt.de\/<\/a><\/p>\n\n\n\n<p><strong><sup>Sitzm\u00f6bel-Installation \u201eCouch Projekt\u201c\u00a0<\/sup><\/strong><\/p>\n\n\n\n<p><a href=\"https:\/\/hs-flensburg.de\/couch-projekt\">https:\/\/hs-flensburg.de\/couch-projekt<\/a><\/p>\n\n\n\n<p><strong><sup>\u00dcber Prof. Angela Clemens\u00a0<\/sup><\/strong><\/p>\n\n\n\n<p><sup>Die urspr\u00fcnglich aus M\u00fcnchen stammende K\u00fcnstlerin und Designerin unterrichtete\u00a0an der neuseel\u00e4ndischen Victoria University of Wellington\u00a0Gestaltungsgrundlagen, bevor sie nach einem weiteren Stop in M\u00fcnchen vor sechs Jahren nach Flensburg zog. Angela Clemens ist seitdem als Professorin f\u00fcr Intermediales Design an der Hochschule Flensburg besch\u00e4ftigt. Ihre k\u00fcnstlerischen Schwerpunkte liegen im Intervention Design und dem experimentellen Erforschen von Ausdrucksm\u00f6glichen, die das Medium Licht bietet.<\/sup><\/p>\n\n\n\n<p><\/p>\n\n\n\n<p><\/p>\n\n\n\n<figure class=\"wp-block-image size-large is-resized\"><a href=\"https:\/\/modul1flensburg.eu\/wp-content\/uploads\/2023\/06\/Couch-erstes_foto.jpeg\"><img decoding=\"async\" loading=\"lazy\" src=\"https:\/\/modul1flensburg.eu\/wp-content\/uploads\/2023\/06\/Couch-erstes_foto-1024x681.jpeg\" alt=\"\" class=\"wp-image-3101\" width=\"699\" height=\"464\" srcset=\"https:\/\/modul1flensburg.eu\/wp-content\/uploads\/2023\/06\/Couch-erstes_foto-1024x681.jpeg 1024w, https:\/\/modul1flensburg.eu\/wp-content\/uploads\/2023\/06\/Couch-erstes_foto-300x199.jpeg 300w, https:\/\/modul1flensburg.eu\/wp-content\/uploads\/2023\/06\/Couch-erstes_foto-768x511.jpeg 768w, https:\/\/modul1flensburg.eu\/wp-content\/uploads\/2023\/06\/Couch-erstes_foto.jpeg 1280w\" sizes=\"(max-width: 699px) 100vw, 699px\" \/><\/a><\/figure>\n","protected":false},"excerpt":{"rendered":"<p>Die Ausstellung \u201eoutside culture -> Couch Projekt\u201c ist ein fotografischer R\u00fcckblick von Prof. Angela Clemens, welcher die Entwicklung ihres langj\u00e4hrigen Kunst- und Forschungsprojekts von den Anf\u00e4ngen im Jahr 2007 bis 2017 zeigt. W\u00e4hrend ihres Aufenthalts in Neuseeland hatte die K\u00fcnstlerin und Designerin das Fremde und Andersartige im Allt\u00e4glichen gefunden. Ihr fotografisches Portr\u00e4t umfasst sch\u00e4big schicke, [&hellip;]<\/p>\n","protected":false},"author":2,"featured_media":0,"comment_status":"closed","ping_status":"","sticky":false,"template":"","format":"standard","meta":[],"categories":[1,55],"tags":[56,19],"_links":{"self":[{"href":"https:\/\/modul1flensburg.eu\/index.php?rest_route=\/wp\/v2\/posts\/3098"}],"collection":[{"href":"https:\/\/modul1flensburg.eu\/index.php?rest_route=\/wp\/v2\/posts"}],"about":[{"href":"https:\/\/modul1flensburg.eu\/index.php?rest_route=\/wp\/v2\/types\/post"}],"author":[{"embeddable":true,"href":"https:\/\/modul1flensburg.eu\/index.php?rest_route=\/wp\/v2\/users\/2"}],"replies":[{"embeddable":true,"href":"https:\/\/modul1flensburg.eu\/index.php?rest_route=%2Fwp%2Fv2%2Fcomments&post=3098"}],"version-history":[{"count":6,"href":"https:\/\/modul1flensburg.eu\/index.php?rest_route=\/wp\/v2\/posts\/3098\/revisions"}],"predecessor-version":[{"id":3105,"href":"https:\/\/modul1flensburg.eu\/index.php?rest_route=\/wp\/v2\/posts\/3098\/revisions\/3105"}],"wp:attachment":[{"href":"https:\/\/modul1flensburg.eu\/index.php?rest_route=%2Fwp%2Fv2%2Fmedia&parent=3098"}],"wp:term":[{"taxonomy":"category","embeddable":true,"href":"https:\/\/modul1flensburg.eu\/index.php?rest_route=%2Fwp%2Fv2%2Fcategories&post=3098"},{"taxonomy":"post_tag","embeddable":true,"href":"https:\/\/modul1flensburg.eu\/index.php?rest_route=%2Fwp%2Fv2%2Ftags&post=3098"}],"curies":[{"name":"wp","href":"https:\/\/api.w.org\/{rel}","templated":true}]}}