{"id":3116,"date":"2023-08-10T05:50:19","date_gmt":"2023-08-10T05:50:19","guid":{"rendered":"https:\/\/modul1flensburg.eu\/?p=3116"},"modified":"2023-08-10T05:50:19","modified_gmt":"2023-08-10T05:50:19","slug":"sprungbrett-fuer-junge-kunst-vom-modul1-zu-kunstco","status":"publish","type":"post","link":"https:\/\/modul1flensburg.eu\/?p=3116","title":{"rendered":"Sprungbrett f\u00fcr junge Kunst. Vom MODUL1 zu Kunst&#038;Co"},"content":{"rendered":"\n<p>Das MODUL1 ist h\u00e4ufig ein Sprungbrett von Kunststudierenden auch f\u00fcr den weiteren k\u00fcnstlerischen Weg. Seit einiger Zeit kooperieren wir daher mit <a href=\"https:\/\/www.kunstundco-flensburg.de\/\">Kunst&amp;Co, Verein f\u00fcr Gegenwartskunst in Flensburg<\/a>, um f\u00fcr j\u00fcngere Kunstschaffende ein weiteres Forum zu schaffen. Daf\u00fcr wurde das Format \u201eZwischendurch bei Kunst&amp;Co\u201c eingerichtet. Eine bemerkenswerte Ausstellung wird nun im Klostergang 8a gezeigt.<\/p>\n\n\n\n<p><strong>THORE BERNSTEIN &#8211; UNDER CONSTRUCTION<\/strong><\/p>\n\n\n\n<p><strong>vom 11. bis 25. August 2023<\/strong><\/p>\n\n\n\n<p>Thore studiert seit 2017 Kunst und visuelle Medien an der Europa Universit\u00e4t in Flensburg und zeigt in der Ausstellung UNDER CONSTRUCTION eine Auswahl an Malerei, Fotografie und Mixed Media Werken, die durch einzelne plastische Arbeiten erg\u00e4nzt werden.\u00a0<\/p>\n\n\n\n<p>Seine Arbeiten spielen mit Perspektive, Dekontextualisierung und Transformation. Die so entstandenen abstrakten Bildwelten der zum Teil gro\u00dfformatigen Bilder laden dazu ein, sich auf eine Reise durch eine Welt von geometrischen Formen und neuen Perspektiven zu begeben und f\u00f6rmlich in dieser zu \u201ebewegen\u201c.&nbsp;<\/p>\n\n\n\n<p><strong>Thore Bernstein er\u00f6ffnet die Ausstellung am 11. August um 19 Uhr bei Kunst&amp;Co<\/strong><\/p>\n\n\n\n<p><strong>Do. + Fr. 17 &#8211; 19 Uhr \u2022 Sa. 11 &#8211; 16 Uhr<\/strong><\/p>\n\n\n\n<figure class=\"wp-block-image size-large is-resized\"><a href=\"https:\/\/modul1flensburg.eu\/wp-content\/uploads\/2023\/08\/IMG_4499-scaled.jpeg\"><img decoding=\"async\" loading=\"lazy\" src=\"https:\/\/modul1flensburg.eu\/wp-content\/uploads\/2023\/08\/IMG_4499-768x1024.jpeg\" alt=\"\" class=\"wp-image-3118\" width=\"436\" height=\"582\" srcset=\"https:\/\/modul1flensburg.eu\/wp-content\/uploads\/2023\/08\/IMG_4499-768x1024.jpeg 768w, https:\/\/modul1flensburg.eu\/wp-content\/uploads\/2023\/08\/IMG_4499-225x300.jpeg 225w, https:\/\/modul1flensburg.eu\/wp-content\/uploads\/2023\/08\/IMG_4499-1152x1536.jpeg 1152w, https:\/\/modul1flensburg.eu\/wp-content\/uploads\/2023\/08\/IMG_4499-1536x2048.jpeg 1536w, https:\/\/modul1flensburg.eu\/wp-content\/uploads\/2023\/08\/IMG_4499-scaled.jpeg 1920w\" sizes=\"(max-width: 436px) 100vw, 436px\" \/><\/a><figcaption class=\"wp-element-caption\">Thore bewirbt seine Ausstellung auch im MODUL 1, um die Verbindung zu Kunst&amp;Co zu zeigen.<\/figcaption><\/figure>\n\n\n\n<figure class=\"wp-block-image size-large is-resized\"><a href=\"https:\/\/modul1flensburg.eu\/wp-content\/uploads\/2023\/08\/IMG_4504-scaled.jpeg\"><img decoding=\"async\" loading=\"lazy\" src=\"https:\/\/modul1flensburg.eu\/wp-content\/uploads\/2023\/08\/IMG_4504-768x1024.jpeg\" alt=\"\" class=\"wp-image-3119\" width=\"435\" height=\"580\" srcset=\"https:\/\/modul1flensburg.eu\/wp-content\/uploads\/2023\/08\/IMG_4504-768x1024.jpeg 768w, https:\/\/modul1flensburg.eu\/wp-content\/uploads\/2023\/08\/IMG_4504-225x300.jpeg 225w, https:\/\/modul1flensburg.eu\/wp-content\/uploads\/2023\/08\/IMG_4504-1152x1536.jpeg 1152w, https:\/\/modul1flensburg.eu\/wp-content\/uploads\/2023\/08\/IMG_4504-1536x2048.jpeg 1536w, https:\/\/modul1flensburg.eu\/wp-content\/uploads\/2023\/08\/IMG_4504-scaled.jpeg 1920w\" sizes=\"(max-width: 435px) 100vw, 435px\" \/><\/a><figcaption class=\"wp-element-caption\">Vorbereitung der Ausstellung, in der die Werke auch den Raum einbeziehen<\/figcaption><\/figure>\n","protected":false},"excerpt":{"rendered":"<p>Das MODUL1 ist h\u00e4ufig ein Sprungbrett von Kunststudierenden auch f\u00fcr den weiteren k\u00fcnstlerischen Weg. Seit einiger Zeit kooperieren wir daher mit Kunst&amp;Co, Verein f\u00fcr Gegenwartskunst in Flensburg, um f\u00fcr j\u00fcngere Kunstschaffende ein weiteres Forum zu schaffen. Daf\u00fcr wurde das Format \u201eZwischendurch bei Kunst&amp;Co\u201c eingerichtet. Eine bemerkenswerte Ausstellung wird nun im Klostergang 8a gezeigt. THORE BERNSTEIN [&hellip;]<\/p>\n","protected":false},"author":2,"featured_media":0,"comment_status":"closed","ping_status":"","sticky":false,"template":"","format":"standard","meta":[],"categories":[1,55],"tags":[56,19],"_links":{"self":[{"href":"https:\/\/modul1flensburg.eu\/index.php?rest_route=\/wp\/v2\/posts\/3116"}],"collection":[{"href":"https:\/\/modul1flensburg.eu\/index.php?rest_route=\/wp\/v2\/posts"}],"about":[{"href":"https:\/\/modul1flensburg.eu\/index.php?rest_route=\/wp\/v2\/types\/post"}],"author":[{"embeddable":true,"href":"https:\/\/modul1flensburg.eu\/index.php?rest_route=\/wp\/v2\/users\/2"}],"replies":[{"embeddable":true,"href":"https:\/\/modul1flensburg.eu\/index.php?rest_route=%2Fwp%2Fv2%2Fcomments&post=3116"}],"version-history":[{"count":4,"href":"https:\/\/modul1flensburg.eu\/index.php?rest_route=\/wp\/v2\/posts\/3116\/revisions"}],"predecessor-version":[{"id":3122,"href":"https:\/\/modul1flensburg.eu\/index.php?rest_route=\/wp\/v2\/posts\/3116\/revisions\/3122"}],"wp:attachment":[{"href":"https:\/\/modul1flensburg.eu\/index.php?rest_route=%2Fwp%2Fv2%2Fmedia&parent=3116"}],"wp:term":[{"taxonomy":"category","embeddable":true,"href":"https:\/\/modul1flensburg.eu\/index.php?rest_route=%2Fwp%2Fv2%2Fcategories&post=3116"},{"taxonomy":"post_tag","embeddable":true,"href":"https:\/\/modul1flensburg.eu\/index.php?rest_route=%2Fwp%2Fv2%2Ftags&post=3116"}],"curies":[{"name":"wp","href":"https:\/\/api.w.org\/{rel}","templated":true}]}}