{"id":3152,"date":"2023-09-26T20:07:32","date_gmt":"2023-09-26T20:07:32","guid":{"rendered":"https:\/\/modul1flensburg.eu\/?p=3152"},"modified":"2023-09-28T07:34:08","modified_gmt":"2023-09-28T07:34:08","slug":"la-tina-im-modul1-lateinamerikanisches-flair","status":"publish","type":"post","link":"https:\/\/modul1flensburg.eu\/?p=3152","title":{"rendered":"La.tina im MODUL1 \u2013 lateinamerikanisches Flair"},"content":{"rendered":"\n<p class=\"has-black-color has-text-color\">Spanisch-Lehramtsstudierende der Europa-Universit\u00e4t Flensburg holen den lateinamerikanischen und spanischen Flair nach Flensburg!  Die Studierenden sprechen eine herzliche Einladung aus:<\/p>\n\n\n\n<p class=\"has-text-color\" style=\"color:#ca0d0d\"><em>Du bist neu in Flensburg? Du bist von hier, aber hast es leider nicht geschafft, zur letzten La.tina zu kommen? Oder du warst da und so begeistert, dass du die zweite Runde kaum erwarten kannst? Jetzt ist deine Chance!&nbsp;Am 28.09.&nbsp;er\u00f6ffnen wir: \u201eLa.tina, die Ausstellung!\u201c<\/em><\/p>\n\n\n\n<p>Die au\u00dfergew\u00f6hnlichen Bilder des kubanischen K\u00fcnstlers Papucho, das Badewannen-Kunstobjekt von Flensburgs Malerin Nele Engler und die La.tina Aufnahmen des deutsch-salvadorianischen Fotografen Kristopher M\u00fcller-Greve werden im MODUL1 ausgestellt!<\/p>\n\n\n\n<p class=\"has-text-color\" style=\"color:#d7a315;font-size:22px\"><strong>Vernissage&nbsp;28.09. um 18:00 Uhr.<\/strong><\/p>\n\n\n\n<figure class=\"wp-block-image size-large is-resized\"><a href=\"https:\/\/modul1flensburg.eu\/wp-content\/uploads\/2023\/09\/image0.png\"><img decoding=\"async\" loading=\"lazy\" src=\"https:\/\/modul1flensburg.eu\/wp-content\/uploads\/2023\/09\/image0-734x1024.png\" alt=\"\" class=\"wp-image-3155\" width=\"364\" height=\"508\" srcset=\"https:\/\/modul1flensburg.eu\/wp-content\/uploads\/2023\/09\/image0-734x1024.png 734w, https:\/\/modul1flensburg.eu\/wp-content\/uploads\/2023\/09\/image0-215x300.png 215w, https:\/\/modul1flensburg.eu\/wp-content\/uploads\/2023\/09\/image0.png 768w\" sizes=\"(max-width: 364px) 100vw, 364px\" \/><\/a><\/figure>\n\n\n\n<pre class=\"wp-block-preformatted has-vivid-red-color has-text-color\">Fr 29.9. 16 - 19 Uhr\nSa 30.9. 10 - 14 Uhr\n\nDo 5.10. 16 - 19 Uhr\nFr 6.10. 16 - 19 Uhr\nSa 7.10. 10 - 14 Uhr\n\nDo 12.10. 16 - 19 Uhr. \nFr 13.10 16 - 19 Uhr\nSa 14.10. 10 - 14 Uhr<\/pre>\n","protected":false},"excerpt":{"rendered":"<p>Spanisch-Lehramtsstudierende der Europa-Universit\u00e4t Flensburg holen den lateinamerikanischen und spanischen Flair nach Flensburg! Die Studierenden sprechen eine herzliche Einladung aus: Du bist neu in Flensburg? Du bist von hier, aber hast es leider nicht geschafft, zur letzten La.tina zu kommen? Oder du warst da und so begeistert, dass du die zweite Runde kaum erwarten kannst? Jetzt [&hellip;]<\/p>\n","protected":false},"author":2,"featured_media":0,"comment_status":"closed","ping_status":"","sticky":false,"template":"","format":"standard","meta":[],"categories":[1,55],"tags":[56,19],"_links":{"self":[{"href":"https:\/\/modul1flensburg.eu\/index.php?rest_route=\/wp\/v2\/posts\/3152"}],"collection":[{"href":"https:\/\/modul1flensburg.eu\/index.php?rest_route=\/wp\/v2\/posts"}],"about":[{"href":"https:\/\/modul1flensburg.eu\/index.php?rest_route=\/wp\/v2\/types\/post"}],"author":[{"embeddable":true,"href":"https:\/\/modul1flensburg.eu\/index.php?rest_route=\/wp\/v2\/users\/2"}],"replies":[{"embeddable":true,"href":"https:\/\/modul1flensburg.eu\/index.php?rest_route=%2Fwp%2Fv2%2Fcomments&post=3152"}],"version-history":[{"count":5,"href":"https:\/\/modul1flensburg.eu\/index.php?rest_route=\/wp\/v2\/posts\/3152\/revisions"}],"predecessor-version":[{"id":3158,"href":"https:\/\/modul1flensburg.eu\/index.php?rest_route=\/wp\/v2\/posts\/3152\/revisions\/3158"}],"wp:attachment":[{"href":"https:\/\/modul1flensburg.eu\/index.php?rest_route=%2Fwp%2Fv2%2Fmedia&parent=3152"}],"wp:term":[{"taxonomy":"category","embeddable":true,"href":"https:\/\/modul1flensburg.eu\/index.php?rest_route=%2Fwp%2Fv2%2Fcategories&post=3152"},{"taxonomy":"post_tag","embeddable":true,"href":"https:\/\/modul1flensburg.eu\/index.php?rest_route=%2Fwp%2Fv2%2Ftags&post=3152"}],"curies":[{"name":"wp","href":"https:\/\/api.w.org\/{rel}","templated":true}]}}