{"id":3275,"date":"2024-04-15T22:13:51","date_gmt":"2024-04-15T22:13:51","guid":{"rendered":"https:\/\/modul1flensburg.eu\/?p=3275"},"modified":"2024-04-15T22:13:51","modified_gmt":"2024-04-15T22:13:51","slug":"788-944-minuten-kunst","status":"publish","type":"post","link":"https:\/\/modul1flensburg.eu\/?p=3275","title":{"rendered":"788.944 Minuten Kunst"},"content":{"rendered":"\n<p style=\"font-size:17px\"><strong>Kunststudierende der EUF pr\u00e4sentieren ihre 3-Semester-Ausstellung im MODUL1 und bei Kunst&amp;CO<\/strong><\/p>\n\n\n\n<pre class=\"wp-block-preformatted has-vivid-red-color has-text-color\" style=\"font-size:16px\"> \t\n<strong>Vom 19-27.4.2024 zeigen Kunststudierende der Europa-Universit\u00e4t Flensburg ihre k\u00fcnstlerischen Projekte im Verein f\u00fcr Gegenwartskunst Kunst&amp;Co und im MODUL1 1.<\/strong>\n\nDas \"3-Semester-Projekt\" ist Bestandteil der Grundbildung im BA-8Studiengang Kunst &amp; visuelle Medien und hat das Ziel, pers\u00f6nliche Eigenst\u00e4ndigkeit im bildnerischen Denken und Handeln zu erlangen und eine eigene Bildsprache zu entwickeln. Dabei werden sie von ihren Lehrkr\u00e4ften beraten und unterst\u00fctzt. Als Ergebnis zeigen die Studierenden Gra\ufb01ken, Malereien, plastische Arbeiten, Installationen und Videoarbeiten.\n\n<strong>Er\u00f6ffnung am Freitag, 19.04. um 18:00 Uhr\nVerein f\u00fcr Gegenwartskunst Kunst&amp;Co, Klostergang 8a\nAuch im MODUL1 werden Arbeiten zu sehen sein<\/strong>\n\n<strong>\u00d6ffnungszeiten Mo - Fr 15-18 und Sa - So 11-14 Uhr<\/strong><\/pre>\n\n\n\n<p><\/p>\n\n\n\n<figure class=\"wp-block-image size-large\"><a href=\"https:\/\/modul1flensburg.eu\/wp-content\/uploads\/2024\/04\/drei-semester.jpeg\"><img decoding=\"async\" loading=\"lazy\" width=\"744\" height=\"1024\" src=\"https:\/\/modul1flensburg.eu\/wp-content\/uploads\/2024\/04\/drei-semester-744x1024.jpeg\" alt=\"\" class=\"wp-image-3283\" srcset=\"https:\/\/modul1flensburg.eu\/wp-content\/uploads\/2024\/04\/drei-semester-744x1024.jpeg 744w, https:\/\/modul1flensburg.eu\/wp-content\/uploads\/2024\/04\/drei-semester-218x300.jpeg 218w, https:\/\/modul1flensburg.eu\/wp-content\/uploads\/2024\/04\/drei-semester-768x1057.jpeg 768w, https:\/\/modul1flensburg.eu\/wp-content\/uploads\/2024\/04\/drei-semester-1116x1536.jpeg 1116w, https:\/\/modul1flensburg.eu\/wp-content\/uploads\/2024\/04\/drei-semester.jpeg 1178w\" sizes=\"(max-width: 744px) 100vw, 744px\" \/><\/a><\/figure>\n","protected":false},"excerpt":{"rendered":"<p>Kunststudierende der EUF pr\u00e4sentieren ihre 3-Semester-Ausstellung im MODUL1 und bei Kunst&amp;CO Vom 19-27.4.2024 zeigen Kunststudierende der Europa-Universit\u00e4t Flensburg ihre k\u00fcnstlerischen Projekte im Verein f\u00fcr Gegenwartskunst Kunst&amp;Co und im MODUL1 1. Das &#8222;3-Semester-Projekt&#8220; ist Bestandteil der Grundbildung im BA-8Studiengang Kunst &amp; visuelle Medien und hat das Ziel, pers\u00f6nliche Eigenst\u00e4ndigkeit im bildnerischen Denken und Handeln zu erlangen [&hellip;]<\/p>\n","protected":false},"author":2,"featured_media":0,"comment_status":"closed","ping_status":"","sticky":false,"template":"","format":"standard","meta":[],"categories":[1,58],"tags":[59,19],"_links":{"self":[{"href":"https:\/\/modul1flensburg.eu\/index.php?rest_route=\/wp\/v2\/posts\/3275"}],"collection":[{"href":"https:\/\/modul1flensburg.eu\/index.php?rest_route=\/wp\/v2\/posts"}],"about":[{"href":"https:\/\/modul1flensburg.eu\/index.php?rest_route=\/wp\/v2\/types\/post"}],"author":[{"embeddable":true,"href":"https:\/\/modul1flensburg.eu\/index.php?rest_route=\/wp\/v2\/users\/2"}],"replies":[{"embeddable":true,"href":"https:\/\/modul1flensburg.eu\/index.php?rest_route=%2Fwp%2Fv2%2Fcomments&post=3275"}],"version-history":[{"count":10,"href":"https:\/\/modul1flensburg.eu\/index.php?rest_route=\/wp\/v2\/posts\/3275\/revisions"}],"predecessor-version":[{"id":3286,"href":"https:\/\/modul1flensburg.eu\/index.php?rest_route=\/wp\/v2\/posts\/3275\/revisions\/3286"}],"wp:attachment":[{"href":"https:\/\/modul1flensburg.eu\/index.php?rest_route=%2Fwp%2Fv2%2Fmedia&parent=3275"}],"wp:term":[{"taxonomy":"category","embeddable":true,"href":"https:\/\/modul1flensburg.eu\/index.php?rest_route=%2Fwp%2Fv2%2Fcategories&post=3275"},{"taxonomy":"post_tag","embeddable":true,"href":"https:\/\/modul1flensburg.eu\/index.php?rest_route=%2Fwp%2Fv2%2Ftags&post=3275"}],"curies":[{"name":"wp","href":"https:\/\/api.w.org\/{rel}","templated":true}]}}