{"id":3288,"date":"2024-05-21T13:21:15","date_gmt":"2024-05-21T13:21:15","guid":{"rendered":"https:\/\/modul1flensburg.eu\/?p=3288"},"modified":"2024-05-21T13:46:09","modified_gmt":"2024-05-21T13:46:09","slug":"reiz-von-licht-form-folie-carsten-sowas-spezielle-modelfotografie","status":"publish","type":"post","link":"https:\/\/modul1flensburg.eu\/?p=3288","title":{"rendered":"Reiz von Licht, Form, Folie  &#8211; Carsten Sowas spezielle Modelfotografie"},"content":{"rendered":"\n<pre class=\"wp-block-preformatted has-text-color\" style=\"color:#7a2121;font-size:16px\">Carsten Sowa zeigt ausdrucksstarke Schwarz-Wei\u00df-Fotografien, die durch Kontrastr\u00e4ume, grafische Formen, \u00dcberzeichnungen und Reduktionen wirken. Eine spannende Lichtf\u00fchrung und die experimentelle Verwendung von Folie geben den Motiven seiner Fotografie eine besondere Ausstrahlung und erlauben so vielseitige Deutungsspielr\u00e4ume, wie zum Beispiel die Entfremdung der Person und der K\u00f6rperlichkeit hin zur grafischen Form oder des surrealen Ausdrucks durch eine Verschmelzung mit der Folie.\n\n\n<strong>Ausstellung im MODUL1<\/strong> \nRote Stra\u00dfe 17a \u2022 Flensburg\n\n24.05.2024 14:00 - 17:00 \n25.05.2024 12:00 - 15:00 \n27.05.2024 16:00 - 18:00\n<strong>29.05.2024 19:00 Finissage<\/strong>\n\n\n<\/pre>\n\n\n\n<figure class=\"wp-block-image size-large is-resized\"><a href=\"https:\/\/modul1flensburg.eu\/wp-content\/uploads\/2024\/05\/Sowa-1-scaled.jpeg\"><img decoding=\"async\" loading=\"lazy\" src=\"https:\/\/modul1flensburg.eu\/wp-content\/uploads\/2024\/05\/Sowa-1-683x1024.jpeg\" alt=\"\" class=\"wp-image-3294\" width=\"519\" height=\"779\" srcset=\"https:\/\/modul1flensburg.eu\/wp-content\/uploads\/2024\/05\/Sowa-1-683x1024.jpeg 683w, https:\/\/modul1flensburg.eu\/wp-content\/uploads\/2024\/05\/Sowa-1-200x300.jpeg 200w, https:\/\/modul1flensburg.eu\/wp-content\/uploads\/2024\/05\/Sowa-1-768x1152.jpeg 768w, https:\/\/modul1flensburg.eu\/wp-content\/uploads\/2024\/05\/Sowa-1-1024x1536.jpeg 1024w, https:\/\/modul1flensburg.eu\/wp-content\/uploads\/2024\/05\/Sowa-1-1365x2048.jpeg 1365w, https:\/\/modul1flensburg.eu\/wp-content\/uploads\/2024\/05\/Sowa-1-scaled.jpeg 1707w\" sizes=\"(max-width: 519px) 100vw, 519px\" \/><\/a><\/figure>\n\n\n\n<figure class=\"wp-block-image size-large is-resized\"><a href=\"https:\/\/modul1flensburg.eu\/wp-content\/uploads\/2024\/05\/Sowa-2-1-scaled.jpeg\"><img decoding=\"async\" loading=\"lazy\" src=\"https:\/\/modul1flensburg.eu\/wp-content\/uploads\/2024\/05\/Sowa-2-1-683x1024.jpeg\" alt=\"\" class=\"wp-image-3307\" width=\"521\" height=\"781\" srcset=\"https:\/\/modul1flensburg.eu\/wp-content\/uploads\/2024\/05\/Sowa-2-1-683x1024.jpeg 683w, https:\/\/modul1flensburg.eu\/wp-content\/uploads\/2024\/05\/Sowa-2-1-200x300.jpeg 200w, https:\/\/modul1flensburg.eu\/wp-content\/uploads\/2024\/05\/Sowa-2-1-768x1152.jpeg 768w, https:\/\/modul1flensburg.eu\/wp-content\/uploads\/2024\/05\/Sowa-2-1-1024x1536.jpeg 1024w, https:\/\/modul1flensburg.eu\/wp-content\/uploads\/2024\/05\/Sowa-2-1-1365x2048.jpeg 1365w, https:\/\/modul1flensburg.eu\/wp-content\/uploads\/2024\/05\/Sowa-2-1-scaled.jpeg 1707w\" sizes=\"(max-width: 521px) 100vw, 521px\" \/><\/a><\/figure>\n","protected":false},"excerpt":{"rendered":"<p>Carsten Sowa zeigt ausdrucksstarke Schwarz-Wei\u00df-Fotografien, die durch Kontrastr\u00e4ume, grafische Formen, \u00dcberzeichnungen und Reduktionen wirken. Eine spannende Lichtf\u00fchrung und die experimentelle Verwendung von Folie geben den Motiven seiner Fotografie eine besondere Ausstrahlung und erlauben so vielseitige Deutungsspielr\u00e4ume, wie zum Beispiel die Entfremdung der Person und der K\u00f6rperlichkeit hin zur grafischen Form oder des surrealen Ausdrucks durch [&hellip;]<\/p>\n","protected":false},"author":2,"featured_media":0,"comment_status":"closed","ping_status":"","sticky":false,"template":"","format":"standard","meta":[],"categories":[1,58],"tags":[59,19],"_links":{"self":[{"href":"https:\/\/modul1flensburg.eu\/index.php?rest_route=\/wp\/v2\/posts\/3288"}],"collection":[{"href":"https:\/\/modul1flensburg.eu\/index.php?rest_route=\/wp\/v2\/posts"}],"about":[{"href":"https:\/\/modul1flensburg.eu\/index.php?rest_route=\/wp\/v2\/types\/post"}],"author":[{"embeddable":true,"href":"https:\/\/modul1flensburg.eu\/index.php?rest_route=\/wp\/v2\/users\/2"}],"replies":[{"embeddable":true,"href":"https:\/\/modul1flensburg.eu\/index.php?rest_route=%2Fwp%2Fv2%2Fcomments&post=3288"}],"version-history":[{"count":14,"href":"https:\/\/modul1flensburg.eu\/index.php?rest_route=\/wp\/v2\/posts\/3288\/revisions"}],"predecessor-version":[{"id":3305,"href":"https:\/\/modul1flensburg.eu\/index.php?rest_route=\/wp\/v2\/posts\/3288\/revisions\/3305"}],"wp:attachment":[{"href":"https:\/\/modul1flensburg.eu\/index.php?rest_route=%2Fwp%2Fv2%2Fmedia&parent=3288"}],"wp:term":[{"taxonomy":"category","embeddable":true,"href":"https:\/\/modul1flensburg.eu\/index.php?rest_route=%2Fwp%2Fv2%2Fcategories&post=3288"},{"taxonomy":"post_tag","embeddable":true,"href":"https:\/\/modul1flensburg.eu\/index.php?rest_route=%2Fwp%2Fv2%2Ftags&post=3288"}],"curies":[{"name":"wp","href":"https:\/\/api.w.org\/{rel}","templated":true}]}}