{"id":3316,"date":"2024-06-27T17:57:15","date_gmt":"2024-06-27T17:57:15","guid":{"rendered":"https:\/\/modul1flensburg.eu\/?p=3316"},"modified":"2024-06-27T21:44:56","modified_gmt":"2024-06-27T21:44:56","slug":"modul1-mit-drei-ausstellungen-in-den-sommer","status":"publish","type":"post","link":"https:\/\/modul1flensburg.eu\/?p=3316","title":{"rendered":"MODUL1 Mit drei Ausstellungen in den Sommer"},"content":{"rendered":"\n<pre class=\"wp-block-preformatted has-text-color has-background\" style=\"color:#a41f11;background-color:#f6f2e6;font-size:17px\"><strong>M\u00dcSSEN WIR FARBEN ESSEN K\u00d6NNEN?<\/strong>\nDiese Frage l\u00e4sst sich bei einem spontanen Besuch im MODUL1 sicher beantworten.\n<strong>Am Freitag, 28.6.2024 werden die T\u00fcren des MODUL1 ab 14 Uhr - open end  \u2013 von Victoria Clau\u00dfen f\u00fcr ein Happening ge\u00f6ffnet.<\/strong> Man kann vorbeischauen und mit der Farbherstellung aus Obst und Gem\u00fcse auf Stoff experimentieren und sich dabei von der M\u00f6glichkeit des Umgangs mit Farbigkeit ohne Chemie \u00fcberraschen lassen. Gleichzeitig kann man sich au\u00dferdem auch <em>Victoria, Gizem<\/em> und <em>Ben<\/em> bei dem Versuch anschlie\u00dfen, ein Manifest zu schreiben.\n\n<img decoding=\"async\" loading=\"lazy\" width=\"489\" height=\"490\" class=\"wp-image-3319\" style=\"width: 300px;\" src=\"https:\/\/modul1flensburg.eu\/wp-content\/uploads\/2024\/06\/Clausen-Farben-essen.jpg\" alt=\"\" srcset=\"https:\/\/modul1flensburg.eu\/wp-content\/uploads\/2024\/06\/Clausen-Farben-essen.jpg 489w, https:\/\/modul1flensburg.eu\/wp-content\/uploads\/2024\/06\/Clausen-Farben-essen-300x300.jpg 300w, https:\/\/modul1flensburg.eu\/wp-content\/uploads\/2024\/06\/Clausen-Farben-essen-150x150.jpg 150w\" sizes=\"(max-width: 489px) 100vw, 489px\" \/>\n<\/pre>\n\n\n\n<p>&nbsp;<\/p>\n\n\n\n<p class=\"has-vivid-red-color has-text-color has-background has-medium-font-size\" style=\"background-color:#f7b4c5\"><strong>VERBORGENE WELTEN &#8211; TEXTILE H\u00dcLLEN<\/strong><\/p>\n\n\n\n<p class=\"has-background\" style=\"background-color:#faced9\">Mit dem anregenden Titel  <strong>&#8222;Verborgene Welten &#8211; Textile H\u00fcllen&#8220; <\/strong>zeigt eine Gruppe von Textil und Mode-Studierenden des 4. Semesters das Ergebnis eines intensiven zweisemestrigen Projekts im Seminar von <em>Nadja Rogalski<\/em>. In dieser Zeit haben sie sich umfassend mit dem Thema \u201eH\u00fcllen&#8220; auseinandergesetzt und dabei die vielf\u00e4ltigen M\u00f6glichkeiten und Bedeutungen textiler H\u00fcllen erforscht und in verschiedenen Kontexten beleuchtet. Die Ausstellung bietet einen Einblick in die Arbeiten und Ergebnisse. <strong>Mittwoch 3.07. 12-18 Uhr \u2022 Donnerstag 4.07. 11-17 Uhr \u2022 MODUL1 Rote Stra\u00dfe Flensburg<\/strong><\/p>\n\n\n\n<p class=\"has-background\" style=\"background-color:#faced9\"> <img decoding=\"async\" loading=\"lazy\" width=\"1662\" height=\"1652\" class=\"wp-image-3327\" style=\"width: 356px;\" src=\"https:\/\/modul1flensburg.eu\/wp-content\/uploads\/2024\/06\/Bild-27.06.24-um-19.23-1.jpeg\" alt=\"\" srcset=\"https:\/\/modul1flensburg.eu\/wp-content\/uploads\/2024\/06\/Bild-27.06.24-um-19.23-1.jpeg 1662w, https:\/\/modul1flensburg.eu\/wp-content\/uploads\/2024\/06\/Bild-27.06.24-um-19.23-1-300x298.jpeg 300w, https:\/\/modul1flensburg.eu\/wp-content\/uploads\/2024\/06\/Bild-27.06.24-um-19.23-1-1024x1018.jpeg 1024w, https:\/\/modul1flensburg.eu\/wp-content\/uploads\/2024\/06\/Bild-27.06.24-um-19.23-1-150x150.jpeg 150w, https:\/\/modul1flensburg.eu\/wp-content\/uploads\/2024\/06\/Bild-27.06.24-um-19.23-1-768x763.jpeg 768w, https:\/\/modul1flensburg.eu\/wp-content\/uploads\/2024\/06\/Bild-27.06.24-um-19.23-1-1536x1527.jpeg 1536w\" sizes=\"(max-width: 1662px) 100vw, 1662px\" \/><\/p>\n\n\n\n<p><\/p>\n\n\n\n<p class=\"has-vivid-purple-color has-text-color has-background has-medium-font-size\" style=\"background-color:#69f9c4\"><strong>COLOURWORLD<\/strong><\/p>\n\n\n\n<p class=\"has-vivid-purple-color has-text-color has-background\" style=\"background-color:#69f9c4\"><em><strong>Lust auf Farbe? Begib dich auf eine Reise durch die bunte Vielfalt von F\u00e4rberpflanzen und entdecke die Welt der nat\u00fcrlichen F\u00e4rberei von Textilien.<\/strong><\/em><strong><em>&nbsp;Wir freuen uns auf euch!<\/em><\/strong> <\/p>\n\n\n\n<p class=\"has-background\" style=\"background-color:#8aeac4\">Im Zuge eines\u00a0Seminars\u00a0bei <em>Rosa Lave<\/em>s laden Textilstudentinnen zu einer \u00f6ffentlichen Ausstellung ein, die den individuellen, kreativen und wissenschaftlichen Forschungsprozess der letzten beiden Semester widerspiegelt. Der Schwerpunkt liegt auf dem eigenen F\u00e4rbergarten der Universit\u00e4t, der die bunte Quelle der textilen Projekte ist<\/p>\n\n\n\n<p class=\"has-text-align-center has-background\" style=\"background-color:#8aeac4\">.&nbsp;    <img decoding=\"async\" loading=\"lazy\" width=\"1298\" height=\"1864\" class=\"wp-image-3333\" style=\"width: 390px;\" src=\"https:\/\/modul1flensburg.eu\/wp-content\/uploads\/2024\/06\/Bild-27.06.24-um-19.52.jpeg\" alt=\"\" srcset=\"https:\/\/modul1flensburg.eu\/wp-content\/uploads\/2024\/06\/Bild-27.06.24-um-19.52.jpeg 1298w, https:\/\/modul1flensburg.eu\/wp-content\/uploads\/2024\/06\/Bild-27.06.24-um-19.52-209x300.jpeg 209w, https:\/\/modul1flensburg.eu\/wp-content\/uploads\/2024\/06\/Bild-27.06.24-um-19.52-713x1024.jpeg 713w, https:\/\/modul1flensburg.eu\/wp-content\/uploads\/2024\/06\/Bild-27.06.24-um-19.52-768x1103.jpeg 768w, https:\/\/modul1flensburg.eu\/wp-content\/uploads\/2024\/06\/Bild-27.06.24-um-19.52-1070x1536.jpeg 1070w\" sizes=\"(max-width: 1298px) 100vw, 1298px\" \/><\/p>\n\n\n\n<p><\/p>\n\n\n\n<p><\/p>\n\n\n\n<p><\/p>\n\n\n\n<p><\/p>\n\n\n\n<p class=\"has-vivid-red-color has-text-color\"><\/p>\n","protected":false},"excerpt":{"rendered":"<p>M\u00dcSSEN WIR FARBEN ESSEN K\u00d6NNEN? Diese Frage l\u00e4sst sich bei einem spontanen Besuch im MODUL1 sicher beantworten. Am Freitag, 28.6.2024 werden die T\u00fcren des MODUL1 ab 14 Uhr &#8211; open end \u2013 von Victoria Clau\u00dfen f\u00fcr ein Happening ge\u00f6ffnet. Man kann vorbeischauen und mit der Farbherstellung aus Obst und Gem\u00fcse auf Stoff experimentieren und sich [&hellip;]<\/p>\n","protected":false},"author":2,"featured_media":0,"comment_status":"closed","ping_status":"","sticky":false,"template":"","format":"standard","meta":[],"categories":[1,58],"tags":[59,19],"_links":{"self":[{"href":"https:\/\/modul1flensburg.eu\/index.php?rest_route=\/wp\/v2\/posts\/3316"}],"collection":[{"href":"https:\/\/modul1flensburg.eu\/index.php?rest_route=\/wp\/v2\/posts"}],"about":[{"href":"https:\/\/modul1flensburg.eu\/index.php?rest_route=\/wp\/v2\/types\/post"}],"author":[{"embeddable":true,"href":"https:\/\/modul1flensburg.eu\/index.php?rest_route=\/wp\/v2\/users\/2"}],"replies":[{"embeddable":true,"href":"https:\/\/modul1flensburg.eu\/index.php?rest_route=%2Fwp%2Fv2%2Fcomments&post=3316"}],"version-history":[{"count":18,"href":"https:\/\/modul1flensburg.eu\/index.php?rest_route=\/wp\/v2\/posts\/3316\/revisions"}],"predecessor-version":[{"id":3342,"href":"https:\/\/modul1flensburg.eu\/index.php?rest_route=\/wp\/v2\/posts\/3316\/revisions\/3342"}],"wp:attachment":[{"href":"https:\/\/modul1flensburg.eu\/index.php?rest_route=%2Fwp%2Fv2%2Fmedia&parent=3316"}],"wp:term":[{"taxonomy":"category","embeddable":true,"href":"https:\/\/modul1flensburg.eu\/index.php?rest_route=%2Fwp%2Fv2%2Fcategories&post=3316"},{"taxonomy":"post_tag","embeddable":true,"href":"https:\/\/modul1flensburg.eu\/index.php?rest_route=%2Fwp%2Fv2%2Ftags&post=3316"}],"curies":[{"name":"wp","href":"https:\/\/api.w.org\/{rel}","templated":true}]}}