{"id":3343,"date":"2024-07-09T11:27:28","date_gmt":"2024-07-09T11:27:28","guid":{"rendered":"https:\/\/modul1flensburg.eu\/?p=3343"},"modified":"2024-07-09T15:46:33","modified_gmt":"2024-07-09T15:46:33","slug":"kois-und-seerosen-im-modul1","status":"publish","type":"post","link":"https:\/\/modul1flensburg.eu\/?p=3343","title":{"rendered":"KOIS UND SEEROSEN IM MODUL1"},"content":{"rendered":"\n<h2>Eine druckgrafische Installation im Raum.<\/h2>\n\n\n\n<pre class=\"wp-block-preformatted has-text-color\" style=\"color:#569d53;font-size:16px\">Derzeit zeigt ROSA BRUHNS eine Ausstellung, in der sich die traditionellen Techniken des Holzschnitts und der Radierung zu einer spannenden r\u00e4umlichen Installation vereinen \u2013 inspiriert von der \u00e4sthetischen Sch\u00f6nheit und Symbolik japanischer Kois und Seerosen.\nDie Holzschnitte erfassen die kraftvolle und pr\u00e4chtige Form der Seerosen, w\u00e4hrend die feinen Linien der Radierungen die zarte Struktur und Anmut der Seerosenbl\u00e4tter widerspiegeln.\nDie Kois werden in durchsichtigen Platten pr\u00e4sentiert, wodurch ein harmonisches Spiel aus Licht und Schatten entsteht.\nDiese Installation l\u00e4dt ein, die traditionelle Druckgrafik neu zu entdecken und deren Potenzial im dreidimensionalen Raum zu erleben. | \n<\/pre>\n\n\n\n<h1 class=\"has-text-color\" style=\"color:#d86e42;font-size:18px\">Vernissage am Mittwoch 10.7.  ab 15 Uhr. Am Donnerstag ist die Ausstellung dann von 11-17 Uhr ge\u00f6ffnet und Freitag von 10-16 Uhr.<\/h1>\n\n\n\n<figure class=\"wp-block-image size-large is-resized\"><a href=\"https:\/\/modul1flensburg.eu\/wp-content\/uploads\/2024\/07\/IMG_6953-scaled.jpeg\"><img decoding=\"async\" loading=\"lazy\" src=\"https:\/\/modul1flensburg.eu\/wp-content\/uploads\/2024\/07\/IMG_6953-858x1024.jpeg\" alt=\"\" class=\"wp-image-3348\" width=\"579\" height=\"688\"\/><\/a><\/figure>\n\n\n\n<h1><br><\/h1>\n\n\n\n<figure class=\"wp-block-image size-large is-resized\"><a href=\"https:\/\/modul1flensburg.eu\/wp-content\/uploads\/2024\/07\/IMG_6948-scaled.jpeg\"><img decoding=\"async\" loading=\"lazy\" src=\"https:\/\/modul1flensburg.eu\/wp-content\/uploads\/2024\/07\/IMG_6948-1024x768.jpeg\" alt=\"\" class=\"wp-image-3349\" width=\"701\" height=\"526\" srcset=\"https:\/\/modul1flensburg.eu\/wp-content\/uploads\/2024\/07\/IMG_6948-1024x768.jpeg 1024w, https:\/\/modul1flensburg.eu\/wp-content\/uploads\/2024\/07\/IMG_6948-300x225.jpeg 300w, https:\/\/modul1flensburg.eu\/wp-content\/uploads\/2024\/07\/IMG_6948-768x576.jpeg 768w, https:\/\/modul1flensburg.eu\/wp-content\/uploads\/2024\/07\/IMG_6948-1536x1152.jpeg 1536w, https:\/\/modul1flensburg.eu\/wp-content\/uploads\/2024\/07\/IMG_6948-2048x1536.jpeg 2048w\" sizes=\"(max-width: 701px) 100vw, 701px\" \/><\/a><figcaption class=\"wp-element-caption\">Seerosen als Radierung, Bl\u00e4tter als Holzschnitt, fehlen noch die Kois \u2013 ROSA BRUHNS bei der Planung zu ihrer Ausstellung<\/figcaption><\/figure>\n","protected":false},"excerpt":{"rendered":"<p>Eine druckgrafische Installation im Raum. Derzeit zeigt ROSA BRUHNS eine Ausstellung, in der sich die traditionellen Techniken des Holzschnitts und der Radierung zu einer spannenden r\u00e4umlichen Installation vereinen \u2013 inspiriert von der \u00e4sthetischen Sch\u00f6nheit und Symbolik japanischer Kois und Seerosen. Die Holzschnitte erfassen die kraftvolle und pr\u00e4chtige Form der Seerosen, w\u00e4hrend die feinen Linien der [&hellip;]<\/p>\n","protected":false},"author":2,"featured_media":0,"comment_status":"closed","ping_status":"","sticky":false,"template":"","format":"standard","meta":[],"categories":[1,58],"tags":[59,19],"_links":{"self":[{"href":"https:\/\/modul1flensburg.eu\/index.php?rest_route=\/wp\/v2\/posts\/3343"}],"collection":[{"href":"https:\/\/modul1flensburg.eu\/index.php?rest_route=\/wp\/v2\/posts"}],"about":[{"href":"https:\/\/modul1flensburg.eu\/index.php?rest_route=\/wp\/v2\/types\/post"}],"author":[{"embeddable":true,"href":"https:\/\/modul1flensburg.eu\/index.php?rest_route=\/wp\/v2\/users\/2"}],"replies":[{"embeddable":true,"href":"https:\/\/modul1flensburg.eu\/index.php?rest_route=%2Fwp%2Fv2%2Fcomments&post=3343"}],"version-history":[{"count":8,"href":"https:\/\/modul1flensburg.eu\/index.php?rest_route=\/wp\/v2\/posts\/3343\/revisions"}],"predecessor-version":[{"id":3356,"href":"https:\/\/modul1flensburg.eu\/index.php?rest_route=\/wp\/v2\/posts\/3343\/revisions\/3356"}],"wp:attachment":[{"href":"https:\/\/modul1flensburg.eu\/index.php?rest_route=%2Fwp%2Fv2%2Fmedia&parent=3343"}],"wp:term":[{"taxonomy":"category","embeddable":true,"href":"https:\/\/modul1flensburg.eu\/index.php?rest_route=%2Fwp%2Fv2%2Fcategories&post=3343"},{"taxonomy":"post_tag","embeddable":true,"href":"https:\/\/modul1flensburg.eu\/index.php?rest_route=%2Fwp%2Fv2%2Ftags&post=3343"}],"curies":[{"name":"wp","href":"https:\/\/api.w.org\/{rel}","templated":true}]}}