{"id":3359,"date":"2024-09-08T15:16:47","date_gmt":"2024-09-08T15:16:47","guid":{"rendered":"https:\/\/modul1flensburg.eu\/?p=3359"},"modified":"2024-09-08T15:16:47","modified_gmt":"2024-09-08T15:16:47","slug":"leute-von-nebenan-tag-und-nacht","status":"publish","type":"post","link":"https:\/\/modul1flensburg.eu\/?p=3359","title":{"rendered":"Leute von Nebenan &#8211; Tag und Nacht"},"content":{"rendered":"\n<pre class=\"wp-block-preformatted has-vivid-red-color has-text-color\"><strong>Nikola Dicke, Juliane Pieper und K\u00e4the Wenzel haben ein Konzept f\u00fcr eine Ausstellung im \u00f6ffentlichen Raum Flensburgs und f\u00fcr den Ausstellungsraum MODUL 1 entwickelt und setzen dieses jetzt um \u2013 begleitet von Workshops im Jugendzentrum AAK.<\/strong><\/pre>\n\n\n\n<p><strong>Die Flensburger Innenstadt<\/strong> ist stets bev\u00f6lkert von Einheimischen und Tourist<em>innen \u2013 und im September ebenfalls von gezeichneten Charakteren, die ihr einsames Dasein als Kunst im Ausstellungsraum MODUL 1 satt haben und ausbrechen. Die \u201eUrban Aliens\u201c, die die utopische Diversit\u00e4t der Gesellschaft repr\u00e4sentieren und damit auch die Menschen, die nebenan wohnen, erscheinen als Zeichnungen gedruckt auf Aufsteller und montiert in den Flensburger Stadtraum oder abends als mobile Projektionen auf den Fassaden der Flensburger Geb\u00e4ude. Diese Realcollagen laden Passant<\/em>innen ein, sich mit der Vielfalt und den liebenswerten Eigenarten ihrer Mitmenschen zu befassen und ver\u00e4ndern ihren allt\u00e4glichen \u2013 oft allzu gesch\u00e4ftm\u00e4\u00dfigen \u2013 Blick.<br><strong>Parallel findet im Ausstellungsraum MODUL1 <\/strong>in der Roten Stra\u00dfe 17 eine Ausstellung statt, in der die Originalzeichnungen von Juliane Pieper und K\u00e4the Wenzel und weitere animierte Projektionen von Nikola DIcke zu den \u201eLeuten von Nebenan\u201c zu entdecken sind. Interessierte sind au\u00dferdem eingeladen im Jugendzentrum AAK an Workshops teilzunehmen, in denen sie selbst \u201eUrban Aliens\u201c zeichnen und zu Gif-Animationen verarbeiten k\u00f6nnen. Diese Gif-Animationen werden im Anschluss an die Ausstellungser\u00f6ffnung im MODUL 1 am 12. September 2024 als mobile Projektionen per akkubetriebenem Minibeamer und per Handwagen-bewegtem lichtstarken Beamer an die Flensburger Fassaden projiziert. Passant*innen begegnen also den gezeichneten \u201eUrban Aliens\u201c sowohl bei Tag als auch bei Nacht.<\/p>\n\n\n\n<p class=\"has-text-color has-background\" style=\"color:#26770b;background-color:#f2f20e\"><strong>Leute von Nebenan&nbsp;<br>Juliane Piper, Nikola Dicke, K\u00e4the Wenzel <\/strong><br><strong>Er\u00f6ffnung 12. September 19 Uhr<\/strong><br>Ausstellung im MODUL 1&nbsp;\u2022 Rote Stra\u00dfe 17<br>Do, 12.09. &#8211; So, 24.09.&nbsp;<br>\u00d6ffnungszeiten Fr-So 15-18 Uhr&nbsp;<\/p>\n\n\n\n<p class=\"has-text-color\" style=\"color:#26770b\"><strong>Infos:<\/strong> <br>Juliane Piper &gt; <a rel=\"noreferrer noopener\" href=\"http:\/\/www.julianepieper.com\" data-type=\"URL\" data-id=\"www.julianepieper.com\" target=\"_blank\">www.julianepieper.com<\/a><br>Nicola Dicke &gt;<a rel=\"noreferrer noopener\" href=\"http:\/\/www.nikoladicke.de\" data-type=\"URL\" data-id=\"www.nikoladicke.de\" target=\"_blank\"> www.nikoladicke.de<\/a> <br>K\u00e4the Wenzel &gt; <a rel=\"noreferrer noopener\" href=\"http:\/\/www.kaethewenzel.de\" data-type=\"URL\" data-id=\"www.kaethewenzel.de\" target=\"_blank\">www.kaethewenzel.de<\/a>  &gt; <a href=\"http:\/\/www.globalupfitters.com\" data-type=\"URL\" data-id=\"www.globalupfitters.com\">www.globalupfitters.com <\/a><\/p>\n\n\n\n<figure class=\"wp-block-image size-large\"><a href=\"https:\/\/modul1flensburg.eu\/wp-content\/uploads\/2024\/09\/Nebenan-Totale-scaled.jpg\"><img decoding=\"async\" loading=\"lazy\" width=\"1024\" height=\"504\" src=\"https:\/\/modul1flensburg.eu\/wp-content\/uploads\/2024\/09\/Nebenan-Totale-1024x504.jpg\" alt=\"\" class=\"wp-image-3362\" srcset=\"https:\/\/modul1flensburg.eu\/wp-content\/uploads\/2024\/09\/Nebenan-Totale-1024x504.jpg 1024w, https:\/\/modul1flensburg.eu\/wp-content\/uploads\/2024\/09\/Nebenan-Totale-300x148.jpg 300w, https:\/\/modul1flensburg.eu\/wp-content\/uploads\/2024\/09\/Nebenan-Totale-768x378.jpg 768w, https:\/\/modul1flensburg.eu\/wp-content\/uploads\/2024\/09\/Nebenan-Totale-1536x757.jpg 1536w, https:\/\/modul1flensburg.eu\/wp-content\/uploads\/2024\/09\/Nebenan-Totale-2048x1009.jpg 2048w\" sizes=\"(max-width: 1024px) 100vw, 1024px\" \/><\/a><figcaption class=\"wp-element-caption\">&#8222;Leute von Nebenan&#8220; verlassen das MODUL1 und str\u00f6men in die Flensburger Innenstadt<\/figcaption><\/figure>\n\n\n\n<p><img decoding=\"async\" loading=\"lazy\" width=\"2560\" height=\"1606\" class=\"wp-image-3368\" style=\"width: 2800px;\" src=\"https:\/\/modul1flensburg.eu\/wp-content\/uploads\/2024\/09\/Neu-Nebenan-scaled.jpg\" alt=\"\" srcset=\"https:\/\/modul1flensburg.eu\/wp-content\/uploads\/2024\/09\/Neu-Nebenan-scaled.jpg 2560w, https:\/\/modul1flensburg.eu\/wp-content\/uploads\/2024\/09\/Neu-Nebenan-300x188.jpg 300w, https:\/\/modul1flensburg.eu\/wp-content\/uploads\/2024\/09\/Neu-Nebenan-1024x642.jpg 1024w, https:\/\/modul1flensburg.eu\/wp-content\/uploads\/2024\/09\/Neu-Nebenan-768x482.jpg 768w, https:\/\/modul1flensburg.eu\/wp-content\/uploads\/2024\/09\/Neu-Nebenan-1536x964.jpg 1536w, https:\/\/modul1flensburg.eu\/wp-content\/uploads\/2024\/09\/Neu-Nebenan-2048x1285.jpg 2048w\" sizes=\"(max-width: 2560px) 100vw, 2560px\" \/><br><\/p>\n\n\n\n<p class=\"has-text-color\" style=\"color:#26770b\"><br><\/p>\n\n\n\n<p><\/p>\n\n\n\n<p><\/p>\n\n\n\n<p><\/p>\n","protected":false},"excerpt":{"rendered":"<p>Nikola Dicke, Juliane Pieper und K\u00e4the Wenzel haben ein Konzept f\u00fcr eine Ausstellung im \u00f6ffentlichen Raum Flensburgs und f\u00fcr den Ausstellungsraum MODUL 1 entwickelt und setzen dieses jetzt um \u2013 begleitet von Workshops im Jugendzentrum AAK. Die Flensburger Innenstadt ist stets bev\u00f6lkert von Einheimischen und Touristinnen \u2013 und im September ebenfalls von gezeichneten Charakteren, die [&hellip;]<\/p>\n","protected":false},"author":2,"featured_media":0,"comment_status":"closed","ping_status":"","sticky":false,"template":"","format":"standard","meta":[],"categories":[1],"tags":[59,19],"_links":{"self":[{"href":"https:\/\/modul1flensburg.eu\/index.php?rest_route=\/wp\/v2\/posts\/3359"}],"collection":[{"href":"https:\/\/modul1flensburg.eu\/index.php?rest_route=\/wp\/v2\/posts"}],"about":[{"href":"https:\/\/modul1flensburg.eu\/index.php?rest_route=\/wp\/v2\/types\/post"}],"author":[{"embeddable":true,"href":"https:\/\/modul1flensburg.eu\/index.php?rest_route=\/wp\/v2\/users\/2"}],"replies":[{"embeddable":true,"href":"https:\/\/modul1flensburg.eu\/index.php?rest_route=%2Fwp%2Fv2%2Fcomments&post=3359"}],"version-history":[{"count":8,"href":"https:\/\/modul1flensburg.eu\/index.php?rest_route=\/wp\/v2\/posts\/3359\/revisions"}],"predecessor-version":[{"id":3369,"href":"https:\/\/modul1flensburg.eu\/index.php?rest_route=\/wp\/v2\/posts\/3359\/revisions\/3369"}],"wp:attachment":[{"href":"https:\/\/modul1flensburg.eu\/index.php?rest_route=%2Fwp%2Fv2%2Fmedia&parent=3359"}],"wp:term":[{"taxonomy":"category","embeddable":true,"href":"https:\/\/modul1flensburg.eu\/index.php?rest_route=%2Fwp%2Fv2%2Fcategories&post=3359"},{"taxonomy":"post_tag","embeddable":true,"href":"https:\/\/modul1flensburg.eu\/index.php?rest_route=%2Fwp%2Fv2%2Ftags&post=3359"}],"curies":[{"name":"wp","href":"https:\/\/api.w.org\/{rel}","templated":true}]}}