{"id":3371,"date":"2024-09-29T14:50:43","date_gmt":"2024-09-29T14:50:43","guid":{"rendered":"https:\/\/modul1flensburg.eu\/?p=3371"},"modified":"2024-10-01T17:23:36","modified_gmt":"2024-10-01T17:23:36","slug":"das-gefuehl-sensorischer-ueberforderung-installation-im-modul1","status":"publish","type":"post","link":"https:\/\/modul1flensburg.eu\/?p=3371","title":{"rendered":"Das Gef\u00fchl sensorischer \u00dcberforderung &#8211; Installation im MODUL1"},"content":{"rendered":"\n<p><strong><u>Wie f\u00fchlt es sich an, st\u00e4ndig gegen den Sturm jedes einzelnen Reizes zu k\u00e4mpen?<\/u><\/strong><\/p>\n\n\n\n<p>Im Rahmen ihrer Bachelorarbeit l\u00e4dt <em>NINA KRAHN<\/em> zu einer Rauminstallation ein, die sich mit der Thematik der \u00dcberstimulierung und Reiz\u00fcberflutung bei ADHS auseinandersetzt.<\/p>\n\n\n\n<p>Die immersive Installation vermittelt ein Gef\u00fchl von sensorischer \u00dcberforderung und zeigt die Wahrnehmung von <em>Nina Kra<\/em>hn von einem Alltag mit ADHS \u2013 Sie l\u00e4dt ein, diesen Raum visuell, haptisch sowie auditiv wahrzunehmen.<\/p>\n\n\n\n<p class=\"has-vivid-cyan-blue-color has-text-color\"><strong>Austellung am 4.10. und 5.10. im <\/strong><br><strong>MODUL1 Rote Stra\u00dfe 15<\/strong><\/p>\n\n\n\n<p>Freitag um 19.30 Uhr\u00a0und\u00a0Samstag von 12-15 Uhr.<\/p>\n\n\n\n<figure class=\"wp-block-image size-large is-resized\"><a href=\"https:\/\/modul1flensburg.eu\/wp-content\/uploads\/2024\/09\/modul1-2.png\"><img decoding=\"async\" loading=\"lazy\" src=\"https:\/\/modul1flensburg.eu\/wp-content\/uploads\/2024\/09\/modul1-2-811x1024.png\" alt=\"\" class=\"wp-image-3373\" width=\"446\" height=\"563\" srcset=\"https:\/\/modul1flensburg.eu\/wp-content\/uploads\/2024\/09\/modul1-2-811x1024.png 811w, https:\/\/modul1flensburg.eu\/wp-content\/uploads\/2024\/09\/modul1-2-238x300.png 238w, https:\/\/modul1flensburg.eu\/wp-content\/uploads\/2024\/09\/modul1-2-768x970.png 768w, https:\/\/modul1flensburg.eu\/wp-content\/uploads\/2024\/09\/modul1-2-1216x1536.png 1216w, https:\/\/modul1flensburg.eu\/wp-content\/uploads\/2024\/09\/modul1-2-1622x2048.png 1622w, https:\/\/modul1flensburg.eu\/wp-content\/uploads\/2024\/09\/modul1-2.png 2048w\" sizes=\"(max-width: 446px) 100vw, 446px\" \/><\/a><\/figure>\n","protected":false},"excerpt":{"rendered":"<p>Wie f\u00fchlt es sich an, st\u00e4ndig gegen den Sturm jedes einzelnen Reizes zu k\u00e4mpen? Im Rahmen ihrer Bachelorarbeit l\u00e4dt NINA KRAHN zu einer Rauminstallation ein, die sich mit der Thematik der \u00dcberstimulierung und Reiz\u00fcberflutung bei ADHS auseinandersetzt. Die immersive Installation vermittelt ein Gef\u00fchl von sensorischer \u00dcberforderung und zeigt die Wahrnehmung von Nina Krahn von einem [&hellip;]<\/p>\n","protected":false},"author":2,"featured_media":0,"comment_status":"closed","ping_status":"","sticky":false,"template":"","format":"standard","meta":[],"categories":[1,58],"tags":[59,19],"_links":{"self":[{"href":"https:\/\/modul1flensburg.eu\/index.php?rest_route=\/wp\/v2\/posts\/3371"}],"collection":[{"href":"https:\/\/modul1flensburg.eu\/index.php?rest_route=\/wp\/v2\/posts"}],"about":[{"href":"https:\/\/modul1flensburg.eu\/index.php?rest_route=\/wp\/v2\/types\/post"}],"author":[{"embeddable":true,"href":"https:\/\/modul1flensburg.eu\/index.php?rest_route=\/wp\/v2\/users\/2"}],"replies":[{"embeddable":true,"href":"https:\/\/modul1flensburg.eu\/index.php?rest_route=%2Fwp%2Fv2%2Fcomments&post=3371"}],"version-history":[{"count":4,"href":"https:\/\/modul1flensburg.eu\/index.php?rest_route=\/wp\/v2\/posts\/3371\/revisions"}],"predecessor-version":[{"id":3376,"href":"https:\/\/modul1flensburg.eu\/index.php?rest_route=\/wp\/v2\/posts\/3371\/revisions\/3376"}],"wp:attachment":[{"href":"https:\/\/modul1flensburg.eu\/index.php?rest_route=%2Fwp%2Fv2%2Fmedia&parent=3371"}],"wp:term":[{"taxonomy":"category","embeddable":true,"href":"https:\/\/modul1flensburg.eu\/index.php?rest_route=%2Fwp%2Fv2%2Fcategories&post=3371"},{"taxonomy":"post_tag","embeddable":true,"href":"https:\/\/modul1flensburg.eu\/index.php?rest_route=%2Fwp%2Fv2%2Ftags&post=3371"}],"curies":[{"name":"wp","href":"https:\/\/api.w.org\/{rel}","templated":true}]}}